{"id":1283097,"date":"2026-09-05T22:20:18","date_gmt":"2026-09-05T22:20:18","guid":{"rendered":"https:\/\/www.europesays.com\/de\/1283097\/"},"modified":"2026-09-05T22:20:18","modified_gmt":"2026-09-05T22:20:18","slug":"russland-gespraeche-mit-us-vertretern-putin-bleibt-bei-seinen-zielen","status":"publish","type":"post","link":"https:\/\/www.europesays.com\/de\/1283097\/","title":{"rendered":"Russland: Gespr\u00e4che mit US-Vertretern: Putin bleibt bei seinen Zielen"},"content":{"rendered":"<p>Newsblog zum Krieg in der Ukraine <\/p>\n<p>Gespr\u00e4che mit US-Vertretern: Putin bleibt bei seinen Zielen<\/p>\n<p>Aktualisiert am 05.09.2026 &#8211; 23:44 UhrLesedauer: 27 Min.<\/p>\n<p><a href=\"#focus-0\" class=\"transition-colors block text-current relative\" data-sctrack=\"FocusGalleryImage.Reference\"><img fetchpriority=\"high\" data-testid=\"Opener.Image\"   loading=\"eager\" src=\"https:\/\/www.europesays.com\/de\/wp-content\/uploads\/2026\/09\/jared-kushner-steve-witkoff-und-wladimir-putin-der-russische-praesident-hat-in-moskau-die-beiden-unt.jpeg\" alt=\"APTOPIX Russia US\" title=\"APTOPIX Russia US\" width=\"2048\" height=\"1152\" class=\"bg-[url:var(--lqipURL)] bg-cover bg-center flex h-full w-full max-w-full\" style=\"--lqipURL:url('https:\/\/images.t-online.de\/2026\/09\/iZh40AaYKZe6\/0x19:2048x1152\/fit-in\/150x0\/filters:blur(25)\/jared-kushner-steve-witkoff-und-wladimir-putin-der-russische-praesident-hat-in-moskau-die-beiden-unterhaendler-der-us-regierung-empfangen.jpg')\" decoding=\"async\"\/><img loading=\"lazy\" src=\"https:\/\/www.t-online.de\/s\/paper\/_next\/static\/media\/zoom-in.f7dae02f.svg\" alt=\"Vergr\u00f6\u00dfern des Bildes\" title=\"Vergr\u00f6\u00dfern des Bildes\" class=\"block h-[calc(var(--height)_\/_16_*_1rem)] w-[calc(var(--width)_\/_16_*_1rem)] max-w-none absolute right-8 bottom-8 rounded-4 bg-snow p-8\" style=\"--width:32;--height:32\" decoding=\"async\"\/><\/a><\/p>\n<p>Jared Kushner, Steve Witkoff und Wladimir Putin: Der russische Pr\u00e4sident hat in Moskau die beiden Unterh\u00e4ndler der US-Regierung empfangen. (Quelle: ap)<\/p>\n<p class=\"font-bold text-18 leading-17 user-text-lg:text-22 user-text-xl:text-24\">Steve Witkoff und Jared Kushner treffen Putin. Selenskyj schl\u00e4gt eine Feuerpause vor, Putin zieht nach. Alle Entwicklungen im Newsblog.<\/p>\n<p>Gespr\u00e4che mit US-Vertretern: Putin bleibt bei seinen Zielen<\/p>\n<p class=\"text-18 leading-17 user-text-lg:text-22 user-text-xl:text-24\">Die Gespr\u00e4che zwischen dem russischen Pr\u00e4sidenten <a href=\"https:\/\/www.t-online.de\/themen\/wladimir-putin\/\" class=\"transition-colors cursor-pointer no-underline md:hover:text-magenta md:focus:text-magenta border-b border-solid border-current text-salemsfur md:hover:border-magenta\" data-tracking=\"{&quot;action&quot;:&quot;click&quot;,&quot;category&quot;:&quot;intextLink&quot;,&quot;label&quot;:&quot;\/themen\/wladimir-putin\/&quot;}\" data-sctrack=\"BodyAnchor\" rel=\"nofollow noopener\" target=\"_blank\">Wladimir Putin<\/a> und Gesandten von US-Pr\u00e4sident <a href=\"https:\/\/www.t-online.de\/themen\/donald-trump\/\" class=\"transition-colors cursor-pointer no-underline md:hover:text-magenta md:focus:text-magenta border-b border-solid border-current text-salemsfur md:hover:border-magenta\" data-tracking=\"{&quot;action&quot;:&quot;click&quot;,&quot;category&quot;:&quot;intextLink&quot;,&quot;label&quot;:&quot;\/themen\/donald-trump\/&quot;}\" data-sctrack=\"BodyAnchor\" rel=\"nofollow noopener\" target=\"_blank\">Donald Trump<\/a> werden vom Kreml als &#8222;n\u00fctzlich&#8220; und &#8222;konstruktiv&#8220; bewertet. Es sei eine ganze Reihe von Ideen f\u00fcr eine friedliche L\u00f6sung formuliert worden, sagt Kreml-Berater Juri Uschakow.<\/p>\n<p class=\"text-18 leading-17 user-text-lg:text-22 user-text-xl:text-24\">Putin habe den Gesandten erkl\u00e4rt, <a href=\"https:\/\/www.t-online.de\/themen\/russland\/\" class=\"transition-colors cursor-pointer no-underline md:hover:text-magenta md:focus:text-magenta border-b border-solid border-current text-salemsfur md:hover:border-magenta\" data-tracking=\"{&quot;action&quot;:&quot;click&quot;,&quot;category&quot;:&quot;intextLink&quot;,&quot;label&quot;:&quot;\/themen\/russland\/&quot;}\" data-sctrack=\"BodyAnchor\" rel=\"nofollow noopener\" target=\"_blank\">Russland<\/a> werde seine Ziele erreichen und die eigentlichen Ursachen des Konflikts m\u00fcssten gel\u00f6st werden. Zudem habe Russland seine Einsch\u00e4tzung der Lage an der Front dargelegt.<\/p>\n<p>Neues Treffen im Ramstein-Format<\/p>\n<p class=\"text-18 leading-17 user-text-lg:text-22 user-text-xl:text-24\">Die <a href=\"https:\/\/www.t-online.de\/themen\/ukraine\/\" class=\"transition-colors cursor-pointer no-underline md:hover:text-magenta md:focus:text-magenta border-b border-solid border-current text-salemsfur md:hover:border-magenta\" data-tracking=\"{&quot;action&quot;:&quot;click&quot;,&quot;category&quot;:&quot;intextLink&quot;,&quot;label&quot;:&quot;\/themen\/ukraine\/&quot;}\" data-sctrack=\"BodyAnchor\" rel=\"nofollow noopener\" target=\"_blank\">Ukraine<\/a> und ihre westlichen Verb\u00fcndeten wollen bei einer neuen Sitzung der Ukraine-Kontaktgruppe in der n\u00e4chsten Woche \u00fcber weitere milit\u00e4rische Hilfe f\u00fcr das von Russland angegriffene Land beraten. Das teilte der ukrainische Verteidigungsminister Jewhenij Chmara nach einem Telefonat mit seinem deutschen Amtskollegen <a href=\"https:\/\/www.t-online.de\/themen\/boris-pistorius\/\" class=\"transition-colors cursor-pointer no-underline md:hover:text-magenta md:focus:text-magenta border-b border-solid border-current text-salemsfur md:hover:border-magenta\" data-tracking=\"{&quot;action&quot;:&quot;click&quot;,&quot;category&quot;:&quot;intextLink&quot;,&quot;label&quot;:&quot;\/themen\/boris-pistorius\/&quot;}\" data-sctrack=\"BodyAnchor\" rel=\"nofollow noopener\" target=\"_blank\">Boris Pistorius<\/a> (SPD) mit. Ein Datum f\u00fcr das Treffen im sogenannten Ramstein-Format nannte Chmara nicht.<\/p>\n<p>Gespr\u00e4ch mit Putin beendet<\/p>\n<p class=\"text-18 leading-17 user-text-lg:text-22 user-text-xl:text-24\">In <a href=\"https:\/\/www.t-online.de\/themen\/moskau\/\" class=\"transition-colors cursor-pointer no-underline md:hover:text-magenta md:focus:text-magenta border-b border-solid border-current text-salemsfur md:hover:border-magenta\" data-tracking=\"{&quot;action&quot;:&quot;click&quot;,&quot;category&quot;:&quot;intextLink&quot;,&quot;label&quot;:&quot;\/themen\/moskau\/&quot;}\" data-sctrack=\"BodyAnchor\" rel=\"nofollow noopener\" target=\"_blank\">Moskau<\/a> sind die kurzfristig anberaumten neuen Gespr\u00e4che zum russischen Angriffskrieg in der Ukraine zwischen Kremlchef Wladimir Putin und den US-Unterh\u00e4ndlern Steve Witkoff und <a href=\"https:\/\/www.t-online.de\/themen\/jared-kushner\/\" class=\"transition-colors cursor-pointer no-underline md:hover:text-magenta md:focus:text-magenta border-b border-solid border-current text-salemsfur md:hover:border-magenta\" data-tracking=\"{&quot;action&quot;:&quot;click&quot;,&quot;category&quot;:&quot;intextLink&quot;,&quot;label&quot;:&quot;\/themen\/jared-kushner\/&quot;}\" data-sctrack=\"BodyAnchor\" rel=\"nofollow noopener\" target=\"_blank\">Jared Kushner<\/a> zu Ende gegangen. Nach etwa dreist\u00fcndigen Unterredungen verlie\u00dfen die beiden Gesandten von US-Pr\u00e4sident Donald Trump in der Nacht den Kreml, wie Staatsmedien berichteten und dazu auch ein Video der Fahrzeugkolonne ver\u00f6ffentlichten.<\/p>\n<p class=\"text-18 leading-17 user-text-lg:text-22 user-text-xl:text-24\">Der hochrangige russische Regierungsvertreter Kirill Dmitrijew bezeichnet die Reise der Ukraine-Gesandten des US-Pr\u00e4sidenten Donald Trump nach Moskau als &#8222;wichtigen Friedensbesuch&#8220;.<\/p>\n<p class=\"text-18 leading-17 user-text-lg:text-22 user-text-xl:text-24\">Witkoff und Trumps Schwiegersohn wollen nach <a href=\"https:\/\/www.t-online.de\/themen\/kiew\/\" class=\"transition-colors cursor-pointer no-underline md:hover:text-magenta md:focus:text-magenta border-b border-solid border-current text-salemsfur md:hover:border-magenta\" data-tracking=\"{&quot;action&quot;:&quot;click&quot;,&quot;category&quot;:&quot;intextLink&quot;,&quot;label&quot;:&quot;\/themen\/kiew\/&quot;}\" data-sctrack=\"BodyAnchor\" rel=\"nofollow noopener\" target=\"_blank\">Kiew<\/a> weiterreisen, wo sie an diesem Sonntag vom ukrainischen Pr\u00e4sidenten <a href=\"https:\/\/www.t-online.de\/themen\/wolodymyr-selenskyj\/\" class=\"transition-colors cursor-pointer no-underline md:hover:text-magenta md:focus:text-magenta border-b border-solid border-current text-salemsfur md:hover:border-magenta\" data-tracking=\"{&quot;action&quot;:&quot;click&quot;,&quot;category&quot;:&quot;intextLink&quot;,&quot;label&quot;:&quot;\/themen\/wolodymyr-selenskyj\/&quot;}\" data-sctrack=\"BodyAnchor\" rel=\"nofollow noopener\" target=\"_blank\">Wolodymyr Selenskyj<\/a> empfangen werden. Nach Angaben von Kremlsprecher Dmitri Peskow hatten die US-Unterh\u00e4ndler neue Vorschl\u00e4ge im Gep\u00e4ck gehabt. Peskow nannte keine Details. Auch Trump hatte gesagt, dass Witkoff und Kushner einen Vorschlag mitbr\u00e4chten.<\/p>\n<p>Putin: &#8222;Situation nicht einfach&#8220;<\/p>\n<p class=\"text-18 leading-17 user-text-lg:text-22 user-text-xl:text-24\">Im Moskau haben die Gespr\u00e4che zwischen dem russischen Pr\u00e4sidenten Wladimir Putin und den US-Gesandten Steve Witkoff und Jared Kushner \u00fcber den Ukraine-Krieg begonnen. &#8222;Die Situation ist nat\u00fcrlich nicht einfach&#8220;, sagte Putin den US-Gesandten in einem vom russischen Staatsfernsehen \u00fcbertragenen Video. Witkoff und Kushner werden anschlie\u00dfend zu Gespr\u00e4chen in der ukrainischen Hauptstadt Kiew erwartet.<\/p>\n<p class=\"text-18 leading-17 user-text-lg:text-22 user-text-xl:text-24\">US-Pr\u00e4sident Donald Trump hatte Witkoff und seinen Schwiegersohn Kushner am Freitag als &#8222;zwei gro\u00dfartige Verhandler&#8220; bezeichnet. Er f\u00fcgte hinzu: &#8222;Wir haben sie hingeschickt, um zu sehen, ob wir etwas erreichen k\u00f6nnen&#8220;.<\/p>\n<p class=\"text-18 leading-17 user-text-lg:text-22 user-text-xl:text-24\">Russland f\u00fchrt seit Februar 2022 eine gro\u00dfangelegte Offensive in der Ukraine. Die ukrainische Armee reagiert unter anderem mit Luftangriffen auf Ziele in Russland.<\/p>\n","protected":false},"excerpt":{"rendered":"Newsblog zum Krieg in der Ukraine Gespr\u00e4che mit US-Vertretern: Putin bleibt bei seinen Zielen Aktualisiert am 05.09.2026 &#8211;&hellip;\n","protected":false},"author":2,"featured_media":1282668,"comment_status":"","ping_status":"","sticky":false,"template":"","format":"standard","meta":{"footnotes":"","_share_on_mastodon":"0"},"categories":[4013],"tags":[1217,326,6079,522,331,332,2140,264565,1179,31,29,8331,106,22461,7563,775,325,13,120304,245407,27713,5793,6738,4045,5020,71,44497,308,14,1159,15,3129,4043,4044,850,307,6402,12,184,14564,317,312,64,306,107],"class_list":["post-1283097","post","type-post","status-publish","format-standard","has-post-thumbnail","category-russland","tag-1217","tag-326","tag-6079","tag-522","tag-aktuelle-nachrichten","tag-aktuelle-news","tag-angriff","tag-angriffspause","tag-boris-pistorius","tag-cdu","tag-deutschland","tag-dmitri-peskow","tag-donald-trump","tag-feuerpause","tag-flughafen-leipzig-halle","tag-friedrich-merz","tag-geheimdienst","tag-headlines","tag-jared-kushner","tag-jewhenij-chmara","tag-juri-uschakow","tag-kiew","tag-kirill-dmitrijew","tag-konflikt","tag-kreml","tag-leipzig","tag-matthew-whitaker","tag-moskau","tag-nachrichten","tag-nato","tag-news","tag-newsblog","tag-russia","tag-russian-federation","tag-russische-foederation","tag-russland","tag-schiff","tag-schlagzeilen","tag-spd","tag-steve-witkoff","tag-ukraine","tag-ukrainekrieg","tag-usa","tag-wladimir-putin","tag-wolodymyr-selenskyj"],"share_on_mastodon":{"url":"","error":""},"_links":{"self":[{"href":"https:\/\/www.europesays.com\/de\/wp-json\/wp\/v2\/posts\/1283097","targetHints":{"allow":["GET"]}}],"collection":[{"href":"https:\/\/www.europesays.com\/de\/wp-json\/wp\/v2\/posts"}],"about":[{"href":"https:\/\/www.europesays.com\/de\/wp-json\/wp\/v2\/types\/post"}],"author":[{"embeddable":true,"href":"https:\/\/www.europesays.com\/de\/wp-json\/wp\/v2\/users\/2"}],"replies":[{"embeddable":true,"href":"https:\/\/www.europesays.com\/de\/wp-json\/wp\/v2\/comments?post=1283097"}],"version-history":[{"count":0,"href":"https:\/\/www.europesays.com\/de\/wp-json\/wp\/v2\/posts\/1283097\/revisions"}],"wp:featuredmedia":[{"embeddable":true,"href":"https:\/\/www.europesays.com\/de\/wp-json\/wp\/v2\/media\/1282668"}],"wp:attachment":[{"href":"https:\/\/www.europesays.com\/de\/wp-json\/wp\/v2\/media?parent=1283097"}],"wp:term":[{"taxonomy":"category","embeddable":true,"href":"https:\/\/www.europesays.com\/de\/wp-json\/wp\/v2\/categories?post=1283097"},{"taxonomy":"post_tag","embeddable":true,"href":"https:\/\/www.europesays.com\/de\/wp-json\/wp\/v2\/tags?post=1283097"}],"curies":[{"name":"wp","href":"https:\/\/api.w.org\/{rel}","templated":true}]}}