{"id":1283111,"date":"2026-09-05T22:32:24","date_gmt":"2026-09-05T22:32:24","guid":{"rendered":"https:\/\/www.europesays.com\/de\/1283111\/"},"modified":"2026-09-05T22:32:24","modified_gmt":"2026-09-05T22:32:24","slug":"bundesliga-fc-bayern-laesst-punkte-gegen-schalke-liegen","status":"publish","type":"post","link":"https:\/\/www.europesays.com\/de\/1283111\/","title":{"rendered":"Bundesliga: FC Bayern l\u00e4sst Punkte gegen Schalke liegen"},"content":{"rendered":"<p class=\"text-18 leading-17 user-text-lg:text-22 user-text-xl:text-24\">Der 40-j\u00e4hrige Neuer, der bei seinem wom\u00f6glich letzten Auftritt in seiner alten sportlichen Heimat bei jeder Ballber\u00fchrung ausgepfiffen wurde, sah von hinten durchaus nerv\u00f6se Bayern. Bei einem Foul an Upamecano sprang sogar Kane von der Bank auf und protestierte beim vierten Offiziellen. Nach der Pause durfte der Engl\u00e4nder dann auch selbst auf dem Platz mitwirken, wenig sp\u00e4ter brachte Kompany zudem Musiala und Olise \u2013 und damit deutlich mehr Spielfreude.<\/p>\n<p class=\"text-18 leading-17 user-text-lg:text-22 user-text-xl:text-24\">Die Bayern schn\u00fcrten Schalke rund um den eigenen Sechzehner ein, die K\u00f6nigsblauen warfen sich in jeden Ball. Olise (59.) und Kane (87.) scheiterten einmal mehr an Karius, Konrad Laimer am Au\u00dfennetz (64.).<\/p>\n","protected":false},"excerpt":{"rendered":"Der 40-j\u00e4hrige Neuer, der bei seinem wom\u00f6glich letzten Auftritt in seiner alten sportlichen Heimat bei jeder Ballber\u00fchrung ausgepfiffen&hellip;\n","protected":false},"author":2,"featured_media":1283112,"comment_status":"","ping_status":"","sticky":false,"template":"","format":"standard","meta":{"footnotes":"","_share_on_mastodon":"0"},"categories":[5],"tags":[331,332,2294,772,468,3364,29,458,3158,485,30,11709,13,27963,100713,45759,14,15,2601,23396,12,226,1086],"class_list":["post-1283111","post","type-post","status-publish","format-standard","has-post-thumbnail","category-nachrichten","tag-aktuelle-nachrichten","tag-aktuelle-news","tag-bank","tag-bayern","tag-champions-league","tag-de","tag-deutschland","tag-fc-bayern-muenchen","tag-fc-schalke-04","tag-fussball-bundesliga","tag-germany","tag-harry-kane","tag-headlines","tag-heidenheim","tag-loris-karius","tag-michael-olise","tag-nachrichten","tag-news","tag-robin-gosens","tag-schalke","tag-schlagzeilen","tag-t-online","tag-vincent-kompany"],"share_on_mastodon":{"url":"https:\/\/pubeurope.com\/@de\/117220811952509800","error":""},"_links":{"self":[{"href":"https:\/\/www.europesays.com\/de\/wp-json\/wp\/v2\/posts\/1283111","targetHints":{"allow":["GET"]}}],"collection":[{"href":"https:\/\/www.europesays.com\/de\/wp-json\/wp\/v2\/posts"}],"about":[{"href":"https:\/\/www.europesays.com\/de\/wp-json\/wp\/v2\/types\/post"}],"author":[{"embeddable":true,"href":"https:\/\/www.europesays.com\/de\/wp-json\/wp\/v2\/users\/2"}],"replies":[{"embeddable":true,"href":"https:\/\/www.europesays.com\/de\/wp-json\/wp\/v2\/comments?post=1283111"}],"version-history":[{"count":0,"href":"https:\/\/www.europesays.com\/de\/wp-json\/wp\/v2\/posts\/1283111\/revisions"}],"wp:featuredmedia":[{"embeddable":true,"href":"https:\/\/www.europesays.com\/de\/wp-json\/wp\/v2\/media\/1283112"}],"wp:attachment":[{"href":"https:\/\/www.europesays.com\/de\/wp-json\/wp\/v2\/media?parent=1283111"}],"wp:term":[{"taxonomy":"category","embeddable":true,"href":"https:\/\/www.europesays.com\/de\/wp-json\/wp\/v2\/categories?post=1283111"},{"taxonomy":"post_tag","embeddable":true,"href":"https:\/\/www.europesays.com\/de\/wp-json\/wp\/v2\/tags?post=1283111"}],"curies":[{"name":"wp","href":"https:\/\/api.w.org\/{rel}","templated":true}]}}