{"id":1283115,"date":"2026-09-05T22:34:18","date_gmt":"2026-09-05T22:34:18","guid":{"rendered":"https:\/\/www.europesays.com\/de\/1283115\/"},"modified":"2026-09-05T22:34:18","modified_gmt":"2026-09-05T22:34:18","slug":"bornheim-walberberg-dj-oetzi-bei-feuerwehrfest-2027","status":"publish","type":"post","link":"https:\/\/www.europesays.com\/de\/1283115\/","title":{"rendered":"Bornheim-Walberberg: DJ \u00d6tzi bei Feuerwehrfest 2027"},"content":{"rendered":"<p>          Schlagerfestival in Bornheim        Freiwillige Feuerwehr holt DJ \u00d6tzi auf den Gem\u00fcsehof<\/p>\n<p class=\"text-50 desktop:text-70 park-container-small px-6 mb-10 desktop:mb-14\">Bornheim-Walberberg \u00b7 <strong data-cy=\"intro\" data-readtime-content=\"\">Die Freiwillige Feuerwehr Walberberg feiert ihr 125-j\u00e4hriges Bestehen mit einem Open-Air auf dem Hof eines Gem\u00fcsebauern. DJ \u00d6tzi, Anna-Carina Woitschack und Bernhard Brink kommen im Juni 2027. Nur Roland Kaiser war zu teuer.<\/strong><\/p>\n<p>                <img class=\"absolute inset-0 w-full h-full object-cover aspect-[16\/10] opacity-0 transition-opacity animated\" onload=\"this.style.opacity = '1';\" src=\"https:\/\/www.europesays.com\/de\/wp-content\/uploads\/2026\/09\/w2100_h1313_x2784_y1856_Feuerwehr_Walberberg_1-d82d5cd89c483e29.jpg\"  alt=\"Frederik Kurth, Jana Schwarz, Fabian Kuhl, Julia Breuer, Dirk Henseler und Christopher Linnertz (v.l.) freuen sich auf die gro\u00dfe Jubil\u00e4umsfeier im kommenden Jahr.\" fetchpriority=\"high\" decoding=\"async\" data-park-image-img=\"\"\/><\/p>\n","protected":false},"excerpt":{"rendered":"Schlagerfestival in Bornheim Freiwillige Feuerwehr holt DJ \u00d6tzi auf den Gem\u00fcsehof Bornheim-Walberberg \u00b7 Die Freiwillige Feuerwehr Walberberg feiert&hellip;\n","protected":false},"author":2,"featured_media":1283116,"comment_status":"","ping_status":"","sticky":false,"template":"","format":"standard","meta":{"footnotes":"","_share_on_mastodon":"0"},"categories":[1842],"tags":[1741,3364,29,30,1209],"class_list":["post-1283115","post","type-post","status-publish","format-standard","has-post-thumbnail","category-bonn","tag-bonn","tag-de","tag-deutschland","tag-germany","tag-nordrhein-westfalen"],"share_on_mastodon":{"url":"https:\/\/pubeurope.com\/@de\/117220822126663246","error":""},"_links":{"self":[{"href":"https:\/\/www.europesays.com\/de\/wp-json\/wp\/v2\/posts\/1283115","targetHints":{"allow":["GET"]}}],"collection":[{"href":"https:\/\/www.europesays.com\/de\/wp-json\/wp\/v2\/posts"}],"about":[{"href":"https:\/\/www.europesays.com\/de\/wp-json\/wp\/v2\/types\/post"}],"author":[{"embeddable":true,"href":"https:\/\/www.europesays.com\/de\/wp-json\/wp\/v2\/users\/2"}],"replies":[{"embeddable":true,"href":"https:\/\/www.europesays.com\/de\/wp-json\/wp\/v2\/comments?post=1283115"}],"version-history":[{"count":0,"href":"https:\/\/www.europesays.com\/de\/wp-json\/wp\/v2\/posts\/1283115\/revisions"}],"wp:featuredmedia":[{"embeddable":true,"href":"https:\/\/www.europesays.com\/de\/wp-json\/wp\/v2\/media\/1283116"}],"wp:attachment":[{"href":"https:\/\/www.europesays.com\/de\/wp-json\/wp\/v2\/media?parent=1283115"}],"wp:term":[{"taxonomy":"category","embeddable":true,"href":"https:\/\/www.europesays.com\/de\/wp-json\/wp\/v2\/categories?post=1283115"},{"taxonomy":"post_tag","embeddable":true,"href":"https:\/\/www.europesays.com\/de\/wp-json\/wp\/v2\/tags?post=1283115"}],"curies":[{"name":"wp","href":"https:\/\/api.w.org\/{rel}","templated":true}]}}