{"id":1283117,"date":"2026-09-05T22:35:26","date_gmt":"2026-09-05T22:35:26","guid":{"rendered":"https:\/\/www.europesays.com\/de\/1283117\/"},"modified":"2026-09-05T22:35:26","modified_gmt":"2026-09-05T22:35:26","slug":"heinz-erhardt-heinz-erhardts-nachlass-kommt-ins-haus-der-geschichte-in-bonn","status":"publish","type":"post","link":"https:\/\/www.europesays.com\/de\/1283117\/","title":{"rendered":"Heinz Erhardt: Heinz Erhardts Nachlass kommt ins Haus der Geschichte in Bonn"},"content":{"rendered":"<p class=\"paragraph article__item\">Der Nachlass des Komikers <a href=\"https:\/\/www.zeit.de\/thema\/heinz-erhardt\" target=\"_blank\" rel=\"nofollow noopener\">Heinz Erhardt<\/a> kommt 47 Jahre nach dessen Tod als Dauerleihgabe ins <a href=\"https:\/\/www.zeit.de\/2025\/10\/haus-der-geschichte-museum-sammlung-manfred-wichmann\" target=\"_blank\" rel=\"nofollow noopener\">Haus der Geschichte Bonn<\/a>. Zu der Sammlung geh\u00f6ren unter anderem 19 Tageb\u00fccher, Briefe an seine Frau, Fotos und Erhardts Schreibmaschine. Das berichtet der Spiegel.\u00a0Die Objekte sollen nun digitalisiert und katalogisiert werden, um sie voraussichtlich 2029 \u2013 zum 50. Todestag und 120. Geburtstag Erhardts \u2013 der \u00d6ffentlichkeit zu pr\u00e4sentieren.\n<\/p>\n<p class=\"paragraph article__item\">Bislang war der Nachlass in einem Keller in <a href=\"https:\/\/www.zeit.de\/hamburg\/index\" target=\"_blank\" rel=\"nofollow noopener\">Hamburg<\/a> eingelagert. M\u00f6glich wurde die \u00dcberf\u00fchrung dem Bericht zufolge, nachdem Erhardts Erben einen jahrelangen Streit beigelegt hatten. Erhardt sei ein Workaholic gewesen, sagte seine Enkelin Nicola Tyzskiewicz dem Nachrichtenmagazin. \u00bbEr hatte panische Angst, nach seinem Tod vergessen zu werden. Dagegen hat er angearbeitet, ohne R\u00fccksicht auf seine Gesundheit.\u00ab Heute sehe sie das als ihre Aufgabe.\n<\/p>\n<p>            Erhardt stehe f\u00fcr \u00bb\u00fcbergreifenden Zeitraum in der deutschen Geschichte\u00ab            <\/p>\n<p class=\"paragraph article__item\">Der Sammlungsdirektor des Hauses der Geschichte, Manfred Wichmann, begr\u00fcndete die Aufnahme des Nachlasses mit Erhardts Bedeutung f\u00fcr die deutsche Zeitgeschichte. Normalerweise nehme das Museum keine Nachl\u00e4sse an, sagte er dem Spiegel. Erhardt stehe jedoch \u00bbwie wenige andere Humoristen f\u00fcr einen \u00fcbergreifenden Zeitraum in der deutschen Geschichte\u00ab. Seine <a class=\"rtr-entity\" href=\"https:\/\/www.zeit.de\/thema\/film\" rel=\"nofollow noopener\" target=\"_blank\">Filme<\/a> beruhten auf einer genauen Beobachtung der damaligen gesellschaftlichen Sitten und k\u00f6nnten dabei helfen, die Zeit zu verstehen. Zugleich sei Erhardt \u00bbgenuin witzig\u00ab.\n<\/p>\n<p>                            \u00a9\u00a0Lea Dohle<\/p>\n<p>\n                                        Newsletter<br \/>\n                                        Was jetzt? \u2013 Der t\u00e4gliche Morgen\u00fcberblick<\/p>\n<p class=\"newsletter-signup__text\">Starten Sie mit unserem kurzen Nachrichten-Newsletter in den Tag. Erhalten Sie zudem freitags das digitale Magazin ZEIT am Wochenende.<\/p>\n<p class=\"newsletter-signup__datapolicy\" hidden=\"\">\n            Mit Ihrer Registrierung nehmen Sie die <a href=\"https:\/\/datenschutz.zeit.de\/zon#Newsletter\" target=\"_blank\" rel=\"nofollow noopener\">Datenschutzerkl\u00e4rung<\/a> zur Kenntnis.\n        <\/p>\n<p>    Vielen Dank! Wir haben Ihnen eine E-Mail geschickt.<\/p>\n<p>Pr\u00fcfen Sie Ihr Postfach und best\u00e4tigen Sie das Newsletter-Abonnement.<\/p>\n<p class=\"paragraph article__item\">Der Komiker, Musiker, Komponist, Schauspieler und Dichter wurde 1909 im lettischen Riga geboren und starb 1979 in Hamburg. Im Sommer 1945 zog er nach Hamburg, wo er f\u00fcr den NWDR gemeinsam mit Will Meyen die w\u00f6chentliche Sendereihe So was Dummes gestaltete und die Glosse der Woche schrieb. Sein Theaterdeb\u00fct gab <a class=\"rtr-entity\" href=\"https:\/\/www.zeit.de\/thema\/heinz-erhardt\" rel=\"nofollow noopener\" target=\"_blank\">Heinz Erhardt<\/a> 1946 in Hamburg. Nach ersten Nebenrollen arbeitete er ab Mitte der 1950er-Jahre immer h\u00e4ufiger und erfolgreicher <a href=\"https:\/\/www.zeit.de\/kultur\/film\/2015-01\/heinz-erhardt-unbekannter-film-geld-zurueck\" target=\"_blank\" rel=\"nofollow noopener\">beim Film<\/a>.\n<\/p>\n<p class=\"paragraph article__item\">Im Dezember 1971 erlitt er einen Schlaganfall und blieb halbseitig gel\u00e4hmt. Weil das Sprachzentrum besch\u00e4digt wurde, sprach er bis zu seinem Tod kein einziges Wort mehr.\n<\/p>\n<p>Mehr zum Thema<\/p>\n<p>            Heinz Erhardt        <\/p>\n<p>                <a href=\"https:\/\/www.zeit.de\/2009\/09\/Heinz-Erhardt-Noten\" data-ct-label=\"100 Jahre Heinz Erhardt: Der Komiker komponierte k\u00f6stliche Klaviermusik\" data-uuid=\"9f9993a0-8bc4-4cfc-83f3-91fd5f6970e8\" rel=\"nofollow noopener\" target=\"_blank\"><\/p>\n<p>        Z+ (registrierungspflichtiger Inhalt);<\/p>\n<p>    100 Jahre Heinz Erhardt:<br \/>\n                        Der Komiker komponierte k\u00f6stliche Klaviermusik<\/p>\n<p>                <\/a><\/p>\n<p>                <a href=\"https:\/\/www.zeit.de\/2009\/09\/Heinz-Erhardt\" data-ct-label=\"100. Geburtstag: So harmlos war er nicht\" data-uuid=\"c79a92cd-51b4-4bf5-83a7-e872e29d8136\" rel=\"nofollow noopener\" target=\"_blank\"><\/p>\n<p>        Z+ (registrierungspflichtiger Inhalt);<\/p>\n<p>    100. Geburtstag:<br \/>\n                        So harmlos war er nicht<\/p>\n<p>                <\/a><\/p>\n<p>                <a href=\"https:\/\/www.zeit.de\/2009\/09\/Heinz-Erhardt-Takase\" data-ct-label=\"100 Jahre Heinz Erhardt: Er konnte swingen\" data-uuid=\"db254e0f-d38a-402f-bb3e-6eaae6d14a02\" rel=\"nofollow noopener\" target=\"_blank\"><\/p>\n<p>        Z+ (registrierungspflichtiger Inhalt);<\/p>\n<p>    100 Jahre Heinz Erhardt:<br \/>\n                        Er konnte swingen<\/p>\n<p>                <\/a><\/p>\n","protected":false},"excerpt":{"rendered":"Der Nachlass des Komikers Heinz Erhardt kommt 47 Jahre nach dessen Tod als Dauerleihgabe ins Haus der Geschichte&hellip;\n","protected":false},"author":2,"featured_media":1283118,"comment_status":"","ping_status":"","sticky":false,"template":"","format":"standard","meta":{"footnotes":"","_share_on_mastodon":"0"},"categories":[1842],"tags":[22169,1741,3364,29,24704,30,1724,95,15405,1209],"class_list":["post-1283117","post","type-post","status-publish","format-standard","has-post-thumbnail","category-bonn","tag-heinz-erhardt","tag-bonn","tag-de","tag-deutschland","tag-erbe","tag-germany","tag-gesellschaft","tag-kino","tag-komik","tag-nordrhein-westfalen"],"share_on_mastodon":{"url":"https:\/\/pubeurope.com\/@de\/117220823664856795","error":""},"_links":{"self":[{"href":"https:\/\/www.europesays.com\/de\/wp-json\/wp\/v2\/posts\/1283117","targetHints":{"allow":["GET"]}}],"collection":[{"href":"https:\/\/www.europesays.com\/de\/wp-json\/wp\/v2\/posts"}],"about":[{"href":"https:\/\/www.europesays.com\/de\/wp-json\/wp\/v2\/types\/post"}],"author":[{"embeddable":true,"href":"https:\/\/www.europesays.com\/de\/wp-json\/wp\/v2\/users\/2"}],"replies":[{"embeddable":true,"href":"https:\/\/www.europesays.com\/de\/wp-json\/wp\/v2\/comments?post=1283117"}],"version-history":[{"count":0,"href":"https:\/\/www.europesays.com\/de\/wp-json\/wp\/v2\/posts\/1283117\/revisions"}],"wp:featuredmedia":[{"embeddable":true,"href":"https:\/\/www.europesays.com\/de\/wp-json\/wp\/v2\/media\/1283118"}],"wp:attachment":[{"href":"https:\/\/www.europesays.com\/de\/wp-json\/wp\/v2\/media?parent=1283117"}],"wp:term":[{"taxonomy":"category","embeddable":true,"href":"https:\/\/www.europesays.com\/de\/wp-json\/wp\/v2\/categories?post=1283117"},{"taxonomy":"post_tag","embeddable":true,"href":"https:\/\/www.europesays.com\/de\/wp-json\/wp\/v2\/tags?post=1283117"}],"curies":[{"name":"wp","href":"https:\/\/api.w.org\/{rel}","templated":true}]}}