{"id":1283147,"date":"2026-09-05T23:01:16","date_gmt":"2026-09-05T23:01:16","guid":{"rendered":"https:\/\/www.europesays.com\/de\/1283147\/"},"modified":"2026-09-05T23:01:16","modified_gmt":"2026-09-05T23:01:16","slug":"duesseldorf-ein-toter-nach-wohnungsbrand-in-bilk","status":"publish","type":"post","link":"https:\/\/www.europesays.com\/de\/1283147\/","title":{"rendered":"D\u00fcsseldorf: Ein Toter nach Wohnungsbrand in Bilk"},"content":{"rendered":"<p class=\"text_ohne_einzug richtext text-em-55 !leading-serif mx-6 desktop:mx-0\"> Am Samstagnachmittag meldeten Anrufer gegen 15.45 Uhr ein Brandereignis in einem Mehrfamilienhaus an der Bilker Allee in Unterbilk. Bereits beim Eintreffen der ersten Kr\u00e4fte stellten diese eine starke Rauchentwicklung aus einer Wohnung im dritten Obergeschoss des Geb\u00e4udes fest. Das Feuer konnte schnell unter Kontrolle gebracht werden. Drei Bewohner wurden allerdings leicht verletzt. F\u00fcr eine Person kam jede Hilfe zu sp\u00e4t. Die Kriminalpolizei hat die Ermittlungen zur Brandursache \u00fcbernommen.<\/p>\n<p class=\"richtext text-em-55 !leading-serif mx-6 desktop:mx-0\">Die ersten Einsatzkr\u00e4fte trafen nur drei Minuten nach der Alarmierung an der Einsatzstelle ein. Sofort nahmen die Feuerwehrleute die Brandbek\u00e4mpfung auf und suchten nach Menschen in dem Haus. Trotz des schnellen Eingreifens der Einsatzkr\u00e4fte verstarb ein Mensch in der Brandwohnung. Eine Ausbreitung des Feuers auf weitere Wohnungen verhinderten die Feuerwehrleute erfolgreich. Aufgrund der starken Rauchausbreitung sind mehrere Wohnungen des Geb\u00e4udes vorerst nicht bewohnbar.<\/p>\n<p class=\"richtext text-em-55 !leading-serif mx-6 desktop:mx-0\">Der Rettungsdienst untersuchte mehrere Bewohner des Geb\u00e4udes, da diese Brandrauch eingeatmet hatten. Drei von ihnen wurden zur weiteren medizinischen Behandlung in Krankenh\u00e4user transportiert.<\/p>\n<p class=\"richtext text-em-55 !leading-serif mx-6 desktop:mx-0\">Der Einsatz f\u00fcr die etwa 40 Einsatzkr\u00e4fte von <a href=\"https:\/\/rp-online.de\/thema\/feuerwehr\/\" rel=\"nofollow noopener\" target=\"_blank\">Feuerwehr<\/a> und Rettungsdienst dauerte rund zweieinhalb Stunden. W\u00e4hrend der Einsatzma\u00dfnahmen war die Bilker Allee im Bereich der Einsatzstelle vollst\u00e4ndig gesperrt. Im Anschluss wurde die Einsatzstelle zur weiteren Ermittlung an die <a href=\"https:\/\/rp-online.de\/thema\/polizei\/\" rel=\"nofollow noopener\" target=\"_blank\">Polizei<\/a> \u00fcbergeben.<\/p>\n","protected":false},"excerpt":{"rendered":"Am Samstagnachmittag meldeten Anrufer gegen 15.45 Uhr ein Brandereignis in einem Mehrfamilienhaus an der Bilker Allee in Unterbilk.&hellip;\n","protected":false},"author":2,"featured_media":1283148,"comment_status":"","ping_status":"","sticky":false,"template":"","format":"standard","meta":{"footnotes":"","_share_on_mastodon":"0"},"categories":[1831],"tags":[27248,18239,72326,3364,29,3405,588,9032,18470,987,985,24127,10019,30,10020,1209,3906,16025,626],"class_list":["post-1283147","post","type-post","status-publish","format-standard","has-post-thumbnail","category-duesseldorf","tag-allee","tag-bilk","tag-bilker","tag-de","tag-deutschland","tag-duesseldorf","tag-einsatz","tag-einsatzkraefte","tag-einsatzstelle","tag-feuer","tag-feuerwehr","tag-feuerwehrleute","tag-gebaeude","tag-germany","tag-kraefte","tag-nordrhein-westfalen","tag-rettungsdienst","tag-unterbilk","tag-wohnung"],"share_on_mastodon":{"url":"https:\/\/pubeurope.com\/@de\/117220926062821501","error":""},"_links":{"self":[{"href":"https:\/\/www.europesays.com\/de\/wp-json\/wp\/v2\/posts\/1283147","targetHints":{"allow":["GET"]}}],"collection":[{"href":"https:\/\/www.europesays.com\/de\/wp-json\/wp\/v2\/posts"}],"about":[{"href":"https:\/\/www.europesays.com\/de\/wp-json\/wp\/v2\/types\/post"}],"author":[{"embeddable":true,"href":"https:\/\/www.europesays.com\/de\/wp-json\/wp\/v2\/users\/2"}],"replies":[{"embeddable":true,"href":"https:\/\/www.europesays.com\/de\/wp-json\/wp\/v2\/comments?post=1283147"}],"version-history":[{"count":0,"href":"https:\/\/www.europesays.com\/de\/wp-json\/wp\/v2\/posts\/1283147\/revisions"}],"wp:featuredmedia":[{"embeddable":true,"href":"https:\/\/www.europesays.com\/de\/wp-json\/wp\/v2\/media\/1283148"}],"wp:attachment":[{"href":"https:\/\/www.europesays.com\/de\/wp-json\/wp\/v2\/media?parent=1283147"}],"wp:term":[{"taxonomy":"category","embeddable":true,"href":"https:\/\/www.europesays.com\/de\/wp-json\/wp\/v2\/categories?post=1283147"},{"taxonomy":"post_tag","embeddable":true,"href":"https:\/\/www.europesays.com\/de\/wp-json\/wp\/v2\/tags?post=1283147"}],"curies":[{"name":"wp","href":"https:\/\/api.w.org\/{rel}","templated":true}]}}