{"id":1283157,"date":"2026-09-05T23:07:18","date_gmt":"2026-09-05T23:07:18","guid":{"rendered":"https:\/\/www.europesays.com\/de\/1283157\/"},"modified":"2026-09-05T23:07:18","modified_gmt":"2026-09-05T23:07:18","slug":"umjubeltes-brings-konzert-vor-dem-koelner-dom","status":"publish","type":"post","link":"https:\/\/www.europesays.com\/de\/1283157\/","title":{"rendered":"Umjubeltes Brings-Konzert vor dem K\u00f6lner Dom"},"content":{"rendered":"<p>Mit einem umjubelten Konzert vor dem K\u00f6lner Dom hat die Band Brings ihr 35-j\u00e4hriges Bestehen gefeiert. Vor rund 5.000 Fans spielten die K\u00f6lsch-Rocker Hits wie \u201eSu lang mer noch am L\u00e4\u00e4ve sin\u201c und \u201ePoppe, Kaate, Danze\u201c. <\/p>\n<p>Bei dem Song \u201eSuperjeile Zick\u201c, der ihnen einst den Durchbruch gebracht hatte, wurden sie von Stefan Raab unterst\u00fctzt &#8211; der Moderator kennt Brings-Keyboarder Kai Engel schon seit Kindertagen. Als weiterer \u00dcberraschungsgast kam Florian Silbereisen zu \u201ePolka, Polka, Polka\u201c auf die B\u00fchne. <\/p>\n<p>Die f\u00fcnfk\u00f6pfige Band um die Br\u00fcder Peter und Stephan Brings hatte 1990 eigentlich als reine Rockband gestartet. Bald wurde sie aber zu einem der Haupt-Stimmungsmacher im rheinischen Karneval. Mit ihren zugleich rockigen wie auch folkloristischen Liedern sind die Musiker deutschlandweit bekannt. <\/p>\n","protected":false},"excerpt":{"rendered":"Mit einem umjubelten Konzert vor dem K\u00f6lner Dom hat die Band Brings ihr 35-j\u00e4hriges Bestehen gefeiert. Vor rund&hellip;\n","protected":false},"author":2,"featured_media":1283158,"comment_status":"","ping_status":"","sticky":false,"template":"","format":"standard","meta":{"footnotes":"","_share_on_mastodon":"0"},"categories":[1828],"tags":[29,30,1420,810,1209],"class_list":["post-1283157","post","type-post","status-publish","format-standard","has-post-thumbnail","category-koeln","tag-deutschland","tag-germany","tag-koeln","tag-musik","tag-nordrhein-westfalen"],"share_on_mastodon":{"url":"https:\/\/pubeurope.com\/@de\/117220949661957296","error":""},"_links":{"self":[{"href":"https:\/\/www.europesays.com\/de\/wp-json\/wp\/v2\/posts\/1283157","targetHints":{"allow":["GET"]}}],"collection":[{"href":"https:\/\/www.europesays.com\/de\/wp-json\/wp\/v2\/posts"}],"about":[{"href":"https:\/\/www.europesays.com\/de\/wp-json\/wp\/v2\/types\/post"}],"author":[{"embeddable":true,"href":"https:\/\/www.europesays.com\/de\/wp-json\/wp\/v2\/users\/2"}],"replies":[{"embeddable":true,"href":"https:\/\/www.europesays.com\/de\/wp-json\/wp\/v2\/comments?post=1283157"}],"version-history":[{"count":0,"href":"https:\/\/www.europesays.com\/de\/wp-json\/wp\/v2\/posts\/1283157\/revisions"}],"wp:featuredmedia":[{"embeddable":true,"href":"https:\/\/www.europesays.com\/de\/wp-json\/wp\/v2\/media\/1283158"}],"wp:attachment":[{"href":"https:\/\/www.europesays.com\/de\/wp-json\/wp\/v2\/media?parent=1283157"}],"wp:term":[{"taxonomy":"category","embeddable":true,"href":"https:\/\/www.europesays.com\/de\/wp-json\/wp\/v2\/categories?post=1283157"},{"taxonomy":"post_tag","embeddable":true,"href":"https:\/\/www.europesays.com\/de\/wp-json\/wp\/v2\/tags?post=1283157"}],"curies":[{"name":"wp","href":"https:\/\/api.w.org\/{rel}","templated":true}]}}