{"id":1283181,"date":"2026-09-05T23:23:19","date_gmt":"2026-09-05T23:23:19","guid":{"rendered":"https:\/\/www.europesays.com\/de\/1283181\/"},"modified":"2026-09-05T23:23:19","modified_gmt":"2026-09-05T23:23:19","slug":"weitere-sechs-stromkaesten-werden-mit-graffiti-verschoenert","status":"publish","type":"post","link":"https:\/\/www.europesays.com\/de\/1283181\/","title":{"rendered":"Weitere sechs Stromk\u00e4sten werden mit Graffiti versch\u00f6nert"},"content":{"rendered":"<p>                <a class=\"fancybox\" data-fancybox=\"galerie\" data-caption=\"Jetzt endlich farbenfroh, statt trist und eint\u00f6nig: die Stromk\u00e4sten in H\u00fcnfeld.  - Fotos: Stadt H\u00fcnfeld\" rel=\"on_group nofollow noopener\" title=\"Jetzt endlich farbenfroh, statt trist und eint\u00f6nig: die Stromk\u00e4sten in H\u00fcnfeld.  - Fotos: Stadt H\u00fcnfeld\" href=\"https:\/\/oshessen-news.b-cdn.net\/images\/26\/09\/xl\/1788465479-11799214-bild.png\" target=\"_blank\"><img decoding=\"async\" class=\"img-responsive\" style=\"width: 728px; margin-top: 0; border:0;\" src=\"https:\/\/www.europesays.com\/de\/wp-content\/uploads\/2026\/09\/1788465479-11799214-bild.png\" title=\"Jetzt endlich farbenfroh, statt trist und eint\u00f6nig: die Stromk\u00e4sten in H\u00fcnfeld.\" onerror=\"imgError(this);\"\/><\/p>\n<p>Jetzt endlich farbenfroh, statt trist und eint\u00f6nig: die Stromk\u00e4sten in H\u00fcnfeld. &#8211; Fotos: Stadt H\u00fcnfeld<\/p>\n<p>\n                    <strong>H\u00dcNFELD<\/strong><br \/>\n                    &#8222;Kunst am Kasten&#8220; 2.0\n                <\/p>\n<p>06.09.26 &#8211; <strong>Sicher sind sie im Stadtgebiet schon aufgefallen: Kinder und Jugendliche, die mit Spraydosen bunte Bilder auf graue Stromk\u00e4sten spr\u00fchen. Das ist v\u00f6llig legal: Denn unter dem Titel &#8222;Kunst am Kasten&#8220;, einem Projekt, das aus der Zukunftswerkstatt entstanden war, verwandeln derzeit 25 Kinder und Jugendliche gemeinsam mit Graffiti-K\u00fcnstler Ingmar S\u00fc\u00df sechs Stromk\u00e4sten in H\u00fcnfeld in Kunstwerke.<\/strong><\/p>\n<p>Bereits im vergangenen Jahr wurden sechs Stromk\u00e4sten im Stadtgebiet auf diese Weise versch\u00f6nert. Und diese sind immer noch unversehrt geblieben: &#8222;Niemand hat etwas dr\u00fcber gespr\u00fcht. Denn ein bestehendes Graffiti zu \u00fcberspr\u00fchen, das macht man einfach nicht&#8220;, sagte B\u00fcrgermeister Benjamin Tschesnok, als er den jungen K\u00fcnstlern bei der Arbeit \u00fcber die Schultern schaute.<br \/>&#13;\n<\/p>\n<p><strong>Professioneller Sprayer erkl\u00e4rt die Graffiti-Welt<\/strong><br \/>\nDer Startschuss des Projekts fiel im Jugendtreff, als der professionelle Sprayer Ingmar S\u00fc\u00df die Jugendlichen in die Kunst des Graffitisprayens einf\u00fchrte. Dabei erfuhren sie etwas \u00fcber die Grundlagen und die Geschichte, lernten, wie man eine Spraydose am besten h\u00e4lt, und erfuhren etwas dr\u00fcber, welche Strafen es geben k\u00f6nnte, wenn man sich nicht an die Regeln h\u00e4lt. Die Kinder und Jugendlichen \u00fcbten sich an ersten Entw\u00fcrfen auf Gipsplatten und entwickelten gemeinsam Motive f\u00fcr die Versch\u00f6nerung der Stromk\u00e4sten.<a class=\"fancybox\" data-fancybox=\"galerie\" data-caption=\"Die Kinder spr\u00fchten gemeinsam mit dem professionellen Sprayer, Ingmar S\u00fc\u00df.\" rel=\"on_group\" title=\"Die Kinder spr\u00fchten gemeinsam mit dem professionellen Sprayer, Ingmar S\u00fc\u00df.\" href=\"https:\/\/www.europesays.com\/de\/wp-content\/uploads\/2026\/09\/11799214-bild.png\"><img decoding=\"async\" class=\"imgbdr\" style=\"max-width: 98%;\" src=\"https:\/\/www.europesays.com\/de\/wp-content\/uploads\/2026\/09\/11799214-bild.png\"\/><\/a><\/p>\n<p class=\"img-text\">Die Kinder spr\u00fchten gemeinsam mit dem professionellen Sprayer, Ingmar S\u00fc\u00df. &#8230;<\/p>\n<p>In Gruppen von jeweils vier bis f\u00fcnf Teilnehmern ging es gemeinsam mit Ingmar S\u00fc\u00df schlie\u00dflich an die ausgew\u00e4hlten Stromk\u00e4sten, die sich alle im Umfeld des Schulviertels befinden, um sie in farbenfrohe Kunstwerke zu verwandeln. Rund zwei Stunden pro Kasten brauchten die Kinder und Jugendlichen, um ihre kreativen Ideen umzusetzen und die Graffitis fertigzustellen.<\/p>\n<p><strong>Die Stadt H\u00fcnfeld hatte im Vorfeld die Stromk\u00e4sten f\u00fcr diese Aktion zur Verf\u00fcgung gestellt. Das Team der offenen Jugendarbeit organisierte das Projekt. B\u00fcrgermeister Tschesnok zeigte sich von der Aktion begeistert: &#8222;Die bemalten Stromk\u00e4sten zaubern ein L\u00e4cheln ins Gesicht und sie bereichern das Stadtbild von H\u00fcnfeld auf einzigartige Weise.&#8220; Sein besonderer Dank galt neben dem Team der offenen Jugendarbeit auch der Dr. Hans und Hildegard Medler-Stiftung, die das Projekt finanziert hat.<\/strong> (pg\/pm) +++<\/p>\n<p><\/p>\n","protected":false},"excerpt":{"rendered":"Jetzt endlich farbenfroh, statt trist und eint\u00f6nig: die Stromk\u00e4sten in H\u00fcnfeld. &#8211; Fotos: Stadt H\u00fcnfeld H\u00dcNFELD &#8222;Kunst am&hellip;\n","protected":false},"author":2,"featured_media":1283182,"comment_status":"","ping_status":"","sticky":false,"template":"","format":"standard","meta":{"footnotes":"","_share_on_mastodon":"0"},"categories":[1775],"tags":[6193,1793,6195,29,214,6197,6192,30,2052,1794,1381,14,6196,15,6194,215],"class_list":["post-1283181","post","type-post","status-publish","format-standard","has-post-thumbnail","category-kunst-und-design","tag-alsfeld","tag-art-and-design","tag-bad-hersfeld","tag-deutschland","tag-entertainment","tag-flieden","tag-fulda","tag-germany","tag-hessen","tag-kunst-und-design","tag-lauterbach","tag-nachrichten","tag-neuhof","tag-news","tag-osthessen","tag-unterhaltung"],"share_on_mastodon":{"url":"","error":""},"_links":{"self":[{"href":"https:\/\/www.europesays.com\/de\/wp-json\/wp\/v2\/posts\/1283181","targetHints":{"allow":["GET"]}}],"collection":[{"href":"https:\/\/www.europesays.com\/de\/wp-json\/wp\/v2\/posts"}],"about":[{"href":"https:\/\/www.europesays.com\/de\/wp-json\/wp\/v2\/types\/post"}],"author":[{"embeddable":true,"href":"https:\/\/www.europesays.com\/de\/wp-json\/wp\/v2\/users\/2"}],"replies":[{"embeddable":true,"href":"https:\/\/www.europesays.com\/de\/wp-json\/wp\/v2\/comments?post=1283181"}],"version-history":[{"count":0,"href":"https:\/\/www.europesays.com\/de\/wp-json\/wp\/v2\/posts\/1283181\/revisions"}],"wp:featuredmedia":[{"embeddable":true,"href":"https:\/\/www.europesays.com\/de\/wp-json\/wp\/v2\/media\/1283182"}],"wp:attachment":[{"href":"https:\/\/www.europesays.com\/de\/wp-json\/wp\/v2\/media?parent=1283181"}],"wp:term":[{"taxonomy":"category","embeddable":true,"href":"https:\/\/www.europesays.com\/de\/wp-json\/wp\/v2\/categories?post=1283181"},{"taxonomy":"post_tag","embeddable":true,"href":"https:\/\/www.europesays.com\/de\/wp-json\/wp\/v2\/tags?post=1283181"}],"curies":[{"name":"wp","href":"https:\/\/api.w.org\/{rel}","templated":true}]}}