{"id":1283195,"date":"2026-09-05T23:32:21","date_gmt":"2026-09-05T23:32:21","guid":{"rendered":"https:\/\/www.europesays.com\/de\/1283195\/"},"modified":"2026-09-05T23:32:21","modified_gmt":"2026-09-05T23:32:21","slug":"gaspreis-auf-dreijahreshoch-und-die-bundesregierung-schaut-nur-zu","status":"publish","type":"post","link":"https:\/\/www.europesays.com\/de\/1283195\/","title":{"rendered":"Gaspreis auf Dreijahreshoch \u2013 und die Bundesregierung schaut nur zu"},"content":{"rendered":"<ol class=\"id-DonaldBreadcrumb lp_west_breadcrumb id-DonaldBreadcrumb--default\" data-k5a-pos=\"west_breadcrumb\">\n<li class=\"id-Breadcrumb-item\"><a href=\"https:\/\/www.merkur.de\/\" class=\"id-Breadcrumb-link\" data-id-ec=\"{\" shn=\"\" textlink=\"\" data-k5a-pos=\"1_startseite\" rel=\"nofollow noopener\" target=\"_blank\">Startseite<\/a><\/li>\n<li class=\"id-Breadcrumb-item\"><a href=\"https:\/\/www.merkur.de\/wirtschaft\/\" class=\"id-Breadcrumb-link\" data-id-ec=\"{\" shn=\"\" textlink=\"\" data-k5a-pos=\"2_wirtschaft\" rel=\"nofollow noopener\" target=\"_blank\">Wirtschaft<\/a><\/li>\n<\/ol>\n<p class=\"id-Story-timestamp id-Story-timestamp--default\">Stand: 05.09.2026, 04:47 Uhr<\/p>\n<p class=\"id-Story-authors id-Story-authors--default\">Von: <a class=\"id-Story-authors-link lp_west_author\" href=\"https:\/\/www.merkur.de\/autor\/martin-wald-gu4f03gct.html\" title=\"Zur Autorenseite von Martin Wald\" data-id-ec=\"{\" shn=\"\" author-link=\"\" wald=\"\" data-k5a-pos=\"west_author\" rel=\"nofollow noopener\" target=\"_blank\">Martin Wald<\/a><\/p>\n<p class=\"id-Story-interactionBar id-Story-interactionBar--default\">DruckenTeilen<\/p>\n<p><a href=\"https:\/\/profile.google.com\/cp\/CgsvZy8xODdjY3p3choA\" class=\"id-Story-googleFollowButton id-Story-googleFollowButton--default\" target=\"_blank\" data-id-ec=\"{\" shn=\"\" google-follow=\"\" auf=\"\" google=\"\" folgen=\"\" rel=\"nofollow noopener\">Uns auf Google folgen<\/a><\/p>\n<p class=\"id-StoryElement-leadText\">Der Gaspreis klettert auf ein Vierjahreshoch, die deutschen Speicher bleiben halb leer. Bundeswirtschaftsministerin Reiche vertraut dem Markt, doch die Zahlen sprechen dagegen.<\/p>\n<p class=\"id-StoryElement-paragraph\">Berlin \u2013 Der TTF-Gaspreis ist auf den h\u00f6chsten Stand seit mehr als drei Jahren gestiegen, w\u00e4hrend die deutschen Speicher nur gut zur H\u00e4lfte gef\u00fcllt sind. Was wie ein technisches Detail des Energiehandels klingt, ist in Wahrheit ein Test daf\u00fcr, ob liberalisierte Energiem\u00e4rkte in Krisenzeiten \u00fcberhaupt noch liefern.<\/p>\n<p>Content-Partnerschaft<\/p>\n<p class=\"id-StoryElement-factBox-paragraph\">Dieser Artikel entstand in einer Content-Partnerschaft mit <a href=\"https:\/\/www.business-punk.com\/\" target=\"_blank\" class=\"id-import-Link id-pageApi-Link--externalDomain\" data-id-ec=\"{&quot;sht&quot;:&quot;Container&quot;,&quot;shn&quot;:&quot;Story&quot;,&quot;p&quot;:{&quot;containerType&quot;:&quot;FactBox&quot;,&quot;displayType&quot;:&quot;FactBox InlineLink&quot;,&quot;type&quot;:&quot;INLINE_LINK&quot;,&quot;value&quot;:&quot;Business Punk&quot;,&quot;variant&quot;:&quot;standardLink&quot;,&quot;sponsored&quot;:false,&quot;linkHref&quot;:&quot;https:\/\/www.business-punk.com\/&quot;,&quot;storyElementPosition&quot;:10,&quot;storyElementCount&quot;:43}}\" rel=\"nofollow noopener\">Business Punk<\/a><\/p>\n<p class=\"id-StoryElement-paragraph\">Der richtungsweisende Erdgas-Terminkontrakt TTF kletterte laut t-online.de bis auf 74,43 Euro je Megawattstunde, ein Plus von gut drei Prozent gegen\u00fcber dem Vortag. RP Online best\u00e4tigt einen Sprung um 6,2 Prozent auf 74,14 Euro und damit den h\u00f6chsten Stand seit Januar 2023.<\/p>\n<p><img decoding=\"async\" class=\"id-RatioPlaceholder-element wv_story_el_image\" src=\"https:\/\/www.europesays.com\/de\/wp-content\/uploads\/2026\/09\/43956124-pressestatement-bundesministerin-fuer-wirtschaft-und-energie-katherina-reiche-R4BG.jpg\" loading=\"lazy\"   height=\"733\" width=\"1100\" alt=\"Pressestatement, Bundesministerin f&#xFC;r Wirtschaft und Energie, Katherina Reiche\"\/>Der Gaspreis klettert auf ein Vierjahreshoch, die deutschen Speicher bleiben halb leer. \u00a9\u00a0IMAGO\/ESDES.Pictures, Bernd Elmenthaler<\/p>\n<p class=\"id-StoryElement-paragraph\">Ausgel\u00f6st wurde die Rally durch neue Angriffe der USA und des Iran, die Hoffnungen auf eine Wieder\u00f6ffnung der Stra\u00dfe von Hormus zunichtemachten. Binnen drei Wochen hat sich Gas laut t-online.de um \u00fcber 40 Prozent verteuert, seit Anfang August verzeichnet die Tagesschau ein Plus von mehr als 20 Prozent.<\/p>\n<p>Der Terminkontrakt TTF zeigt, wie eng Digitalhandel und Energiesicherheit verzahnt sind<\/p>\n<p class=\"id-StoryElement-paragraph\">Zum Vergleich: H\u00f6her lag der Preis zuletzt 2022, als er nach dem russischen Lieferstopp infolge des Ukraine-Kriegs zeitweise \u00fcber 300 Euro je Megawattstunde nach oben geschossen war. Auch im M\u00e4rz dieses Jahres, zu Beginn des Iran-Kriegs, war die Notierung bereits einmal auf \u00fcber 70 Euro gestiegen, ist danach aber wieder gefallen.<\/p>\n<p class=\"id-StoryElement-paragraph\">Dass der Markt nun \u00fcber dieses Niveau hinausschie\u00dft, zeigt, wie sehr sich die Lage seither versch\u00e4rft hat. Das US-Milit\u00e4r griff nach eigenen Angaben erneut Luftabwehrstellungen, Radarsysteme und Minenlegeger\u00e4t der iranischen Revolutionsgarden an. Der Iran reagierte mit Raketen- und Drohnenangriffen auf Jordanien, Kuwait und Bahrain.<\/p>\n<p class=\"id-StoryElement-paragraph\">Pr\u00e4sident Donald Trump spielte Chancen auf eine schnelle Beendigung des mittlerweile mehr als sechs Monate andauernden Konflikts herunter und erkl\u00e4rte, ihm gefalle die aktuelle Lage, weil die USA fast die vollst\u00e4ndige Kontrolle \u00fcber die Stra\u00dfe von Hormus h\u00e4tten und die iranische Wirtschaft zusammenbreche.<\/p>\n<p class=\"id-StoryElement-paragraph\">F\u00fcr die Gasm\u00e4rkte bedeutet das: Ein zentraler Transportweg f\u00fcr Fl\u00fcssigerdgas aus dem Persischen Golf bleibt auf unbestimmte Zeit unsicher. Diese Preisfindung l\u00e4uft vollautomatisiert \u00fcber digitale Handelsplattformen, in Sekundenbruchteilen, global vernetzt. Genau das macht Energiem\u00e4rkte schnell reaktionsf\u00e4hig auf geopolitische Schocks, aber eben auch so anf\u00e4llig f\u00fcr Kettenreaktionen.<\/p>\n<p class=\"id-StoryElement-paragraph\">Analysten von Morningstar warnen laut Tagesschau: Ein kalter Winter k\u00f6nnte die Preise sogar auf 90 bis 120 Euro je Megawattstunde treiben, unter anderem weil Europa dann aggressiver mit Asien um das begrenzte LNG-Angebot konkurrieren m\u00fcsste.<\/p>\n<p>Speicherziel von 80 Prozent wird zur digitalen Fiktion<\/p>\n<p class=\"id-StoryElement-paragraph\">Die gesetzlich vorgegebene Zielmarke von 80 Prozent F\u00fcllstand zum 1. November ist nach Einsch\u00e4tzung der Energiebranche kaum mehr erreichbar, wie die Tagesschau berichtet. Aktuell liegen die deutschen Speicher bei gut 50 Prozent, europaweit bei rund 65 Prozent, dem niedrigsten Stand f\u00fcr diese Jahreszeit seit Beginn der Aufzeichnungen 2011 und gut zw\u00f6lf Prozentpunkten unter dem Vorjahresniveau.<\/p>\n<p class=\"id-StoryElement-paragraph\">Um das Ziel noch zu schaffen, w\u00e4ren zwischen August und Oktober 25 Milliarden Kubikmeter Einspeisung n\u00f6tig, neun Milliarden Kubikmeter mehr als im Vorjahr. Die EU rechnet aber mit kaum 14 Milliarden Kubikmetern, ein Fehlbetrag, der laut Analysten direkt auf Lieferengp\u00e4sse durch den Iran-Krieg zur\u00fcckzuf\u00fchren ist.<\/p>\n<p>Vom Ministeramt ins Aus: Deutschlands spektakul\u00e4rste Politiker-R\u00fccktritte<img decoding=\"async\" class=\"id-RatioPlaceholder-element wv_story_el_interstitialImage\" src=\"https:\/\/www.europesays.com\/de\/wp-content\/uploads\/2026\/08\/43436644-politiker-jens-spahn-im-bundestag-26fe.jpg\" loading=\"lazy\"   height=\"2660\" width=\"4000\" alt=\"Politiker Jens Spahn im Bundestag\"\/><a href=\"https:\/\/www.merkur.de\/deutschland\/von-strauss-bis-spahn-grosse-ruecktritte-in-der-bundesrepublik-zr-94411982.html\" class=\"id-StoryElement-intestitialLink-link\" data-id-ec=\"{\" shn=\"\" ansehen=\"\" data-k5a-pos=\"west_story_26_photoGalleryLink\" title=\"Zur Fotostrecke: Vom Ministeramt ins Aus: Deutschlands spektakul&#xE4;rste Politiker-R&#xFC;cktritte\" rel=\"nofollow noopener\" target=\"_blank\">Fotostrecke ansehen<\/a><\/p>\n<p class=\"id-StoryElement-paragraph\">Die Speicherpflicht selbst ist ein Erbe der Gaskrise 2022: Nach Russlands Angriff auf die Ukraine und der daraus resultierenden Gasknappheit f\u00fchrte die Bundesregierung verbindliche F\u00fcllstandsvorgaben ein. 2025 wurden sie auf das heutige Niveau abgesenkt.<\/p>\n<p class=\"id-StoryElement-paragraph\">Durch die aktuell hohen Preise ist das Speichern f\u00fcr viele H\u00e4ndler unwirtschaftlich geworden. Sie k\u00f6nnen nicht mehr sicher sein, heute eingekauftes Gas im Winter zu denselben Preisen weiterzuverkaufen. Der Anreiz, Gas jetzt zu verkaufen statt einzuspeichern, ist entsprechend hoch.<\/p>\n<p class=\"id-StoryElement-paragraph\">Bundeswirtschaftsministerin Katherina Reiche (CDU) lehnt einen staatlichen Eingriff bislang ab. Die Ministerin und auch das Wirtschaftsministerium gingen derzeit davon aus, dass der Markt weiter bef\u00fclle, das sei die Aufgabe des Marktes, bekr\u00e4ftigte eine Sprecherin laut Tagesschau. Das habe auch immer so funktioniert, f\u00fcgte sie hinzu.<\/p>\n<p>Diversifizierung als Antwort auf einseitige Lieferketten<\/p>\n<p class=\"id-StoryElement-paragraph\">Ein Eingriff durch die staatliche Trading Hub Europe w\u00e4re zudem teuer: 2022, als der Bund nach dem Lieferstopp aus Russland zuletzt aktiv einkaufte, zahlte er neun Milliarden Euro f\u00fcr Gas, was seinerzeit selbst zum Preistreiber wurde. Bundeskanzler <a href=\"https:\/\/www.fr.de\/politik\/friedrich-merz-per33648\/\" class=\"id-import-Link id-pageApi-Link--externalDomain\" title=\"Friedrich Merz\" data-id-ec=\"{&quot;sht&quot;:&quot;Container&quot;,&quot;shn&quot;:&quot;Story&quot;,&quot;p&quot;:{&quot;containerType&quot;:&quot;Paragraph&quot;,&quot;displayType&quot;:&quot;Paragraph InlineLink&quot;,&quot;type&quot;:&quot;INLINE_LINK&quot;,&quot;value&quot;:&quot;Friedrich Merz&quot;,&quot;variant&quot;:&quot;standardLink&quot;,&quot;sponsored&quot;:false,&quot;linkHref&quot;:&quot;https:\/\/www.fr.de\/politik\/friedrich-merz-per33648\/&quot;,&quot;storyElementPosition&quot;:34,&quot;storyElementCount&quot;:43}}\" rel=\"nofollow noopener\" target=\"_blank\">Friedrich Merz<\/a> mache sich laut t-online.de einem Medienbericht zufolge inzwischen Sorgen um die Strategie seiner Ministerin. \u00d6ffentlich ge\u00e4u\u00dfert hat er sich dazu bislang nicht.<\/p>\n<p><img decoding=\"async\" class=\"id-RatioPlaceholder-element wv_story_el_image\" src=\"https:\/\/www.europesays.com\/de\/wp-content\/uploads\/2026\/09\/43957309-bundeskanzler-merz-und-bundeswirtschaftsministerin-katherina-reiche-RDBG.jpg\" loading=\"lazy\"   height=\"733\" width=\"1100\" alt=\"Bundeskanzler Merz und Bundeswirtschaftsministerin Katherina Reiche.\"\/>Bundeskanzler Merz und Bundeswirtschaftsministerin Katherina Reiche. \u00a9\u00a0picture alliance\/dpa | Kay Nietfeld<\/p>\n<p class=\"id-StoryElement-paragraph\">Wirtschaftsweise Veronika Grimm pl\u00e4diert f\u00fcr eine strukturelle Neuausrichtung: Deutschland solle Liefervertr\u00e4ge diversifizieren und auf l\u00e4ngerfristige Kontrakte setzen. Wir m\u00fcssten wirklich etwas tun, um uns mittelfristig resilienter aufzustellen, sonst seien wir dauernd im Krisenmodus, sagte Grimm laut Tagesschau.<\/p>\n<p class=\"id-StoryElement-paragraph\">Der Hintergrund: Rund 96 Prozent der deutschen LNG\u2011Importe stammten 2025 aus den USA, ein Klumpenrisiko, das die aktuelle Krise offenlegt. Au\u00dfenminister Johann Wadephul warb bei einer Algerien-Reise f\u00fcr neue Lieferpartnerschaften und bezeichnete das Land laut Tagesschau als verl\u00e4sslichen Partner.<\/p>\n<p>Business Punk Check<\/p>\n<p class=\"id-StoryElement-paragraph\">Der TTF-Preis ist ein digitaler Echtzeit-Seismograf f\u00fcr geopolitisches Risiko, das ist die eine Wahrheit. Die andere: Ein Markt, der binnen drei Wochen um 40 Prozent explodiert, ist kein Beweis f\u00fcr Effizienz, sondern f\u00fcr strukturelle Fragilit\u00e4t.<\/p>\n<p class=\"id-StoryElement-paragraph\">Reiches Vertrauen in die Selbstregulierung klingt nach Marktliberalismus-Lehrbuch, ignoriert aber, dass H\u00e4ndler bei Preisunsicherheit rational handeln und eben nicht speichern, sondern verkaufen. Genau das beobachten wir gerade.<\/p>\n<p class=\"id-StoryElement-paragraph\">F\u00fcr Entscheider in Energie und Industrie z\u00e4hlt jetzt nicht die Frage, ob der Markt recht beh\u00e4lt, sondern wie lange die Politik noch zuschaut, bevor Trading Hub Europe eingreifen muss, wie schon 2022 f\u00fcr neun Milliarden Euro. Wer auf Diversifizierung wie Algerien-Lieferungen wettet, sollte wissen: Das sind Absichtserkl\u00e4rungen, keine Pipelines.<\/p>\n","protected":false},"excerpt":{"rendered":"Startseite Wirtschaft Stand: 05.09.2026, 04:47 Uhr Von: Martin Wald DruckenTeilen Uns auf Google folgen Der Gaspreis klettert auf&hellip;\n","protected":false},"author":2,"featured_media":1283196,"comment_status":"","ping_status":"","sticky":false,"template":"","format":"standard","meta":{"footnotes":"","_share_on_mastodon":"0"},"categories":[134],"tags":[175,170,169,29,30,171,174,173,172],"class_list":["post-1283195","post","type-post","status-publish","format-standard","has-post-thumbnail","category-unternehmen-maerkte","tag-business","tag-companies","tag-companies-markets","tag-deutschland","tag-germany","tag-markets","tag-maerkte","tag-unternehmen","tag-unternehmen-maerkte"],"share_on_mastodon":{"url":"https:\/\/pubeurope.com\/@de\/117221049736265937","error":""},"_links":{"self":[{"href":"https:\/\/www.europesays.com\/de\/wp-json\/wp\/v2\/posts\/1283195","targetHints":{"allow":["GET"]}}],"collection":[{"href":"https:\/\/www.europesays.com\/de\/wp-json\/wp\/v2\/posts"}],"about":[{"href":"https:\/\/www.europesays.com\/de\/wp-json\/wp\/v2\/types\/post"}],"author":[{"embeddable":true,"href":"https:\/\/www.europesays.com\/de\/wp-json\/wp\/v2\/users\/2"}],"replies":[{"embeddable":true,"href":"https:\/\/www.europesays.com\/de\/wp-json\/wp\/v2\/comments?post=1283195"}],"version-history":[{"count":0,"href":"https:\/\/www.europesays.com\/de\/wp-json\/wp\/v2\/posts\/1283195\/revisions"}],"wp:featuredmedia":[{"embeddable":true,"href":"https:\/\/www.europesays.com\/de\/wp-json\/wp\/v2\/media\/1283196"}],"wp:attachment":[{"href":"https:\/\/www.europesays.com\/de\/wp-json\/wp\/v2\/media?parent=1283195"}],"wp:term":[{"taxonomy":"category","embeddable":true,"href":"https:\/\/www.europesays.com\/de\/wp-json\/wp\/v2\/categories?post=1283195"},{"taxonomy":"post_tag","embeddable":true,"href":"https:\/\/www.europesays.com\/de\/wp-json\/wp\/v2\/tags?post=1283195"}],"curies":[{"name":"wp","href":"https:\/\/api.w.org\/{rel}","templated":true}]}}