{"id":1283210,"date":"2026-09-05T23:43:18","date_gmt":"2026-09-05T23:43:18","guid":{"rendered":"https:\/\/www.europesays.com\/de\/1283210\/"},"modified":"2026-09-05T23:43:18","modified_gmt":"2026-09-05T23:43:18","slug":"osnabrueck-vs-braunschweig-live-tv-sender-livestream-und-anstosszeit-in-der-2-bundesliga","status":"publish","type":"post","link":"https:\/\/www.europesays.com\/de\/1283210\/","title":{"rendered":"Osnabr\u00fcck vs. Braunschweig live: TV-Sender, Livestream und Ansto\u00dfzeit in der 2. Bundesliga"},"content":{"rendered":"<p>In der 2. Bundesliga spielt Osnabr\u00fcck gegen Braunschweig. Doch wer zeigt bzw. \u00fcbertr\u00e4gt die Partie heute live im TV und Livestream? SPOX verr\u00e4t es Euch.<\/p>\n<p style=\"text-align:justify\">Das Spiel zwischen Osnabr\u00fcck und Braunschweig beginnt am 06.09.2026, 13:30.<\/p>\n<p style=\"text-align:justify\"><b><strong>SPOX<\/strong><\/b>verr\u00e4t Euch in diesem Artikel, wie Ihr die Partie heute live im TV und Livestream sehen k\u00f6nnt.<\/p>\n<p>Osnabr\u00fcck vs. Braunschweig heute live sehen: Wer zeigt \/ \u00fcbertr\u00e4gt  im TV und Livestream?<\/p>\n<p style=\"text-align:justify\">Das Spiel zwischen Osnabr\u00fcck und Braunschweig ist \u00fcber Sky WOW im Livestream zu verfolgen. Die verf\u00fcgbaren \u00dcbertragungsoptionen sind nachfolgend aufgef\u00fchrt.<\/p>\n<p>Themen der Woche: Was war bei Osnabr\u00fcck und Braunschweig los?<\/p>\n<p style=\"text-align:justify\">Osnabr\u00fcck kommt mit einer Bilanz von einem Sieg und drei Niederlagen aus den letzten vier Pflichtspielen in diese Partie. Der einzige Erfolg war ein 1:0-Ausw\u00e4rtssieg bei VfL Bochum in der 2. Bundesliga am 28. August. Davor verlor die Mannschaft 0:3 gegen Magdeburg und 3:4 gegen Heidenheim. Im DFB-Pokal gab es zuletzt ein 1:4 gegen Bayern M\u00fcnchen. Braunschweig gewann zuletzt im Liga-Ausw\u00e4rtsspiel bei Magdeburg mit 6:1, seither folgten jedoch drei Niederlagen in Serie. Das 3:5 gegen Hertha BSC am 28. August war die j\u00fcngste davon, zuvor unterlag die Mannschaft im Pokal 2:4 gegen Union Berlin und 0:1 bei VfL Bochum.<\/p>\n<p>Osnabr\u00fcck vs. Braunschweig: Ansto\u00dfzeitOsnabr\u00fcck vs. Braunschweig: AufstellungenOsnabr\u00fcck vs. Braunschweig: FormOsnabr\u00fcck vs. Braunschweig: Bilanz direkte DuelleOsnabr\u00fcck vs. Braunschweig: Die Tabellen<\/p>\n<p>Aufstieg<\/p>\n<p>Play-offs Aufstieg<\/p>\n<p>Play-offs Abstieg<\/p>\n<p>Abstieg<\/p>\n<p>Mit VPN \u00fcberall auf der Welt streamen<\/p>\n<p style=\"text-align:justify\">Falls Ihr Euch im Ausland befindet, k\u00f6nnt Ihr ein VPN verwenden, um Spiele \u00fcber die \u00fcblichen Anbieter zu schauen. \u00dcber NordVPN k\u00f6nnt ihr aus dem Ausland eine sichere Online-Verbindung herstellen. NordVPN geh\u00f6rt weltweit zu den beliebtesten und renommiertesten VPN-Anbietern.<\/p>\n","protected":false},"excerpt":{"rendered":"In der 2. Bundesliga spielt Osnabr\u00fcck gegen Braunschweig. Doch wer zeigt bzw. \u00fcbertr\u00e4gt die Partie heute live im&hellip;\n","protected":false},"author":2,"featured_media":1283211,"comment_status":"","ping_status":"","sticky":false,"template":"","format":"standard","meta":{"footnotes":"","_share_on_mastodon":"0"},"categories":[1850],"tags":[621,6429,3364,29,8468,8704,548,663,3934,347,30,13,14,15,1411,741,264631,264632,12,4604],"class_list":["post-1283210","post","type-post","status-publish","format-standard","has-post-thumbnail","category-braunschweig","tag-2-bundesliga","tag-braunschweig","tag-de","tag-deutschland","tag-deutschland-2-bundesliga","tag-eintracht-braunschweig","tag-eu","tag-europa","tag-europe","tag-fussball","tag-germany","tag-headlines","tag-nachrichten","tag-news","tag-niedersachsen","tag-osnabrueck","tag-osnabrueck-vs-braunschweig","tag-osnabrueck-vs-eintracht-braunschweig","tag-schlagzeilen","tag-soccer"],"share_on_mastodon":{"url":"https:\/\/pubeurope.com\/@de\/117221091297032919","error":""},"_links":{"self":[{"href":"https:\/\/www.europesays.com\/de\/wp-json\/wp\/v2\/posts\/1283210","targetHints":{"allow":["GET"]}}],"collection":[{"href":"https:\/\/www.europesays.com\/de\/wp-json\/wp\/v2\/posts"}],"about":[{"href":"https:\/\/www.europesays.com\/de\/wp-json\/wp\/v2\/types\/post"}],"author":[{"embeddable":true,"href":"https:\/\/www.europesays.com\/de\/wp-json\/wp\/v2\/users\/2"}],"replies":[{"embeddable":true,"href":"https:\/\/www.europesays.com\/de\/wp-json\/wp\/v2\/comments?post=1283210"}],"version-history":[{"count":0,"href":"https:\/\/www.europesays.com\/de\/wp-json\/wp\/v2\/posts\/1283210\/revisions"}],"wp:featuredmedia":[{"embeddable":true,"href":"https:\/\/www.europesays.com\/de\/wp-json\/wp\/v2\/media\/1283211"}],"wp:attachment":[{"href":"https:\/\/www.europesays.com\/de\/wp-json\/wp\/v2\/media?parent=1283210"}],"wp:term":[{"taxonomy":"category","embeddable":true,"href":"https:\/\/www.europesays.com\/de\/wp-json\/wp\/v2\/categories?post=1283210"},{"taxonomy":"post_tag","embeddable":true,"href":"https:\/\/www.europesays.com\/de\/wp-json\/wp\/v2\/tags?post=1283210"}],"curies":[{"name":"wp","href":"https:\/\/api.w.org\/{rel}","templated":true}]}}