{"id":1283235,"date":"2026-09-06T00:01:51","date_gmt":"2026-09-06T00:01:51","guid":{"rendered":"https:\/\/www.europesays.com\/de\/1283235\/"},"modified":"2026-09-06T00:01:51","modified_gmt":"2026-09-06T00:01:51","slug":"pol-w-260904-w-mutmasslicher-brandstifter-festgenommen-gemeinsame-presseerklaerung","status":"publish","type":"post","link":"https:\/\/www.europesays.com\/de\/1283235\/","title":{"rendered":"POL-W: 260904-W Mutma\u00dflicher Brandstifter festgenommen &#8211; Gemeinsame Presseerkl\u00e4rung &#8230;"},"content":{"rendered":"<p class=\"date\">04.09.2026 \u2013 13:48<\/p>\n<p class=\"customer\">\n                        <a class=\"story-customer\" title=\"weiter zum newsroom von Polizei Wuppertal\" href=\"https:\/\/www.presseportal.de\/blaulicht\/nr\/11811\" rel=\"nofollow noopener\" target=\"_blank\">Polizei Wuppertal<\/a>\n                    <\/p>\n<p><a class=\"glightbox-pseudo event-trigger\" href=\"https:\/\/cache.pressmailing.net\/thumbnail\/story_hires\/35b51a5b-57b7-4ff4-b0d5-b3f4eb7ce44b\/01.jpg.jpg\" data-description=\"Bild 1\" data-category=\"medialightbox\" data-action=\"click\" data-label=\"single\" data-value=\"6a9ab011270000fd2cc94919\" rel=\"nofollow noopener\" target=\"_blank\"><img decoding=\"async\" height=\"540\" with=\"720\" src=\"https:\/\/www.europesays.com\/de\/wp-content\/uploads\/2026\/09\/pol-w-260904-w-mutma-licher-brandstifter-festgenommen-gemeinsame-presseerkl-rung-von-staatsanwaltsch.jpeg\"   alt=\"POL-W: 260904-W Mutma\u00dflicher Brandstifter festgenommen - Gemeinsame Presseerkl\u00e4rung von Staatsanwaltschaft und Polizei Wuppertal\" class=\"single\"\/><\/a><\/p>\n<p><a data-category=\"citylink-story-view\" data-action=\"click\" data-label=\"Citylink in Meldungsansicht\" class=\"story-city event-trigger\" href=\"https:\/\/www.presseportal.de\/regional\/Wuppertal\" title=\"News aus Wuppertal \" rel=\"nofollow noopener\" target=\"_blank\">Wuppertal<\/a> (ots)<\/p>\n<p>Brandserie vor Tataufkl\u00e4rung<\/p>\n<p>In den fr\u00fchen Morgenstunden des heutigen Tages (04.09.26) meldeten Zeugen einen brennenden PKW, der auf einem Parkstreifen im Bereich der Kreuzung Ronsdorfer Stra\u00dfe\/Barmenia-Allee stand. Angesichts einer seit Mai 2026 andauernden Brandserie begannen unverz\u00fcglich massive Fahndungsma\u00dfnahmen der Polizei. In der Vereinsstra\u00dfe auf H\u00f6he der Aderstra\u00dfe konnte ein 34 Jahre alter Mann von Polizeibeamten angetroffen und kontrolliert werden, der einen Rucksack mit sich f\u00fchrte. Bei der Kontrolle konnten darin Reste vermutlich eines Brandbeschleunigers und ein Feuerzeug aufgefunden werden. Der Beschuldigte wurde daraufhin festgenommen. Es besteht der Verdacht, dass der Beschuldigte auch f\u00fcr weitere Br\u00e4nde im Stadtgebiet verantwortlich sein k\u00f6nnte. So waren in der Nacht auf den 28.05.2026 insgesamt vier PKW in der Vereinsstra\u00dfe in Brand gesetzt worden. In der Nacht auf den 04.06.26 waren in der Kluser H\u00f6he zwei PKW in Brand gesetzt worden. Am Abend des 04.06.26 wurde in der Aderstra\u00dfe ein Brandsatz neben einem Stromverteilerkasten gez\u00fcndet. In den fr\u00fchen Morgenstunden des 05.06.26 in der Aderstra\u00dfe ein Motorrad in Brand gesetzt. Am 17.07.26 kam es in den Abendstunden und in der Nacht zu mehreren Brandanschl\u00e4gen auf in der Hospitalstra\u00dfe und der Barmenia-Allee abgestellte Kraftfahrzeuge. An einem der Tatorte konnte seinerzeit eine Gas-Spraydose aufgefunden werden, an der Fingerspuren gesichert werden konnten. Ein Abgleich mit den Fingerabdr\u00fccken des Beschuldigten best\u00e4tigte die Vermutung der Ermittler, da es sich zweifelsfrei um Fingerspuren des Beschuldigten handelt. Es besteht mithin der Verdacht, dass der Beschuldigte f\u00fcr mehrere Fahrzeugbr\u00e4nde verantwortlich sein d\u00fcrfte. Auf Anordnung der Staatsanwaltschaft wird er am heutigen Tag den Haftrichtern am Amtsgericht Wuppertal vorgef\u00fchrt. Diese haben zu entscheiden, ob antragsgem\u00e4\u00df gegen den Beschuldigten die Untersuchungshaft angeordnet wird. F\u00fcr den Fall einer Verurteilung droht dem Beschuldigten eine empfindliche Freiheitsstrafe.<\/p>\n<p class=\"contact-headline\">R\u00fcckfragen bitte an:<\/p>\n<p class=\"contact-text\">R\u00fcckfragen bitte an:<\/p>\n<p>Staatsanwaltschaft Wuppertal<br \/>Oberstaatsanwalt Wolf-Tilmann Baumert<br \/>Telefon: 0202\/5748-410<\/p>\n<p class=\"originator\">Original-Content von: Polizei Wuppertal, \u00fcbermittelt durch news aktuell<\/p>\n","protected":false},"excerpt":{"rendered":"04.09.2026 \u2013 13:48 Polizei Wuppertal Wuppertal (ots) Brandserie vor Tataufkl\u00e4rung In den fr\u00fchen Morgenstunden des heutigen Tages (04.09.26)&hellip;\n","protected":false},"author":2,"featured_media":1283236,"comment_status":"","ping_status":"","sticky":false,"template":"","format":"standard","meta":{"footnotes":"","_share_on_mastodon":"0"},"categories":[1840],"tags":[3364,29,30,177,1209,176,121,178,180,179,181,4418],"class_list":["post-1283235","post","type-post","status-publish","format-standard","has-post-thumbnail","category-wuppertal","tag-de","tag-deutschland","tag-germany","tag-kriminalitt","tag-nordrhein-westfalen","tag-nrw","tag-polizei","tag-presse","tag-pressemeldung","tag-pressemitteilung","tag-pressemitteilungen","tag-wuppertal"],"share_on_mastodon":{"url":"https:\/\/pubeurope.com\/@de\/117221167538699010","error":""},"_links":{"self":[{"href":"https:\/\/www.europesays.com\/de\/wp-json\/wp\/v2\/posts\/1283235","targetHints":{"allow":["GET"]}}],"collection":[{"href":"https:\/\/www.europesays.com\/de\/wp-json\/wp\/v2\/posts"}],"about":[{"href":"https:\/\/www.europesays.com\/de\/wp-json\/wp\/v2\/types\/post"}],"author":[{"embeddable":true,"href":"https:\/\/www.europesays.com\/de\/wp-json\/wp\/v2\/users\/2"}],"replies":[{"embeddable":true,"href":"https:\/\/www.europesays.com\/de\/wp-json\/wp\/v2\/comments?post=1283235"}],"version-history":[{"count":0,"href":"https:\/\/www.europesays.com\/de\/wp-json\/wp\/v2\/posts\/1283235\/revisions"}],"wp:featuredmedia":[{"embeddable":true,"href":"https:\/\/www.europesays.com\/de\/wp-json\/wp\/v2\/media\/1283236"}],"wp:attachment":[{"href":"https:\/\/www.europesays.com\/de\/wp-json\/wp\/v2\/media?parent=1283235"}],"wp:term":[{"taxonomy":"category","embeddable":true,"href":"https:\/\/www.europesays.com\/de\/wp-json\/wp\/v2\/categories?post=1283235"},{"taxonomy":"post_tag","embeddable":true,"href":"https:\/\/www.europesays.com\/de\/wp-json\/wp\/v2\/tags?post=1283235"}],"curies":[{"name":"wp","href":"https:\/\/api.w.org\/{rel}","templated":true}]}}