{"id":1283257,"date":"2026-09-06T00:17:38","date_gmt":"2026-09-06T00:17:38","guid":{"rendered":"https:\/\/www.europesays.com\/de\/1283257\/"},"modified":"2026-09-06T00:17:38","modified_gmt":"2026-09-06T00:17:38","slug":"wahlkrimi-in-sachsen-anhalt-deutschland-blickt-gespannt-auf-die-landtagswahl","status":"publish","type":"post","link":"https:\/\/www.europesays.com\/de\/1283257\/","title":{"rendered":"Wahlkrimi in Sachsen-Anhalt: Deutschland blickt gespannt auf die Landtagswahl"},"content":{"rendered":"<p>                <a class=\"fancybox\" data-fancybox=\"galerie\" data-caption=\"Sven Schulze (CDU,l), Ministerpr\u00e4sident von Sachsen-Anhalt und Ulrich Siegmund (AfD,r)  - Foto:\u00a0picture alliance\/dpa\/dpa pool | Hendrik Schmidt\" rel=\"on_group nofollow noopener\" title=\"Sven Schulze (CDU,l), Ministerpr\u00e4sident von Sachsen-Anhalt und Ulrich Siegmund (AfD,r)  - Foto:\u00a0picture alliance\/dpa\/dpa pool | Hendrik Schmidt\" href=\"https:\/\/oshessen-news.b-cdn.net\/images\/26\/09\/xl\/11799189-616348267.jpg\" target=\"_blank\"><img decoding=\"async\" class=\"img-responsive\" style=\"width: 728px; margin-top: 0; border:0;\" src=\"https:\/\/www.europesays.com\/de\/wp-content\/uploads\/2026\/09\/11799189-616348267.jpg\" title=\"Sven Schulze (CDU,l), Ministerpr\u00e4sident von Sachsen-Anhalt und Ulrich Siegmund (AfD,r)\" onerror=\"imgError(this);\"\/><\/p>\n<p>Sven Schulze (CDU,l), Ministerpr\u00e4sident von Sachsen-Anhalt und Ulrich Siegmund (AfD,r) &#8211; Foto:\u00a0picture alliance\/dpa\/dpa pool | Hendrik Schmidt<\/p>\n<p>\n                    <strong>MAGDEBURG<\/strong><br \/>\n                    Historischer AfD-Sieg erwartet\n                <\/p>\n<p>06.09.26 &#8211; <strong>Deutschland blickt am Sonntag gespannt nach Sachsen-Anhalt. Hier steht eine der spannendsten Landtagswahlen der letzten Jahre an. Erwartet wird ein historischer Sieg der AfD &#8211; und gleichzeitig ein historisch schlechtes Abschneiden der Volksparteien. F\u00fcr Sven Schulze (CDU) ist aber klar: Er will Ministerpr\u00e4sident bleiben. Ob das gelingt, wird sich zeigen.<\/strong><\/p>\n<p>Die letzten Umfragen von INSA zeigen: Die AfD k\u00f6nnte auf 43 Prozent kommen. Das w\u00e4re ein gro\u00dfer Erfolg f\u00fcr die als gesichert rechtsextremistisch eingestufte AfD Sachsen-Anhalt und deren Spitzenkandidaten Ulrich Siegmund. Die CDU kommt laut den Umfragen auf 22 Prozent, die Linke w\u00e4re mit 12 Prozent drittst\u00e4rkste Kraft. Die SPD w\u00e4re mit sieben Prozent knapp im Landtag vertreten. <\/p>\n<p>Unsicher wird es f\u00fcr die Gr\u00fcnen. Sie k\u00e4men aktuell mit f\u00fcnf Prozent ganz knapp in den Landtag. BSW und FDP m\u00fcssen mit jeweils vier Prozent um einen Einzug ins Parlament noch mehr bangen. Klar ist: F\u00fcr eine Alleinregierung im Landtag in Magdeburg ben\u00f6tigt eine Partei 42 von 83 Sitzen. Laut den letzten Wahlumfragen w\u00fcrde die AfD damit eine absolute Mehrheit knapp verpassen. Damit br\u00e4uchte sie einen Koalitionspartner. Bis zur letzten Minute wird die AfD aber auf die absolute Mehrheit und die Alleinregierung hoffen.<\/p>\n<p><a class=\"fancybox\" data-fancybox=\"galerie\" data-caption=\"Symbolbild: Pixabay - Der Landtag in Sachsen-Anhalt\" rel=\"on_group\" title=\"Symbolbild: Pixabay - Der Landtag in Sachsen-Anhalt\" href=\"https:\/\/www.europesays.com\/de\/wp-content\/uploads\/2026\/09\/11799189-kathas-fotos-houses-of-parliament-6399961.jpg\"><img decoding=\"async\" class=\"imgbdr\" style=\"max-width: 98%;\" src=\"https:\/\/www.europesays.com\/de\/wp-content\/uploads\/2026\/09\/11799189-kathas-fotos-houses-of-parliament-6399961.jpg\"\/><\/a><\/p>\n<p class=\"img-text\">Der Landtag in Sachsen-Anhalt Symbolbild: Pixabay<\/p>\n<p><strong>Es wird spannend bis zur letzten Minute<\/strong><\/p>\n<p>Problematisch wird es aber f\u00fcr die CDU und Ministerpr\u00e4sident Sven Schulze. Er k\u00e4me zwar mit den anderen vertretenen Parteien auf eine Regierungsmehrheit, eine Koalition mit der Linken stehe aber nicht zur Debatte. Das betonte Sachsens Ministerpr\u00e4sident Michael Kretschmer vor der Wahl. Schulze sagte im Gespr\u00e4ch mit WELT TV mit Blick auf eine AfD-Regierung: &#8222;Ich m\u00f6chte nicht, dass meine Heimat Sachsen-Anhalt ein Experimentierfeld wird.&#8220;<\/p>\n<p>Die Themen in Sachsen-Anhalt unterscheiden sich nicht von denen, die sonst in Deutschland die Menschen besch\u00e4ftigen. Von Migration bis Demografie \u00fcber innere Sicherheit und Rente. Die Herausforderungen f\u00fcr die Zukunft sind enorm. Am Sonntagabend wird sich zeigen, wem die Menschen in Sachsen-Anhalt zutrauen, diese Themen umzusetzen. (Moritz Pappert) +++ <img loading=\"lazy\" decoding=\"async\" src=\"https:\/\/www.europesays.com\/de\/wp-content\/uploads\/2026\/09\/3add47e609e14fb384efac70da312e26.gif\" alt=\"\" width=\"1\" height=\"1\"\/><\/p>\n<p><\/p>\n","protected":false},"excerpt":{"rendered":"Sven Schulze (CDU,l), Ministerpr\u00e4sident von Sachsen-Anhalt und Ulrich Siegmund (AfD,r) &#8211; Foto:\u00a0picture alliance\/dpa\/dpa pool | Hendrik Schmidt MAGDEBURG&hellip;\n","protected":false},"author":2,"featured_media":1283258,"comment_status":"","ping_status":"","sticky":false,"template":"","format":"standard","meta":{"footnotes":"","_share_on_mastodon":"0"},"categories":[2],"tags":[331,3924,332,3922,6193,6195,3364,29,6197,6192,30,13,2052,1381,14,3923,6196,15,3921,6194,12],"class_list":["post-1283257","post","type-post","status-publish","format-standard","has-post-thumbnail","category-deutschland","tag-aktuelle-nachrichten","tag-aktuelle-nachrichten-aus-deutschland","tag-aktuelle-news","tag-aktuelle-news-aus-deutschland","tag-alsfeld","tag-bad-hersfeld","tag-de","tag-deutschland","tag-flieden","tag-fulda","tag-germany","tag-headlines","tag-hessen","tag-lauterbach","tag-nachrichten","tag-nachrichten-aus-deutschland","tag-neuhof","tag-news","tag-news-aus-deutschland","tag-osthessen","tag-schlagzeilen"],"share_on_mastodon":{"url":"https:\/\/pubeurope.com\/@de\/117221225768247748","error":""},"_links":{"self":[{"href":"https:\/\/www.europesays.com\/de\/wp-json\/wp\/v2\/posts\/1283257","targetHints":{"allow":["GET"]}}],"collection":[{"href":"https:\/\/www.europesays.com\/de\/wp-json\/wp\/v2\/posts"}],"about":[{"href":"https:\/\/www.europesays.com\/de\/wp-json\/wp\/v2\/types\/post"}],"author":[{"embeddable":true,"href":"https:\/\/www.europesays.com\/de\/wp-json\/wp\/v2\/users\/2"}],"replies":[{"embeddable":true,"href":"https:\/\/www.europesays.com\/de\/wp-json\/wp\/v2\/comments?post=1283257"}],"version-history":[{"count":0,"href":"https:\/\/www.europesays.com\/de\/wp-json\/wp\/v2\/posts\/1283257\/revisions"}],"wp:featuredmedia":[{"embeddable":true,"href":"https:\/\/www.europesays.com\/de\/wp-json\/wp\/v2\/media\/1283258"}],"wp:attachment":[{"href":"https:\/\/www.europesays.com\/de\/wp-json\/wp\/v2\/media?parent=1283257"}],"wp:term":[{"taxonomy":"category","embeddable":true,"href":"https:\/\/www.europesays.com\/de\/wp-json\/wp\/v2\/categories?post=1283257"},{"taxonomy":"post_tag","embeddable":true,"href":"https:\/\/www.europesays.com\/de\/wp-json\/wp\/v2\/tags?post=1283257"}],"curies":[{"name":"wp","href":"https:\/\/api.w.org\/{rel}","templated":true}]}}