{"id":1283259,"date":"2026-09-06T00:19:29","date_gmt":"2026-09-06T00:19:29","guid":{"rendered":"https:\/\/www.europesays.com\/de\/1283259\/"},"modified":"2026-09-06T00:19:29","modified_gmt":"2026-09-06T00:19:29","slug":"koenigswinter-lkw-durchbricht-auf-der-a3-die-leitplanke","status":"publish","type":"post","link":"https:\/\/www.europesays.com\/de\/1283259\/","title":{"rendered":"K\u00f6nigswinter: Lkw durchbricht auf der A3 die Leitplanke"},"content":{"rendered":"<p class=\"dm-paragraph leading-[1.5em] mb-8 my-8 dm-article-content-width\" index=\"0\" should-collapse-on-mobile=\"true\" has-padding=\"\" data-v-fac9d07d=\"\">Insgesamt drei Unf\u00e4lle mit Lastwagen haben sich am Freitagabend (4. September) auf der <a href=\"https:\/\/www.ksta.de\/themen\/bundesautobahn3\" rel=\"nofollow noopener\" target=\"_blank\">Autobahn 3<\/a> bei K\u00f6nigswinter und Bad Honnef ereignet.<\/p>\n<p class=\"dm-paragraph leading-[1.5em] mb-8 my-8 dm-article-content-width\" index=\"1\" should-collapse-on-mobile=\"true\" has-padding=\"\" data-v-fac9d07d=\"\">An der Anschlussstelle <a href=\"https:\/\/www.ksta.de\/themen\/siebengebirge\" rel=\"nofollow noopener\" target=\"_blank\">Siebengebirge<\/a> kam gegen 20 Uhr ein Sattelzug auf dem Beschleunigungsstreifen Richtung K\u00f6ln nach rechts von der Fahrbahn ab und durbrach die Leitplanke. Der Fahrer blieb unverletzt. Ein Spezialunterehmen musste anr\u00fccken, um den Lastwagen zu bergen. Zeitweise musst die A3 daf\u00fcr in Richtung K\u00f6ln gesperrt werden. Die Polizei sperrte zudem die Auffahrt.<\/p>\n<p class=\"dm-paragraph leading-[1.5em] mb-8 my-8 dm-article-content-width\" index=\"2\" should-collapse-on-mobile=\"true\" has-padding=\"\" data-v-fac9d07d=\"\">Kurz nach diesem Alleinunfall kam es auf der <a href=\"https:\/\/www.ksta.de\/themen\/bundesautobahn3\" rel=\"nofollow noopener\" target=\"_blank\">A3<\/a> in Gegenrichtung zwischen den Anschlusstellen Bad Honnef\/Linz und Neustadt\/Wied zu einer Kollision zweier Lastwagen, als einer der Lkw einem Pkw hatte ausweichen m\u00fcssen. Durch den Unfall, zu dem die L\u00f6schgruppe Aegidienberg der Freiwilligen Feuerwehr Bad Honnef gerufen wurde, gab es einen l\u00e4ngeren R\u00fcckstau.\u00a0<\/p>\n<p class=\"dm-paragraph leading-[1.5em] mb-8 my-8 dm-article-content-width\" index=\"3\" should-collapse-on-mobile=\"true\" has-padding=\"\" data-v-fac9d07d=\"\">Beim dritten Fall kam an dem Abend ein Sattelzug ebenfalls von der Fahrbahn ab und landete auf einem Gr\u00fcnstreifen. Auch hier musste das Spezialunternehmen anr\u00fccken, um den Lkw zu bergen. (csc\/rkl)<\/p>\n","protected":false},"excerpt":{"rendered":"Insgesamt drei Unf\u00e4lle mit Lastwagen haben sich am Freitagabend (4. September) auf der Autobahn 3 bei K\u00f6nigswinter und&hellip;\n","protected":false},"author":2,"featured_media":1283260,"comment_status":"","ping_status":"","sticky":false,"template":"","format":"standard","meta":{"footnotes":"","_share_on_mastodon":"0"},"categories":[1842],"tags":[1741,3364,29,30,1209],"class_list":["post-1283259","post","type-post","status-publish","format-standard","has-post-thumbnail","category-bonn","tag-bonn","tag-de","tag-deutschland","tag-germany","tag-nordrhein-westfalen"],"share_on_mastodon":{"url":"https:\/\/pubeurope.com\/@de\/117221232663379490","error":""},"_links":{"self":[{"href":"https:\/\/www.europesays.com\/de\/wp-json\/wp\/v2\/posts\/1283259","targetHints":{"allow":["GET"]}}],"collection":[{"href":"https:\/\/www.europesays.com\/de\/wp-json\/wp\/v2\/posts"}],"about":[{"href":"https:\/\/www.europesays.com\/de\/wp-json\/wp\/v2\/types\/post"}],"author":[{"embeddable":true,"href":"https:\/\/www.europesays.com\/de\/wp-json\/wp\/v2\/users\/2"}],"replies":[{"embeddable":true,"href":"https:\/\/www.europesays.com\/de\/wp-json\/wp\/v2\/comments?post=1283259"}],"version-history":[{"count":0,"href":"https:\/\/www.europesays.com\/de\/wp-json\/wp\/v2\/posts\/1283259\/revisions"}],"wp:featuredmedia":[{"embeddable":true,"href":"https:\/\/www.europesays.com\/de\/wp-json\/wp\/v2\/media\/1283260"}],"wp:attachment":[{"href":"https:\/\/www.europesays.com\/de\/wp-json\/wp\/v2\/media?parent=1283259"}],"wp:term":[{"taxonomy":"category","embeddable":true,"href":"https:\/\/www.europesays.com\/de\/wp-json\/wp\/v2\/categories?post=1283259"},{"taxonomy":"post_tag","embeddable":true,"href":"https:\/\/www.europesays.com\/de\/wp-json\/wp\/v2\/tags?post=1283259"}],"curies":[{"name":"wp","href":"https:\/\/api.w.org\/{rel}","templated":true}]}}