{"id":1283261,"date":"2026-09-06T00:21:22","date_gmt":"2026-09-06T00:21:22","guid":{"rendered":"https:\/\/www.europesays.com\/de\/1283261\/"},"modified":"2026-09-06T00:21:22","modified_gmt":"2026-09-06T00:21:22","slug":"heinz-erhardts-nachlass-geht-an-haus-der-geschichte-in-bonn-2","status":"publish","type":"post","link":"https:\/\/www.europesays.com\/de\/1283261\/","title":{"rendered":"Heinz Erhardts Nachlass geht an Haus der Geschichte in Bonn"},"content":{"rendered":"<p id=\"absatz1\">\n\t\t\t\t\t\t\tDer Nachlass des Komikers Heinz Erhardt hat nun eine feste Heimat. Nach einem Erbenstreit werden Briefe und Tageb\u00fccher in Bonn digitalisiert &#8211; und ab 2029 ausgestellt.<\/p>\n<p class=\"em_text\">Der Nachlass des Komikers Heinz Erhardt zieht 47 Jahre nach dessen Tod in das Haus der Geschichte nach Bonn um. Das berichtet der \u201eSpiegel\u201c. Zu den Objekten geh\u00f6ren demnach Briefe an seine Frau, Fotos sowie seine Schreibmaschine, die dem Museum k\u00fcnftig als Dauerleihgabe zur Verf\u00fcgung stehen.<\/p>\n<p class=\"em_text\">Dem Bericht zufolge lagerten die Gegenst\u00e4nde bisher im Keller eines Hauses in Hamburg, in dem noch heute eine Tochter Erhardts lebt. Die \u00dcberf\u00fchrung nach Bonn werde m\u00f6glich, nachdem die Erben einen jahrelangen Streit beigelegt h\u00e4tten. Das Herzst\u00fcck des Nachlasses bilden 19 Tageb\u00fccher, die der Humorist seit den 1940er-Jahren f\u00fcllte.\u00a0<\/p>\n<p class=\"em_text\">Die Objekte sollen nun digitalisiert und katalogisiert werden, um sie voraussichtlich 2029 &#8211; zum 50. Todesjahr und 120. Geburtstag Erhardts &#8211; der \u00d6ffentlichkeit zu pr\u00e4sentieren. Der Komiker, Musiker, Komponist, Schauspieler und Dichter wurde 1909 in Riga (Lettland) geboren und starb 1979 in Hamburg.<\/p>\n<p class=\"em_text\">\u00a9 dpa-infocom, dpa:260905-930-637575\/1<\/p>\n","protected":false},"excerpt":{"rendered":"Der Nachlass des Komikers Heinz Erhardt hat nun eine feste Heimat. Nach einem Erbenstreit werden Briefe und Tageb\u00fccher&hellip;\n","protected":false},"author":2,"featured_media":1283262,"comment_status":"","ping_status":"","sticky":false,"template":"","format":"standard","meta":{"footnotes":"","_share_on_mastodon":"0"},"categories":[1842],"tags":[1741,3364,29,30,1209],"class_list":["post-1283261","post","type-post","status-publish","format-standard","has-post-thumbnail","category-bonn","tag-bonn","tag-de","tag-deutschland","tag-germany","tag-nordrhein-westfalen"],"share_on_mastodon":{"url":"https:\/\/pubeurope.com\/@de\/117221240902002140","error":""},"_links":{"self":[{"href":"https:\/\/www.europesays.com\/de\/wp-json\/wp\/v2\/posts\/1283261","targetHints":{"allow":["GET"]}}],"collection":[{"href":"https:\/\/www.europesays.com\/de\/wp-json\/wp\/v2\/posts"}],"about":[{"href":"https:\/\/www.europesays.com\/de\/wp-json\/wp\/v2\/types\/post"}],"author":[{"embeddable":true,"href":"https:\/\/www.europesays.com\/de\/wp-json\/wp\/v2\/users\/2"}],"replies":[{"embeddable":true,"href":"https:\/\/www.europesays.com\/de\/wp-json\/wp\/v2\/comments?post=1283261"}],"version-history":[{"count":0,"href":"https:\/\/www.europesays.com\/de\/wp-json\/wp\/v2\/posts\/1283261\/revisions"}],"wp:featuredmedia":[{"embeddable":true,"href":"https:\/\/www.europesays.com\/de\/wp-json\/wp\/v2\/media\/1283262"}],"wp:attachment":[{"href":"https:\/\/www.europesays.com\/de\/wp-json\/wp\/v2\/media?parent=1283261"}],"wp:term":[{"taxonomy":"category","embeddable":true,"href":"https:\/\/www.europesays.com\/de\/wp-json\/wp\/v2\/categories?post=1283261"},{"taxonomy":"post_tag","embeddable":true,"href":"https:\/\/www.europesays.com\/de\/wp-json\/wp\/v2\/tags?post=1283261"}],"curies":[{"name":"wp","href":"https:\/\/api.w.org\/{rel}","templated":true}]}}