{"id":1283268,"date":"2026-09-06T00:26:35","date_gmt":"2026-09-06T00:26:35","guid":{"rendered":"https:\/\/www.europesays.com\/de\/1283268\/"},"modified":"2026-09-06T00:26:35","modified_gmt":"2026-09-06T00:26:35","slug":"1-fc-nuernberg-so-ging-das-match-gegen-holstein-kiel-zu-ende","status":"publish","type":"post","link":"https:\/\/www.europesays.com\/de\/1283268\/","title":{"rendered":"1. FC N\u00fcrnberg: So ging das Match gegen Holstein Kiel zu Ende"},"content":{"rendered":"<p>2. Bundesliga <\/p>\n<p>1. FCN in Kiel: Hatte Klose doch Recht?<\/p>\n<p>05.09.2026 &#8211; 16:53 UhrLesedauer: 2 Min.<\/p>\n<p><a href=\"#focus-0\" class=\"transition-colors block text-current relative\" data-sctrack=\"FocusGalleryImage.Reference\"><img fetchpriority=\"high\" data-testid=\"Opener.Image\"   loading=\"eager\" src=\"https:\/\/www.europesays.com\/de\/wp-content\/uploads\/2026\/09\/jonas-meffert-holstein-kiel-l-und-alexios-kalogeropoulos-1-fc-nuernberg-in-zweikampf.jpg\" alt=\"Holstein Kiel - 1. FC N\u00fcrnberg\" title=\"Holstein Kiel - 1. FC N\u00fcrnberg\" width=\"2048\" height=\"1152\" class=\"bg-[url:var(--lqipURL)] bg-cover bg-center flex h-full w-full max-w-full\" style=\"--lqipURL:url('https:\/\/images.t-online.de\/2026\/09\/uXva-z7P-4Wz\/0x107:2048x1152\/fit-in\/150x0\/filters:blur(25)\/jonas-meffert-holstein-kiel-l-und-alexios-kalogeropoulos-1-fc-nuernberg-in-zweikampf.jpg')\" decoding=\"async\"\/><img loading=\"lazy\" src=\"https:\/\/nuernberg.t-online.de\/s\/paper\/_next\/static\/media\/zoom-in.f7dae02f.svg\" alt=\"Vergr\u00f6\u00dfern des Bildes\" title=\"Vergr\u00f6\u00dfern des Bildes\" class=\"block h-[calc(var(--height)_\/_16_*_1rem)] w-[calc(var(--width)_\/_16_*_1rem)] max-w-none absolute right-8 bottom-8 rounded-4 bg-snow p-8\" style=\"--width:32;--height:32\" decoding=\"async\"\/><\/a><\/p>\n<p>Jonas Meffert (Holstein Kiel, l) und Alexios Kalogeropoulos (1. FC N\u00fcrnberg) in Zweikampf. (Quelle: Marcel von Fehrn\/dpa\/dpa-bilder)<\/p>\n<p><img loading=\"lazy\" src=\"https:\/\/nuernberg.t-online.de\/s\/paper\/_next\/static\/media\/audio-volume.6689034c.svg\" alt=\"\" title=\"\" class=\"block h-[calc(var(--height)_\/_16_*_1rem)] w-[calc(var(--width)_\/_16_*_1rem)] max-w-none group-hover:brightness-0 group-hover:invert\" style=\"--width:16;--height:16\" decoding=\"async\"\/>Vorlesen<\/p>\n<p>Aktuelle Zeit:0:00Gesamtdauer:0:00<\/p>\n<p>1x<img loading=\"lazy\" src=\"https:\/\/nuernberg.t-online.de\/s\/paper\/_next\/static\/media\/font-sizes.32942e33.svg\" alt=\"\" title=\"\" class=\"block h-[calc(var(--height)_\/_16_*_1rem)] w-[calc(var(--width)_\/_16_*_1rem)] max-w-none group-hover:hidden group-aria-expanded:hidden\" style=\"--width:16;--height:16\" decoding=\"async\"\/><img loading=\"lazy\" src=\"https:\/\/nuernberg.t-online.de\/s\/paper\/_next\/static\/media\/font-sizes-dark-mode.e382645c.svg\" alt=\"\" title=\"\" class=\"block h-[calc(var(--height)_\/_16_*_1rem)] w-[calc(var(--width)_\/_16_*_1rem)] max-w-none hidden group-hover:block group-aria-expanded:block\" style=\"--width:16;--height:16\" decoding=\"async\"\/><img loading=\"lazy\" src=\"https:\/\/nuernberg.t-online.de\/s\/paper\/_next\/static\/media\/sharing-menu-icon.1eb71368.svg\" alt=\"\" title=\"\" class=\"block h-[calc(var(--height)_\/_16_*_1rem)] w-[calc(var(--width)_\/_16_*_1rem)] max-w-none group-hover:brightness-0 group-hover:invert\" style=\"--width:16;--height:16\" decoding=\"async\"\/>Artikel teilen<\/p>\n<p class=\"font-bold text-18 leading-17 user-text-lg:text-22 user-text-xl:text-24\">Der 1. FC N\u00fcrnberg f\u00fchrt die Tabelle an, doch in Kiel ger\u00e4t der Club zweimal ins Hintertreffen. Am Ende reicht es nur zu einem Punkt.<\/p>\n<p class=\"text-18 leading-17 user-text-lg:text-22 user-text-xl:text-24\">Der <a href=\"https:\/\/www.t-online.de\/themen\/1-fc-nuernberg\/\" class=\"transition-colors cursor-pointer no-underline md:hover:text-magenta md:focus:text-magenta border-b border-solid border-current text-salemsfur md:hover:border-magenta\" data-tracking=\"{&quot;action&quot;:&quot;click&quot;,&quot;category&quot;:&quot;intextLink&quot;,&quot;label&quot;:&quot;https:\/\/www.t-online.de\/themen\/1-fc-nuernberg\/&quot;}\" data-sctrack=\"BodyAnchor\" rel=\"nofollow noopener\" target=\"_blank\">1. FC N\u00fcrnberg<\/a> hat sein erstes Remis in der laufenden Saison der 2. Bundesliga kassiert. Beim 2:2 gegen Holstein Kiel lagen die Franken zweimal zur\u00fcck, blieben aber durch Treffer von Adam Markhiyev und Piet Scobel ungeschlagen. Laut dem Club verfolgten 11.700 Zuschauer im ausverkauften Holstein-Stadion die Partie.<\/p>\n<p class=\"text-18 leading-17 user-text-lg:text-22 user-text-xl:text-24\">Bereits nach 40 Sekunden hatte Mohamed Ali Zoma die F\u00fchrung auf dem Fu\u00df, scheiterte aber an Kiels Torwart Timon Weiner. Danach \u00fcbernahmen die Gastgeber zunehmend die Kontrolle und setzten den Club mit Standards unter Druck. In der 41. Minute schlug N\u00fcrnberg dennoch zu: Markhiyev zog aus der Distanz ab und traf zum 1:0. Die Antwort der Kieler lie\u00df nicht lange auf sich warten. Noch vor dem Halbzeitpfiff k\u00f6pfte Phil Harres einen Freisto\u00df zum Ausgleich ins Netz.<\/p>\n<p>Klose mahnte vor \u00dcbermut nach Saisonstart<\/p>\n<p class=\"text-18 leading-17 user-text-lg:text-22 user-text-xl:text-24\">Auch nach der Pause gingen die Gastgeber in F\u00fchrung. Adrian Kapralik nutzte einen Fehler in der N\u00fcrnberger Abwehr und traf in der 50. Minute zur 2:1-F\u00fchrung. Doch der 21-j\u00e4hrige Scobel, geb\u00fcrtiger Schleswig-Holsteiner, glich sechs Minuten sp\u00e4ter aus. In der Folge dr\u00e4ngte N\u00fcrnberg auf den Siegtreffer. Scobel vergab in der 68. Minute aus elf Metern und scheiterte in der 83. Minute per Kopf knapp vor der Linie. Auch Neuzugang Boving, der sein Deb\u00fct f\u00fcr den Club feierte, traf in der Nachspielzeit nicht mehr.<\/p>\n<p class=\"text-18 leading-17 user-text-lg:text-22 user-text-xl:text-24\">Zuvor <a href=\"https:\/\/nuernberg.t-online.de\/region\/nuernberg\/id_101418978\/1-fc-nuernberg-klose-bremst-klub-trotz-tabellenfuehrung.html\" class=\"transition-colors cursor-pointer no-underline md:hover:text-magenta md:focus:text-magenta border-b border-solid border-current text-salemsfur md:hover:border-magenta\" data-tracking=\"{&quot;action&quot;:&quot;click&quot;,&quot;category&quot;:&quot;intextLink&quot;,&quot;label&quot;:&quot;\/region\/nuernberg\/id_101418978\/1-fc-nuernberg-klose-bremst-klub-trotz-tabellenfuehrung.html&quot;}\" data-sctrack=\"BodyAnchor\" rel=\"nofollow noopener\" target=\"_blank\">hatte FCN-Coach Klose gemahnt<\/a>, man d\u00fcrfe sich ob der mehrfachen Siege nicht zu fr\u00fch freuen. Die Mannschaft, so der einstige Weltmeister, habe noch nichts erreicht. Nun also die Best\u00e4tigung. Immerhin: Bis Sonntag bleiben die Club-M\u00e4nner nach ihrem erfolgreichen Saisonstar noch Tabellenf\u00fchrer in der 2. Bundesliga.<\/p>\n","protected":false},"excerpt":{"rendered":"2. Bundesliga 1. FCN in Kiel: Hatte Klose doch Recht? 05.09.2026 &#8211; 16:53 UhrLesedauer: 2 Min. Jonas Meffert&hellip;\n","protected":false},"author":2,"featured_media":1283269,"comment_status":"","ping_status":"","sticky":false,"template":"","format":"standard","meta":{"footnotes":"","_share_on_mastodon":"0"},"categories":[1837],"tags":[783,722,17161,231640,772,3364,29,88892,30,264634,10243,88811,5076,4949,3783,163218,172183],"class_list":["post-1283268","post","type-post","status-publish","format-standard","has-post-thumbnail","category-nuernberg","tag-1-fc-nuernberg","tag-722","tag-17161","tag-alexios-kalogeropoulos","tag-bayern","tag-de","tag-deutschland","tag-fc-nuernberg","tag-germany","tag-hintertreffen","tag-holstein-kiel","tag-holstein-stadion","tag-jonas-meffert","tag-kiel","tag-nuernberg","tag-piet-scobel","tag-timon-weiner"],"share_on_mastodon":{"url":"https:\/\/pubeurope.com\/@de\/117221262934154906","error":""},"_links":{"self":[{"href":"https:\/\/www.europesays.com\/de\/wp-json\/wp\/v2\/posts\/1283268","targetHints":{"allow":["GET"]}}],"collection":[{"href":"https:\/\/www.europesays.com\/de\/wp-json\/wp\/v2\/posts"}],"about":[{"href":"https:\/\/www.europesays.com\/de\/wp-json\/wp\/v2\/types\/post"}],"author":[{"embeddable":true,"href":"https:\/\/www.europesays.com\/de\/wp-json\/wp\/v2\/users\/2"}],"replies":[{"embeddable":true,"href":"https:\/\/www.europesays.com\/de\/wp-json\/wp\/v2\/comments?post=1283268"}],"version-history":[{"count":0,"href":"https:\/\/www.europesays.com\/de\/wp-json\/wp\/v2\/posts\/1283268\/revisions"}],"wp:featuredmedia":[{"embeddable":true,"href":"https:\/\/www.europesays.com\/de\/wp-json\/wp\/v2\/media\/1283269"}],"wp:attachment":[{"href":"https:\/\/www.europesays.com\/de\/wp-json\/wp\/v2\/media?parent=1283268"}],"wp:term":[{"taxonomy":"category","embeddable":true,"href":"https:\/\/www.europesays.com\/de\/wp-json\/wp\/v2\/categories?post=1283268"},{"taxonomy":"post_tag","embeddable":true,"href":"https:\/\/www.europesays.com\/de\/wp-json\/wp\/v2\/tags?post=1283268"}],"curies":[{"name":"wp","href":"https:\/\/api.w.org\/{rel}","templated":true}]}}