{"id":1283325,"date":"2026-09-06T01:07:42","date_gmt":"2026-09-06T01:07:42","guid":{"rendered":"https:\/\/www.europesays.com\/de\/1283325\/"},"modified":"2026-09-06T01:07:42","modified_gmt":"2026-09-06T01:07:42","slug":"so-geht-uwe-herrmann-heute-mit-seiner-krebsdiagnose-um","status":"publish","type":"post","link":"https:\/\/www.europesays.com\/de\/1283325\/","title":{"rendered":"So geht Uwe Herrmann heute mit seiner Krebsdiagnose um"},"content":{"rendered":"<p>Leipzig &#8211; <strong>&#8222;Ich war vor einer Stunde noch bei der Bestrahlung. Es geht noch eine Weile, aber wir sind \u00fcber den Berg&#8220;, sagte <\/strong><a target=\"_blank\" rel=\"nofollow noopener\" class=\"\" href=\"https:\/\/www.tag24.de\/unterhaltung\/promis\/uwe-herrmann\" data-vars-href=\"https:\/\/www.tag24.de\/unterhaltung\/promis\/uwe-herrmann\" data-vars-identifier=\"1788607144248\" data-vars->Uwe Herrmann<\/a> <strong>(63) am Freitagabend auf dem roten Teppich bei der Goldenen Henne 2026 gegen\u00fcber TAG24. Sein Anzug funkelte und auch der Modedesigner strahlte. Man hat ihm angemerkt, dass er gel\u00f6st wirkte und es ihm besser geht.<\/strong><\/p>\n<p>            <img loading=\"lazy\" decoding=\"async\" class=\"article__img\" alt=\"Auch nach seiner Krebsdiagnose im Fr\u00fchjahr hat Uwe Herrmann (63) das Strahlen nicht verlernt.\" width=\"951\" height=\"634\" src=\"https:\/\/www.europesays.com\/de\/wp-content\/uploads\/2026\/09\/wo9k13kvrkbj49xcrh7t9rj982hrkj75.jpg\"  \/><\/p>\n<p>            Auch nach seiner Krebsdiagnose im Fr\u00fchjahr hat Uwe Herrmann (63) das Strahlen nicht verlernt.\u00a0\u00a0\u00a9\u00a0Christian Grube<\/p>\n<p><a rel=\"nofollow noopener\" href=\"https:\/\/www.tag24.de\/unterhaltung\/promis\/uwe-herrmann\/uwe-herrmann-diagnostiziert-merkelzellkarzinom-im-arm-entdeckt-3500084\" data-vars-href=\"https:\/\/www.tag24.de\/unterhaltung\/promis\/uwe-herrmann\/uwe-herrmann-diagnostiziert-merkelzellkarzinom-im-arm-entdeckt-3500084\" data-vars-identifier=\"1788552169091\" data-aid=\"3500084\" data-vars-aid=\"3500084\" data-vars-url=\"https:\/\/www.tag24.de\/unterhaltung\/promis\/uwe-herrmann\/uwe-herrmann-diagnostiziert-merkelzellkarzinom-im-arm-entdeckt-3500084\" data-vars-aplacement=\"intext\" data-vars- target=\"_blank\">Im Fr\u00fchjahr wurde bei ihm ein Merkelzellkarzinom im rechten Arm entdeckt<\/a>, eine aggressive Form von Hautkrebs. Im Juni konnte der Tumor entfernt werden und <a target=\"_blank\" rel=\"nofollow noopener\" class=\"\" href=\"https:\/\/www.tag24.de\/unterhaltung\/promis\/uwe-herrmann\/krebsfrei-nach-zwei-ops-uwe-herrmann-hofft-auf-positive-genesung-3511263\" data-vars-href=\"https:\/\/www.tag24.de\/unterhaltung\/promis\/uwe-herrmann\/krebsfrei-nach-zwei-ops-uwe-herrmann-hofft-auf-positive-genesung-3511263\" data-vars-identifier=\"1788607188244\" data-aid=\"3511263\" data-vars-aid=\"3511263\" data-vars-url=\"https:\/\/www.tag24.de\/unterhaltung\/promis\/uwe-herrmann\/krebsfrei-nach-zwei-ops-uwe-herrmann-hofft-auf-positive-genesung-3511263\" data-vars-aplacement=\"intext\" data-vars->der Arzt verk\u00fcndete, dass der Dresdner krebsfrei ist<\/a>. Und auch die nachfolgenden Behandlungen schlagen an.<\/p>\n<p>&#8222;Ich werde die n\u00e4chsten drei bis sieben Jahre nicht sterben. Ich bleibe noch da&#8220;, versicherte Herrmann im Interview.<\/p>\n<p>Sein Kampf gegen den Krebs ist noch nicht beendet. Nach der Bestrahlung k\u00f6nnte noch eine Immuntherapie auf den 63-J\u00e4hrigen zukommen, doch auch das wird ihn sicherlich nicht stoppen k\u00f6nnen.<\/p>\n<p>                             <a data-aid=\"3529446\" data-atype=\"news\" data-aplacement=\"inread-article\" data-aplacementid=\"3529917\" href=\"https:\/\/www.tag24.de\/unterhaltung\/promis\/kleingartensheriff\/saechsischer-kleingartensheriff-schneidet-fremde-pflanzen-ab-weil-sie-ihm-nicht-passen-3529446\" rel=\"nofollow noopener\" target=\"_blank\"><img loading=\"lazy\" decoding=\"async\" width=\"85\" height=\"57\" alt=\"S\u00e4chsischer Kleingartensheriff schneidet fremde Pflanzen ab, weil sie ihm nicht passen\" src=\"https:\/\/www.europesays.com\/de\/wp-content\/uploads\/2026\/09\/fscbphofqc8mdmzjmoyphcbabr0xgff9.jpg\"\/><\/a><\/p>\n<p>            Kleingartensheriff<br \/>\n                            <a class=\"inread-article__headline\" data-aid=\"3529446\" data-atype=\"news\" data-aplacement=\"inread-article\" data-aplacementid=\"3529917\" href=\"https:\/\/www.tag24.de\/unterhaltung\/promis\/kleingartensheriff\/saechsischer-kleingartensheriff-schneidet-fremde-pflanzen-ab-weil-sie-ihm-nicht-passen-3529446\" rel=\"nofollow noopener\" target=\"_blank\">S\u00e4chsischer Kleingartensheriff schneidet fremde Pflanzen ab, weil sie ihm nicht passen<\/a><\/p>\n<p>&#8222;Ich bin nicht tot. Ich bin st\u00e4ndig unterwegs. Ich liege nicht im Bett&#8220;, erkl\u00e4rte er und erz\u00e4hlte, dass er in den n\u00e4chsten Tagen schon wieder ein Event hat und dann beruflich nach Asien fliegt.<\/p>\n<p><strong>F\u00fcr den <\/strong><a rel=\"nofollow noopener\" class=\"intern-link\" href=\"https:\/\/www.tag24.de\/sachsen\" data-vars-href=\"https:\/\/www.tag24.de\/sachsen\" data-vars-identifier=\"1788556481178\" data-vars-origin-id=\"490\" data-vars- target=\"_blank\">Sachsen<\/a><strong> geh\u00f6rt die richtige Einstellung auch zur Genesung dazu: &#8222;Wenn man macht, was man liebt, konzentriert man sich nicht auf die Wehleidigkeit&#8220;, so Herrmann.<\/strong><\/p>\n<p>            <img decoding=\"async\" class=\"article__img\" alt=\"Uwe Herrmann war nicht nur selbst bei der Goldenen Henne pr\u00e4sent, sondern auch zahlreiche seiner Kleider wurden bei der Preisverleihung getragen.\" width=\"951\" height=\"634\" loading=\"lazy\" src=\"https:\/\/www.europesays.com\/de\/wp-content\/uploads\/2026\/09\/xdckep5ayofph8mld99err0y56viqp1e.jpg\"  \/><\/p>\n<p>            Uwe Herrmann war nicht nur selbst bei der Goldenen Henne pr\u00e4sent, sondern auch zahlreiche seiner Kleider wurden bei der Preisverleihung getragen.\u00a0\u00a0\u00a9\u00a0Christian Grube<\/p>\n<p>Der s\u00e4chsische Modedesigner hat auch zahlreiche Promis f\u00fcr die Goldene Henne ausgestattet. Er sch\u00e4tzte, dass mindestens 30 bis 40 seiner Kleider bei der Preisverleihung getragen wurden.<\/p>\n<p>Namen wollte er nicht nennen, denn &#8222;ein paar haben bezahlt und ein paar nicht, deswegen halte ich mich mit der Erw\u00e4hnung zur\u00fcck&#8220;, scherzte er im TAG24-Interview.<\/p>\n<p>Einen Namen nannte er dann doch. &#8222;Brisant&#8220;-Moderatorin Kamilla Senjo (51) gl\u00e4nzte in einem langen, gr\u00fcnen One-Shoulder-Kleid von Uwe Herrmann und hatte sich vorab auf Instagram f\u00fcr die gute Beratung bedankt.<\/p>\n<p>                             <a data-aid=\"3529980\" data-atype=\"news\" data-aplacement=\"inread-article\" data-aplacementid=\"3529917\" href=\"https:\/\/www.tag24.de\/unterhaltung\/promis\/dreimal-an-krebs-erkrankt-schauspieler-michael-mendl-82-friedlich-eingeschlafen-3529980\" rel=\"nofollow noopener\" target=\"_blank\"><img loading=\"lazy\" decoding=\"async\" width=\"85\" height=\"57\" alt=\"Dreimal an Krebs erkrankt: Schauspieler Michael Mendl (\u202082) &quot;friedlich eingeschlafen&quot;\" src=\"https:\/\/www.europesays.com\/de\/wp-content\/uploads\/2026\/09\/33osh59wqsujuanyguwp0lltc2cjv9ze.jpg\"\/><\/a><\/p>\n<p>            Promis &amp; Stars<br \/>\n                            <a class=\"inread-article__headline\" data-aid=\"3529980\" data-atype=\"news\" data-aplacement=\"inread-article\" data-aplacementid=\"3529917\" href=\"https:\/\/www.tag24.de\/unterhaltung\/promis\/dreimal-an-krebs-erkrankt-schauspieler-michael-mendl-82-friedlich-eingeschlafen-3529980\" rel=\"nofollow noopener\" target=\"_blank\">Dreimal an Krebs erkrankt: Schauspieler Michael Mendl (\u202082) &#8222;friedlich eingeschlafen&#8220;<\/a><\/p>\n<p>&#8222;Die Goldene Henne ist die Hochzeit der H\u00fchner, ohne Frauen als H\u00fchner zu bezeichnen&#8220;, erkl\u00e4rte der 63-J\u00e4hrige mit einem Augenzwinkern. &#8222;Jeder soll das anf\u00fchlen, wo er sich wohlf\u00fchlt und was dem roten Teppich und der Veranstaltung w\u00fcrdig ist.&#8220; Wichtig sei nur, dass man &#8222;geputzte Fingern\u00e4gel und saubere Schuhe&#8220; habe.<\/p>\n<p>Eine \u00dcberraschung gab es f\u00fcr Uwe Herrmann ebenfalls am Freitagabend. Er erz\u00e4hlte, dass sich Der Graf von Unheilig (56) als gro\u00dfer Fan des Designers outete. Dar\u00fcber habe er sich gefreut.<\/p>\n<p><strong>Au\u00dferdem teilte er im Gespr\u00e4ch mit, dass das Zusammentreffen mit Schauspieler, Musiker und Maler Armin Mueller-Stahl (95), der die Goldene Henne f\u00fcr sein Lebenswerk erhielt, f\u00fcr ihn ein Highlight des Abends war. Die beiden sind alte Freunde und werden sicherlich den Abend in <\/strong><a rel=\"nofollow noopener\" class=\"intern-link\" href=\"https:\/\/www.tag24.de\/leipzig\" data-vars-href=\"https:\/\/www.tag24.de\/leipzig\" data-vars-identifier=\"1788555941666\" data-vars-origin-id=\"1152\" data-vars- target=\"_blank\">Leipzig<\/a><strong> gemeinsam gefeiert haben.<\/strong><\/p>\n","protected":false},"excerpt":{"rendered":"Leipzig &#8211; &#8222;Ich war vor einer Stunde noch bei der Bestrahlung. Es geht noch eine Weile, aber wir&hellip;\n","protected":false},"author":2,"featured_media":1283326,"comment_status":"","ping_status":"","sticky":false,"template":"","format":"standard","meta":{"footnotes":"","_share_on_mastodon":"0"},"categories":[1776],"tags":[1801,29,214,30,1802,215],"class_list":["post-1283325","post","type-post","status-publish","format-standard","has-post-thumbnail","category-prominente","tag-celebrities","tag-deutschland","tag-entertainment","tag-germany","tag-prominente","tag-unterhaltung"],"share_on_mastodon":{"url":"https:\/\/pubeurope.com\/@de\/117221423876545615","error":""},"_links":{"self":[{"href":"https:\/\/www.europesays.com\/de\/wp-json\/wp\/v2\/posts\/1283325","targetHints":{"allow":["GET"]}}],"collection":[{"href":"https:\/\/www.europesays.com\/de\/wp-json\/wp\/v2\/posts"}],"about":[{"href":"https:\/\/www.europesays.com\/de\/wp-json\/wp\/v2\/types\/post"}],"author":[{"embeddable":true,"href":"https:\/\/www.europesays.com\/de\/wp-json\/wp\/v2\/users\/2"}],"replies":[{"embeddable":true,"href":"https:\/\/www.europesays.com\/de\/wp-json\/wp\/v2\/comments?post=1283325"}],"version-history":[{"count":0,"href":"https:\/\/www.europesays.com\/de\/wp-json\/wp\/v2\/posts\/1283325\/revisions"}],"wp:featuredmedia":[{"embeddable":true,"href":"https:\/\/www.europesays.com\/de\/wp-json\/wp\/v2\/media\/1283326"}],"wp:attachment":[{"href":"https:\/\/www.europesays.com\/de\/wp-json\/wp\/v2\/media?parent=1283325"}],"wp:term":[{"taxonomy":"category","embeddable":true,"href":"https:\/\/www.europesays.com\/de\/wp-json\/wp\/v2\/categories?post=1283325"},{"taxonomy":"post_tag","embeddable":true,"href":"https:\/\/www.europesays.com\/de\/wp-json\/wp\/v2\/tags?post=1283325"}],"curies":[{"name":"wp","href":"https:\/\/api.w.org\/{rel}","templated":true}]}}