{"id":1283329,"date":"2026-09-06T01:14:25","date_gmt":"2026-09-06T01:14:25","guid":{"rendered":"https:\/\/www.europesays.com\/de\/1283329\/"},"modified":"2026-09-06T01:14:25","modified_gmt":"2026-09-06T01:14:25","slug":"hoehle-der-loewen-vox-koelner-kandidatin-bringt-judith-williams-zum-lachen","status":"publish","type":"post","link":"https:\/\/www.europesays.com\/de\/1283329\/","title":{"rendered":"H\u00f6hle der L\u00f6wen | Vox: K\u00f6lner Kandidatin bringt Judith Williams zum Lachen"},"content":{"rendered":"<p>&#8222;Die H\u00f6hle der L\u00f6wen&#8220; <\/p>\n<p>K\u00f6lner Gr\u00fcnderin zeigt Produkt \u2013 es kommt zu Lachern<\/p>\n<p>Aktualisiert am 05.09.2026 &#8211; 11:29 UhrLesedauer: 2 Min.<\/p>\n<p><a href=\"#focus-0\" class=\"transition-colors block text-current relative\" data-sctrack=\"FocusGalleryImage.Reference\"><img fetchpriority=\"high\" data-testid=\"Opener.Image\"   loading=\"eager\" src=\"https:\/\/www.europesays.com\/de\/wp-content\/uploads\/2026\/09\/koelner-gruenderin-kaschma-bakhtiar-in-der-hoehle-der-loewen-sie-verhandelte-in-der-vox-sendung-mit-.jpeg\" alt=\"K\u00f6lner Gr\u00fcnderin Kaschma Bakhtiar in der &quot;H\u00f6hle der L\u00f6wen&quot;: Sie verhandelte in der Vox-Sendung mit mehreren L\u00f6wen.\" title=\"K\u00f6lner Gr\u00fcnderin Kaschma Bakhtiar in der &quot;H\u00f6hle der L\u00f6wen&quot;: Sie verhandelte in der Vox-Sendung mit mehreren L\u00f6wen.\" width=\"1300\" height=\"731\" class=\"bg-[url:var(--lqipURL)] bg-cover bg-center flex h-full w-full max-w-full\" style=\"--lqipURL:url('https:\/\/images.t-online.de\/2026\/09\/FLEtZUJ-7Ndi\/89x14:1300x731\/fit-in\/150x0\/filters:blur(25)\/koelner-gruenderin-kaschma-bakhtiar-in-der-hoehle-der-loewen-sie-verhandelte-in-der-vox-sendung-mit-mehreren-loewen.jpg')\" decoding=\"async\"\/><img loading=\"lazy\" src=\"https:\/\/koeln.t-online.de\/s\/paper\/_next\/static\/media\/zoom-in.f7dae02f.svg\" alt=\"Vergr\u00f6\u00dfern des Bildes\" title=\"Vergr\u00f6\u00dfern des Bildes\" class=\"block h-[calc(var(--height)_\/_16_*_1rem)] w-[calc(var(--width)_\/_16_*_1rem)] max-w-none absolute right-8 bottom-8 rounded-4 bg-snow p-8\" style=\"--width:32;--height:32\" decoding=\"async\"\/><\/a><\/p>\n<p>K\u00f6lner Gr\u00fcnderin Kaschma Bakhtiar in der &#8222;H\u00f6hle der L\u00f6wen&#8220;: Sie verhandelte in der Vox-Sendung mit mehreren L\u00f6wen. (Quelle: RTL+)<\/p>\n<p><img loading=\"lazy\" src=\"https:\/\/koeln.t-online.de\/s\/paper\/_next\/static\/media\/audio-volume.6689034c.svg\" alt=\"\" title=\"\" class=\"block h-[calc(var(--height)_\/_16_*_1rem)] w-[calc(var(--width)_\/_16_*_1rem)] max-w-none group-hover:brightness-0 group-hover:invert\" style=\"--width:16;--height:16\" decoding=\"async\"\/>Vorlesen<\/p>\n<p>Aktuelle Zeit:0:00Gesamtdauer:0:00<\/p>\n<p>1x<img loading=\"lazy\" src=\"https:\/\/koeln.t-online.de\/s\/paper\/_next\/static\/media\/font-sizes.32942e33.svg\" alt=\"\" title=\"\" class=\"block h-[calc(var(--height)_\/_16_*_1rem)] w-[calc(var(--width)_\/_16_*_1rem)] max-w-none group-hover:hidden group-aria-expanded:hidden\" style=\"--width:16;--height:16\" decoding=\"async\"\/><img loading=\"lazy\" src=\"https:\/\/koeln.t-online.de\/s\/paper\/_next\/static\/media\/font-sizes-dark-mode.e382645c.svg\" alt=\"\" title=\"\" class=\"block h-[calc(var(--height)_\/_16_*_1rem)] w-[calc(var(--width)_\/_16_*_1rem)] max-w-none hidden group-hover:block group-aria-expanded:block\" style=\"--width:16;--height:16\" decoding=\"async\"\/><img loading=\"lazy\" src=\"https:\/\/koeln.t-online.de\/s\/paper\/_next\/static\/media\/sharing-menu-icon.1eb71368.svg\" alt=\"\" title=\"\" class=\"block h-[calc(var(--height)_\/_16_*_1rem)] w-[calc(var(--width)_\/_16_*_1rem)] max-w-none group-hover:brightness-0 group-hover:invert\" style=\"--width:16;--height:16\" decoding=\"async\"\/>Artikel teilen<\/p>\n<p class=\"font-bold text-18 leading-17 user-text-lg:text-22 user-text-xl:text-24\">Mit ihrer Idee wollte eine K\u00f6lner Gr\u00fcnderin bei den L\u00f6wen punkten. Stattdessen bringt sie die Investoren schlagartig zum Lachen. Konnte sie die L\u00f6wen doch \u00fcberzeugen?<\/p>\n<p class=\"text-18 leading-17 user-text-lg:text-22 user-text-xl:text-24\">In der &#8222;H\u00f6hle der L\u00f6wen&#8220; k\u00e4mpft am Montagabend eine K\u00f6lner Unternehmerin um die Zukunft ihres Produktes, dass aus einer pers\u00f6nlichen Krise entstand. In der Show (seit der vergangenen Woche bereits bei RTL+, am Montagabend dann bei VOX im TV) berichtet Kashma Bakhtiar von ihren schmerzhaften Erfahrungen.<\/p>\n<p class=\"text-18 leading-17 user-text-lg:text-22 user-text-xl:text-24\">Nach einer erlebten Fehlgeburt litt die K\u00f6lnerin unter hormonellen Ver\u00e4nderungen, so wie einer Schilddr\u00fcsenunterfunktion. Durch diese gesundheitliche Belastung verlor die Gr\u00fcnderin b\u00fcschelweise Haare. Doch genau aus dieser Not heraus, begann sie zu Hause zu experimentieren, um eine nat\u00fcrliche L\u00f6sung gegen Haarausfall zu finden.<\/p>\n<p class=\"text-18 leading-17 user-text-lg:text-22 user-text-xl:text-24\">Nach mehreren Versuchen, unter anderem mit vielen Kr\u00e4utern, kam sie am Ende auf ein Haarprodukt mit 17 unterschiedlichen \u00d6len, die das Haarwachstum f\u00f6rdern sollen.<\/p>\n<ul class=\"text-18 leading-17 block pl-24 *:pb-16 *:before:inline-block *:before:size-8 *:before:bg-magenta *:before:mt-0 *:before:mr-12 *:before:mb-2 *:before:-ml-[20px]\">\n<li><strong class=\"font-bold\">Neue App:<\/strong> <a href=\"https:\/\/koeln.t-online.de\/region\/koeln\/id_101381758\/-hoehle-der-loewen-ex-fc-trainer-baumgart-wirbt-fuer-sport-app.html\" class=\"transition-colors cursor-pointer no-underline md:hover:text-magenta md:focus:text-magenta border-b border-solid border-current text-salemsfur md:hover:border-magenta\" data-tracking=\"{&quot;action&quot;:&quot;click&quot;,&quot;category&quot;:&quot;intextLink&quot;,&quot;label&quot;:&quot;\/region\/koeln\/id_101381758\/-hoehle-der-loewen-ex-fc-trainer-baumgart-wirbt-fuer-sport-app.html&quot;}\" data-sctrack=\"BodyAnchor\" rel=\"nofollow noopener\" target=\"_blank\">Ex-FC-Trainer geht in die &#8222;H\u00f6hle der L\u00f6wen&#8220;<\/a><\/li>\n<li><strong class=\"font-bold\">&#8222;Die H\u00f6hle der L\u00f6wen&#8220; K\u00f6lner Start-up:<\/strong> <a href=\"https:\/\/koeln.t-online.de\/region\/koeln\/id_101186122\/-hoehle-der-loewen-koelner-weltneuheit-erstaunt-janna-ensthaler.html\" class=\"transition-colors cursor-pointer no-underline md:hover:text-magenta md:focus:text-magenta border-b border-solid border-current text-salemsfur md:hover:border-magenta\" data-tracking=\"{&quot;action&quot;:&quot;click&quot;,&quot;category&quot;:&quot;intextLink&quot;,&quot;label&quot;:&quot;\/region\/koeln\/id_101186122\/-hoehle-der-loewen-koelner-weltneuheit-erstaunt-janna-ensthaler.html&quot;}\" data-sctrack=\"BodyAnchor\" rel=\"nofollow noopener\" target=\"_blank\">Tr\u00e4nen flie\u00dfen beim Pitch<\/a><\/li>\n<\/ul>\n<p>&#8222;H\u00f6hle der L\u00f6wen&#8220; bei Vox: K\u00f6lner Gr\u00fcnderin testet Produkt mit Andreas Herb<\/p>\n<p class=\"text-18 leading-17 user-text-lg:text-22 user-text-xl:text-24\">Wie sich das Produkt anf\u00fchlt, durfte Gast-L\u00f6we Andreas Herb bei einer Live-Kopfmassage testen. Worauf er reagierte: &#8222;Irgendwie sp\u00fcre ich schon was.&#8220;, was im Studio gro\u00dfes Gel\u00e4chter ausl\u00f6ste.<\/p>\n<p><a href=\"#focus-1\" class=\"transition-colors block text-current relative\" data-sctrack=\"FocusGalleryImage.Reference\"><img   loading=\"lazy\" src=\"https:\/\/www.europesays.com\/de\/wp-content\/uploads\/2026\/09\/1788657263_963_image.jpg\" alt=\"Die H\u00f6hle der L\u00f6wen\" title=\"Die H\u00f6hle der L\u00f6wen\" width=\"1741\" height=\"980\" class=\"h-full w-full max-w-full rounded-8\" decoding=\"async\"\/><img loading=\"lazy\" src=\"https:\/\/koeln.t-online.de\/s\/paper\/_next\/static\/media\/zoom-in.f7dae02f.svg\" alt=\"Vergr\u00f6\u00dfern des Bildes\" title=\"Vergr\u00f6\u00dfern des Bildes\" class=\"block h-[calc(var(--height)_\/_16_*_1rem)] w-[calc(var(--width)_\/_16_*_1rem)] max-w-none absolute right-8 bottom-8 rounded-4 bg-snow p-8\" style=\"--width:32;--height:32\" decoding=\"async\"\/>K\u00f6lner Gr\u00fcnderin testet in &#8222;die H\u00f6hle der L\u00f6wen&#8220; ihr neues Produkt an den Investoren Andreas Herb. (Quelle: RTL) (Quelle: RTL Media)<\/a><\/p>\n<p class=\"text-18 leading-17 user-text-lg:text-22 user-text-xl:text-24\">Dabei interessierten sich die L\u00f6wen auch f\u00fcr den wirtschaftlichen Erfolg des Produktes, den die Gr\u00fcnderin die letzten zwei Jahre erzielt hatte. Innerhalb von zwei Jahren hat die K\u00f6lnerin 320.000 Euro Umsatz erreichen k\u00f6nnen.<\/p>\n<p class=\"text-18 leading-17 user-text-lg:text-22 user-text-xl:text-24\">Auf die wohl provokant gemeinte Frage von Jurorin Judith Williams, weshalb sie noch keine zehn Millionen Euro Umsatz erreicht hat, antwortete sie: &#8222;Ich habe kein Marketing betrieben.&#8220; Immerhin folgen dem Produkt Koralls bereits 38.100 Follower auf Instagram.<\/p>\n<p>Deal in der &#8222;H\u00f6hle der L\u00f6wen&#8220; f\u00fcr Kandidatin aus K\u00f6ln<\/p>\n<p><a href=\"#focus-2\" class=\"transition-colors block text-current relative\" data-sctrack=\"FocusGalleryImage.Reference\"><img   loading=\"lazy\" src=\"https:\/\/www.europesays.com\/de\/wp-content\/uploads\/2026\/09\/judith-williams-und-andreas-w-herb-bei-die-hoehle-der-loewen-lassen-sich-das-produkt-von-kashma-bakh.jpeg\" alt=\"Judith Williams und Andreas W. Herb bei &quot;die H\u00f6hle der L\u00f6wen&quot; lassen sich das Produkt von Kashma Bakhtiar genau erkl\u00e4ren.\" title=\"Judith Williams und Andreas W. Herb bei &quot;die H\u00f6hle der L\u00f6wen&quot; lassen sich das Produkt von Kashma Bakhtiar genau erkl\u00e4ren.\" width=\"1659\" height=\"933\" class=\"h-full w-full max-w-full rounded-8\" decoding=\"async\"\/><img loading=\"lazy\" src=\"https:\/\/koeln.t-online.de\/s\/paper\/_next\/static\/media\/zoom-in.f7dae02f.svg\" alt=\"Vergr\u00f6\u00dfern des Bildes\" title=\"Vergr\u00f6\u00dfern des Bildes\" class=\"block h-[calc(var(--height)_\/_16_*_1rem)] w-[calc(var(--width)_\/_16_*_1rem)] max-w-none absolute right-8 bottom-8 rounded-4 bg-snow p-8\" style=\"--width:32;--height:32\" decoding=\"async\"\/>Judith Williams und Andreas Herb lassen sich das Produkt von Kashma Bakhtiar genau erkl\u00e4ren. (Quelle: RTL) (Quelle: RTL\/t-online)<\/a><\/p>\n<p class=\"text-18 leading-17 user-text-lg:text-22 user-text-xl:text-24\">Um ihre Produktreihe zu erweitern und zu expandieren, bat Bakhtiar die L\u00f6wen um 150.000 Euro Investment f\u00fcr 15 Prozent Anteil. Mit ihrem Auftreten und Leidenschaft konnte die Unternehmerin drei von f\u00fcnf L\u00f6wen f\u00fcr sich gewinnen. Von dem interessierten Trio versuchte nur Williams zu feilschen und verlangte den doppelten Anteil an der K\u00f6lner Firma.<\/p>\n","protected":false},"excerpt":{"rendered":"&#8222;Die H\u00f6hle der L\u00f6wen&#8220; K\u00f6lner Gr\u00fcnderin zeigt Produkt \u2013 es kommt zu Lachern Aktualisiert am 05.09.2026 &#8211; 11:29&hellip;\n","protected":false},"author":2,"featured_media":1283330,"comment_status":"","ping_status":"","sticky":false,"template":"","format":"standard","meta":{"footnotes":"","_share_on_mastodon":"0"},"categories":[1773],"tags":[195672,158553,29,23366,214,30,23416,264638,1420,640,471,1780,215,230],"class_list":["post-1283329","post","type-post","status-publish","format-standard","has-post-thumbnail","category-serien","tag-195672","tag-andreas-herb","tag-deutschland","tag-die-hoehle-der-loewen","tag-entertainment","tag-germany","tag-judith-williams","tag-kaschma-bakhtiar","tag-koeln","tag-rtl","tag-serien","tag-series","tag-unterhaltung","tag-vox"],"share_on_mastodon":{"url":"https:\/\/pubeurope.com\/@de\/117221452597899606","error":""},"_links":{"self":[{"href":"https:\/\/www.europesays.com\/de\/wp-json\/wp\/v2\/posts\/1283329","targetHints":{"allow":["GET"]}}],"collection":[{"href":"https:\/\/www.europesays.com\/de\/wp-json\/wp\/v2\/posts"}],"about":[{"href":"https:\/\/www.europesays.com\/de\/wp-json\/wp\/v2\/types\/post"}],"author":[{"embeddable":true,"href":"https:\/\/www.europesays.com\/de\/wp-json\/wp\/v2\/users\/2"}],"replies":[{"embeddable":true,"href":"https:\/\/www.europesays.com\/de\/wp-json\/wp\/v2\/comments?post=1283329"}],"version-history":[{"count":0,"href":"https:\/\/www.europesays.com\/de\/wp-json\/wp\/v2\/posts\/1283329\/revisions"}],"wp:featuredmedia":[{"embeddable":true,"href":"https:\/\/www.europesays.com\/de\/wp-json\/wp\/v2\/media\/1283330"}],"wp:attachment":[{"href":"https:\/\/www.europesays.com\/de\/wp-json\/wp\/v2\/media?parent=1283329"}],"wp:term":[{"taxonomy":"category","embeddable":true,"href":"https:\/\/www.europesays.com\/de\/wp-json\/wp\/v2\/categories?post=1283329"},{"taxonomy":"post_tag","embeddable":true,"href":"https:\/\/www.europesays.com\/de\/wp-json\/wp\/v2\/tags?post=1283329"}],"curies":[{"name":"wp","href":"https:\/\/api.w.org\/{rel}","templated":true}]}}