{"id":1283336,"date":"2026-09-06T01:19:19","date_gmt":"2026-09-06T01:19:19","guid":{"rendered":"https:\/\/www.europesays.com\/de\/1283336\/"},"modified":"2026-09-06T01:19:19","modified_gmt":"2026-09-06T01:19:19","slug":"naechster-paukenschlag-bei-den-us-open","status":"publish","type":"post","link":"https:\/\/www.europesays.com\/de\/1283336\/","title":{"rendered":"N\u00e4chster Paukenschlag bei den US Open"},"content":{"rendered":"<p>\tN\u00e4chster Paukenschlag bei den US Open<\/p>\n<p>\t\t\t\t\t\t<a href=\"https:\/\/www.sport.de\/tennis\/atp-usa-us-open\/magazin\/\" rel=\"nofollow noopener\" target=\"_blank\"><img decoding=\"async\" onerror=\"this.style.display='none'\" src=\"https:\/\/www.europesays.com\/de\/wp-content\/uploads\/2026\/09\/589.png\" alt=\"US Open\" title=\"US Open\"\/>US Open<\/a><\/p>\n<p>Artikel teilen<\/p>\n<p>\n\t\tUSA\u00a0US Open\u00a0 News\n\t<\/p>\n<p>* Wir arbeiten in diesem Beitrag mit Affiliate-Links. Wenn Sie \u00fcber diese Links ein Produkt kaufen, erhalten wir vom Anbieter eine Provision. F\u00fcr Sie entstehen dabei keine Mehrkosten. Wo und wann Sie ein Produkt kaufen, bleibt nat\u00fcrlich Ihnen \u00fcberlassen.<\/p>\n","protected":false},"excerpt":{"rendered":"N\u00e4chster Paukenschlag bei den US Open US Open Artikel teilen USA\u00a0US Open\u00a0 News * Wir arbeiten in diesem&hellip;\n","protected":false},"author":2,"featured_media":1283337,"comment_status":"","ping_status":"","sticky":false,"template":"","format":"standard","meta":{"footnotes":"","_share_on_mastodon":"0"},"categories":[136],"tags":[15397,29,264642,30,265,863,63104,4206,64177],"class_list":["post-1283336","post","type-post","status-publish","format-standard","has-post-thumbnail","category-sport","tag-atp","tag-deutschland","tag-francisco-cerundolo","tag-germany","tag-sport","tag-sport-allgemein","tag-taylor-fritz","tag-tennis","tag-us-open"],"share_on_mastodon":{"url":"","error":""},"_links":{"self":[{"href":"https:\/\/www.europesays.com\/de\/wp-json\/wp\/v2\/posts\/1283336","targetHints":{"allow":["GET"]}}],"collection":[{"href":"https:\/\/www.europesays.com\/de\/wp-json\/wp\/v2\/posts"}],"about":[{"href":"https:\/\/www.europesays.com\/de\/wp-json\/wp\/v2\/types\/post"}],"author":[{"embeddable":true,"href":"https:\/\/www.europesays.com\/de\/wp-json\/wp\/v2\/users\/2"}],"replies":[{"embeddable":true,"href":"https:\/\/www.europesays.com\/de\/wp-json\/wp\/v2\/comments?post=1283336"}],"version-history":[{"count":0,"href":"https:\/\/www.europesays.com\/de\/wp-json\/wp\/v2\/posts\/1283336\/revisions"}],"wp:featuredmedia":[{"embeddable":true,"href":"https:\/\/www.europesays.com\/de\/wp-json\/wp\/v2\/media\/1283337"}],"wp:attachment":[{"href":"https:\/\/www.europesays.com\/de\/wp-json\/wp\/v2\/media?parent=1283336"}],"wp:term":[{"taxonomy":"category","embeddable":true,"href":"https:\/\/www.europesays.com\/de\/wp-json\/wp\/v2\/categories?post=1283336"},{"taxonomy":"post_tag","embeddable":true,"href":"https:\/\/www.europesays.com\/de\/wp-json\/wp\/v2\/tags?post=1283336"}],"curies":[{"name":"wp","href":"https:\/\/api.w.org\/{rel}","templated":true}]}}