{"id":1283409,"date":"2026-09-06T02:14:49","date_gmt":"2026-09-06T02:14:49","guid":{"rendered":"https:\/\/www.europesays.com\/de\/1283409\/"},"modified":"2026-09-06T02:14:49","modified_gmt":"2026-09-06T02:14:49","slug":"schalke-leihspieler-kommt-trifft-und-siegt-in-unterzahl-dreier-bei-erstem-drittliga-einsatz","status":"publish","type":"post","link":"https:\/\/www.europesays.com\/de\/1283409\/","title":{"rendered":"Schalke-Leihspieler kommt, trifft \u2013 und siegt: In Unterzahl \u201eDreier\u201c bei erstem Drittliga-Einsatz"},"content":{"rendered":"<p>\t\tSchalke-Leihspieler kommt, trifft \u2013 und siegt<br \/>\n\t\t\t\t\tIn Unterzahl \u201eDreier\u201c bei erstem Drittliga-Einsatz<\/p>\n<p>\t\t\t\t<a class=\"article-author__name\" href=\"https:\/\/www.ruhrnachrichten.de\/author\/norbert-neubaum\/\" rel=\"author nofollow noopener\" target=\"_blank\">Norbert Neubaum<\/a><br \/>\n\t\tfreier Mitarbeiter<\/p>\n<p>    <a href=\"https:\/\/www.ruhrnachrichten.de\/wp-content\/uploads\/2026\/09\/05\/14\/630_0900_6797370_-1648x824.jpg\" rel=\"nofollow noopener\" target=\"_blank\"><\/p>\n<p>            <img loading=\"lazy\" decoding=\"async\" src=\"https:\/\/www.europesays.com\/de\/wp-content\/uploads\/2026\/09\/630_0900_6797363_-640x428.jpg\" width=\"640\" height=\"428\"  alt=\"Starkes Drittliga-Deb\u00fct: Schalkes Leihspieler Peter Remmert (r., hier mit Max Gr\u00fcger).\"\/><\/p>\n<p>    <\/a><br \/>\n    Starkes Drittliga-Deb\u00fct: Schalkes Leihspieler Peter Remmert (r., hier mit Max Gr\u00fcger). \u00a9 RHR-FOTO<\/p>\n<p class=\"article__teaser-text\">War das die Wende beim MSV Duisburg f\u00fcr Peter Remmert? Schalkes Leihspieler wurde bei seinem ersten Drittliga-Einsatz zu einem der Matchwinner.<\/p>\n<p>1 Min Lesezeit<\/p>\n<p class=\"wp-block-paragraph\">Bislang verlief die Saison f\u00fcr Peter Remmert eher unbefriedigend: Der von Schalke an den MSV Duisburg ausgeliehene St\u00fcrmer kam in den drei Drittliga-Spielen des Spitzenreiters noch keine einzige Minute zum Einsatz. Das \u00e4nderte sich am Samstagnachmittag schlagartig.<\/p>\n<p>\t\t<a href=\"https:\/\/www.ruhrnachrichten.de\/schalke-04\/schalke-04-dirks-abschied-stadionsprecher-legenden-hansch-scheffler-w1243799-2002212170\/\" rel=\"nofollow noopener\" aria-hidden=\"true\" tabindex=\"-1\" title=\"Leiser Abschied am Mikrofon Wie der Quatscher auf Schalke zur Identifikationsfigur wurde\" aria-label=\"Leiser Abschied am Mikrofon Wie der Quatscher auf Schalke zur Identifikationsfigur wurde\" target=\"_blank\"><\/p>\n<p>                <img decoding=\"async\" src=\"https:\/\/www.europesays.com\/de\/wp-content\/uploads\/2026\/09\/630_0900_6794480_-160x160.jpg\"  width=\"160\" height=\"160\" alt=\"Dirk Oberschulte Beckmann im Interview mit Youri Mulder im alten Parkstadion.\" loading=\"lazy\"\/><\/p>\n<p>\t\t<\/a><\/p>\n<p class=\"wp-block-paragraph\">Der MSV spielte ab der 25. Minute in Unterzahl, weil Torj\u00e4ger Lex-Tyger Lobinger nach einem Ellbogencheck die Rote Karte gesehen hatte. Es sah also nicht gut aus f\u00fcr die Mannschaft von Trainer Dietmar Hirsch, die sich mit einem 0:0 in die Halbzeitpause rettete.<\/p>\n<p>St\u00e4ndiger Gefahrenherd<\/p>\n<p class=\"wp-block-paragraph\">In der regierte Hirsch und brachte u. a. Peter Remmert ins Spiel \u2013 sein erster Drittliga-Einsatz \u00fcberhaupt. Bei dem musste der Ex-Osnabr\u00fccker mit seinem Team zun\u00e4chst den 0.1-R\u00fcckstand durch Lucas Hermes schlucken (56.), aber dann drehte der MSV Duisburg das Spiel tats\u00e4chlich, vor allem auch dank Remmerts Hilfe. Der 21-J\u00e4hrige besch\u00e4ftigte die Regensburger Abwehr mehr, als der lieb sein konnte \u2013 in der 71. Minute lief Remmert seinem Gegenspieler dann auf und davon und erzielte mit einem platzieren Schuss den Ausgleich. In der 81. Minute traf Tobias Fleckstein sogar noch zum 2:1-Siegtreffer f\u00fcr die G\u00e4ste. Remmert blieb ein st\u00e4ndiger Gefahrenherd und hatte kurz vor Schluss noch die ganz gro\u00dfe Chance zum 1:3, scheiterte aber an Regensburgs Torh\u00fcter Hannes Hermann.<\/p>\n<p>\t\t<a href=\"https:\/\/www.ruhrnachrichten.de\/schalke-04\/schalke-04-bayern-olaf-thon-maus-mentalitaet-mut-veltins-arena-w1243579-2002212028\/\" rel=\"nofollow noopener\" aria-hidden=\"true\" tabindex=\"-1\" title=\"Olaf Thon warnt Schalke vor \u201eMaus\u201c-Mentalit\u00e4t Die Angst vor der Klatsche gegen die Bayern\" aria-label=\"Olaf Thon warnt Schalke vor \u201eMaus\u201c-Mentalit\u00e4t Die Angst vor der Klatsche gegen die Bayern\" target=\"_blank\"><\/p>\n<p>                <img decoding=\"async\" src=\"https:\/\/www.europesays.com\/de\/wp-content\/uploads\/2026\/09\/630_0900_6793833_-160x160.jpg\"  width=\"160\" height=\"160\" alt=\"Olaf Thon beendet mit seinem Abschiedsspiel (18.01.2003) gegen Bayern M\u00fcnchen nach 19 Jahren seine Profikarriere.\u00a0\" loading=\"lazy\"\/><\/p>\n<p>\t\t<\/a><\/p>\n<p class=\"wp-block-paragraph\">Des einen Freud, des anderen Leid. W\u00e4hrend Peter Remmert \u00fcber sein tolles Drittliga-Deb\u00fct und \u00fcber den MSV-Sieg jubelte, machte Nassim Boujellab ein eher bedr\u00f6ppeltes Gesicht: Der Ex-Schalker, jetzt bei Jahn Regensburg, wurde in der 83. Minute nach unauff\u00e4lliger Leistung ausgewechselt.<\/p>\n","protected":false},"excerpt":{"rendered":"Schalke-Leihspieler kommt, trifft \u2013 und siegt In Unterzahl \u201eDreier\u201c bei erstem Drittliga-Einsatz Norbert Neubaum freier Mitarbeiter Starkes Drittliga-Deb\u00fct:&hellip;\n","protected":false},"author":2,"featured_media":1283410,"comment_status":"","ping_status":"","sticky":false,"template":"","format":"standard","meta":{"footnotes":"","_share_on_mastodon":"0"},"categories":[1838],"tags":[3364,29,3715,30,1209,23396,16870],"class_list":["post-1283409","post","type-post","status-publish","format-standard","has-post-thumbnail","category-duisburg","tag-de","tag-deutschland","tag-duisburg","tag-germany","tag-nordrhein-westfalen","tag-schalke","tag-schalke-04"],"share_on_mastodon":{"url":"https:\/\/pubeurope.com\/@de\/117221690591875707","error":""},"_links":{"self":[{"href":"https:\/\/www.europesays.com\/de\/wp-json\/wp\/v2\/posts\/1283409","targetHints":{"allow":["GET"]}}],"collection":[{"href":"https:\/\/www.europesays.com\/de\/wp-json\/wp\/v2\/posts"}],"about":[{"href":"https:\/\/www.europesays.com\/de\/wp-json\/wp\/v2\/types\/post"}],"author":[{"embeddable":true,"href":"https:\/\/www.europesays.com\/de\/wp-json\/wp\/v2\/users\/2"}],"replies":[{"embeddable":true,"href":"https:\/\/www.europesays.com\/de\/wp-json\/wp\/v2\/comments?post=1283409"}],"version-history":[{"count":0,"href":"https:\/\/www.europesays.com\/de\/wp-json\/wp\/v2\/posts\/1283409\/revisions"}],"wp:featuredmedia":[{"embeddable":true,"href":"https:\/\/www.europesays.com\/de\/wp-json\/wp\/v2\/media\/1283410"}],"wp:attachment":[{"href":"https:\/\/www.europesays.com\/de\/wp-json\/wp\/v2\/media?parent=1283409"}],"wp:term":[{"taxonomy":"category","embeddable":true,"href":"https:\/\/www.europesays.com\/de\/wp-json\/wp\/v2\/categories?post=1283409"},{"taxonomy":"post_tag","embeddable":true,"href":"https:\/\/www.europesays.com\/de\/wp-json\/wp\/v2\/tags?post=1283409"}],"curies":[{"name":"wp","href":"https:\/\/api.w.org\/{rel}","templated":true}]}}