{"id":1283474,"date":"2026-09-06T03:03:25","date_gmt":"2026-09-06T03:03:25","guid":{"rendered":"https:\/\/www.europesays.com\/de\/1283474\/"},"modified":"2026-09-06T03:03:25","modified_gmt":"2026-09-06T03:03:25","slug":"seitenmenue-oeffnen-63","status":"publish","type":"post","link":"https:\/\/www.europesays.com\/de\/1283474\/","title":{"rendered":"Seitenmen\u00fc \u00f6ffnen"},"content":{"rendered":"<p class=\"MuiTypography-root MuiTypography-body1 mui-1bbyacl\">Willkommen in Weilhausen!<\/p>\n<p class=\"MuiTypography-root MuiTypography-body1 mui-1qohl2o\">Aktualisiert: 05.09.2026 \u2022 17:40 Uhr<\/p>\n<p>von Luisa A.<img alt=\"\" fetchpriority=\"high\" loading=\"eager\" width=\"1890\" height=\"1063\" decoding=\"async\" data-nimg=\"1\" class=\"mui-1k85kau\" style=\"color:transparent\"   src=\"https:\/\/www.europesays.com\/de\/wp-content\/uploads\/2026\/09\/1788663801_241_image.jpeg\"\/><\/p>\n<p class=\"MuiTypography-root MuiTypography-body1 mui-1pymq60\">V. l.: Rike Schmid, Michael Epp, Pina K\u00fchr, Sina Zadra und Tobias Sch\u00e4fer spielen die Hauptrollen in dem Spin-off &#8222;Die Landarztpraxis &#8211; Team Sonnenhof&#8220;, das zeigt, wie sch\u00f6n Oberbayern ist.<\/p>\n<p class=\"MuiTypography-root MuiTypography-body1 mui-qeigui\">Bild: Bild: Joyn\/ Marc Rehbeck \/ Collage: picture alliance \/ Eibner-Pressefoto | Eibner-Pressefoto\/Ardan Fuessmann \/ picture alliance \/ imageBROKER | Norbert Achtelik \/ picture alliance \/ Goldmann<\/p>\n<p class=\"MuiTypography-root MuiTypography-body1 mui-1qsr6u5\" data-testid=\"intro-paragraph\">Die &#8222;Landarztpraxis&#8220; (2023) feierte gro\u00dfen Erfolg im TV. Im Sommer diesen Jahres folgte das Spin-off &#8222;Die Landarztpraxis &#8211; Team Sonnenhof&#8220; mit teils neuer Besetzung. Weilhausen ist ein Nachbarort von Wiesenkirchen, weshalb sich einige Drehorte nicht nur \u00e4hneln sondern sogar identisch sind. Welche das genau sind, verraten wir dir hier!<\/p>\n<p>Alle Folgen von &#8222;Die Landarztpraxis &#8211; Team Sonnenhof&#8220; sind auf Joyn verf\u00fcgbarLern Weilhausen kennen!<\/p>\n<p class=\"MuiTypography-root MuiTypography-body1 mui-1pymq60\" data-testid=\"paragraph\">In der Fortsetzung geht es um f\u00fcnf Lamminger-Geschwister, die nach dem pl\u00f6tzlichen Tod ihrer Eltern in Weilhausen wieder aufeinandertreffen. Aufgrund von Meinungsschwierigkeiten bez\u00fcglich des elterlichen Gasthofs samt Arztpraxis, kriselt es zwischen den Geschwistern gewaltig.<\/p>\n<p class=\"MuiTypography-root MuiTypography-body1 mui-1pymq60\" data-testid=\"paragraph\">Der wundersch\u00f6ne Drehort des fiktiven Alpendorfs Weilhausen befindet sich, wie in der Originalserie &#8222;<a class=\"MuiTypography-root MuiTypography-inherit MuiLink-root MuiLink-underlineAlways mui-1bbqssm\" tabindex=\"0\" href=\"https:\/\/www.joyn.de\/bts\/serien\/die-landarztpraxis\" rel=\"nofollow noopener\" target=\"_blank\">Die Landarztpraxis<\/a>&#8220; (2023), im bayerischen Alpenvorland. Fans der Serie k\u00f6nnten demnach einige Schaupl\u00e4tze wiedererkennen.<\/p>\n<p>Schliersee<\/p>\n<p class=\"MuiTypography-root MuiTypography-body1 mui-1pymq60\" data-testid=\"paragraph\">Die treuen &#8222;Landarztpraxis&#8220; -Fans kommt wom\u00f6glich diese wundersch\u00f6ne Kulisse sofort bekannt vor. Der Schliersee ist ein beliebter Schauplatz, der gern besucht\u00a0wird\u00a0und als beliebter Urlaubsort gilt. Somit ist er nat\u00fcrlich auch im Spin-off zu sehen. In &#8222;Die Landarztpraxis&#8220; ist der See ein wichtiger Handlungsort. Auf einer Parkbank lernen sich beispielsweise Leo (Katharina Hirschberg) und Basti (Simon Lucas) kennen, die im Laufe der Serie das erste gro\u00dfe Traumpaar bilden.<\/p>\n<p><img alt=\"\" fetchpriority=\"auto\" loading=\"lazy\" width=\"1366\" height=\"768\" decoding=\"async\" data-nimg=\"1\" class=\"mui-1k85kau\" style=\"color:transparent\"   src=\"https:\/\/www.europesays.com\/de\/wp-content\/uploads\/2026\/09\/1788663803_329_image.webp\"\/><\/p>\n<p class=\"MuiTypography-root MuiTypography-body1 mui-1pymq60\">Am Strandbad Schliersee trafen sich Leo (Katharina Hirschberg) und Basti (Simon Lucas) zum ersten Mal.<\/p>\n<p class=\"MuiTypography-root MuiTypography-body1 mui-qeigui\">Bild: filmpool entertainment GmbH K\u00f6ln; picture alliance \/ Jan Eifert | Jan Eifert<\/p>\n<p>Achtung Verwechslungsgefahr!<\/p>\n<p class=\"MuiTypography-root MuiTypography-body1 mui-1pymq60\" data-testid=\"paragraph\">Das Strandbad Schliersee sorgt f\u00fcr eine kleine Abk\u00fchlung! Dieser Drehort ist regelm\u00e4\u00dfig in der Serie &#8222;<a class=\"MuiTypography-root MuiTypography-inherit MuiLink-root MuiLink-underlineAlways mui-1bbqssm\" tabindex=\"0\" href=\"https:\/\/www.joyn.de\/bts\/serien\/die-landarztpraxis-team-sonnenhof\" rel=\"nofollow noopener\" target=\"_blank\">Die Landarztpraxis &#8211; Team Sonnenhof<\/a>&#8220; (2026) zu sehen und kann ebenfalls von Zuschauer:innen besucht werden.<\/p>\n<p class=\"MuiTypography-root MuiTypography-body1 mui-1pymq60\" data-testid=\"paragraph\"><strong>Doch aufgepasst!<\/strong><\/p>\n<p class=\"MuiTypography-root MuiTypography-body1 mui-1pymq60\" data-testid=\"paragraph\">Auch der Spitzingsee wird h\u00e4ufig von der Produktion als Kulisse verwendet. Das Strandbad am Spitzingsee kann dem am Schliersee daher sehr \u00e4hneln. Bei Szenen am Wasser l\u00e4sst sich daher nicht eindeutig bestimmen, an welchem See diese aufgenommen wurden.<\/p>\n<p>Kannst du die beiden Orte voneinander unterscheiden?<img alt=\"\" fetchpriority=\"auto\" loading=\"lazy\" width=\"1920\" height=\"1080\" decoding=\"async\" data-nimg=\"1\" class=\"mui-1k85kau\" style=\"color:transparent\"   src=\"https:\/\/www.europesays.com\/de\/wp-content\/uploads\/2026\/09\/1788663804_965_image.jpeg\"\/><\/p>\n<p class=\"MuiTypography-root MuiTypography-body1 mui-1pymq60\">Traumhafte Kulissen: Der Schliersee (l.) und der Spitzingsee (r.) im Sommer.<\/p>\n<p class=\"MuiTypography-root MuiTypography-body1 mui-qeigui\">Bild: Collage: picture alliance \/ Eibner-Pressefoto | Eibner-Pressefoto\/Ardan Fuessmann \/ picture alliance \/ imageBROKER | Norbert Achtelik<\/p>\n<p>Fischbachau<\/p>\n<p class=\"MuiTypography-root MuiTypography-body1 mui-1pymq60\" data-testid=\"paragraph\">Die katholische Pfarrkirche &#8222;St. Martin&#8220; dient als malerische Kulisse f\u00fcr Au\u00dfenaufnahmen, sowohl bei der Originalserie als auch bei &#8222;Die Landarztpraxis &#8211; Team Sonnenhof&#8220;. Der gelbe Kirchturm verleiht der Szenerie eine m\u00e4rchenhafte Atmosph\u00e4re. Fans der Serie k\u00f6nnen dem Schauplatz ebenso einen Besuch abstatten &#8211; die Kirche steht in der Gemeinde Fischbachau.<\/p>\n<p><img alt=\"\" fetchpriority=\"auto\" loading=\"lazy\" width=\"5760\" height=\"3240\" decoding=\"async\" data-nimg=\"1\" class=\"mui-1k85kau\" style=\"color:transparent\"   src=\"https:\/\/www.europesays.com\/de\/wp-content\/uploads\/2026\/09\/1788663805_631_image.jpeg\"\/><\/p>\n<p class=\"MuiTypography-root MuiTypography-body1 mui-1pymq60\">Die katholische Pfarrkirche St. Martin in Fischbachau.<\/p>\n<p class=\"MuiTypography-root MuiTypography-body1 mui-qeigui\">Bild: picture alliance \/ Goldmann<\/p>\n<p>Wichtige Hinweise &amp; Informationen zum InhaltInformationMehr spannende News f\u00fcr &#8222;Landarztpraxis &#8211; Team Sonnenhof&#8220;-Fans:<\/p>\n<p class=\"MuiTypography-root MuiTypography-body1 mui-1pymq60\" data-testid=\"paragraph\"> Dieser Beitrag wurde urspr\u00fcnglich auf <a class=\"MuiTypography-root MuiTypography-inherit MuiLink-root MuiLink-underlineAlways mui-1bbqssm\" tabindex=\"0\" href=\"https:\/\/www.joyn.de\/bts\" rel=\"nofollow noopener\" target=\"_blank\">Joyn.de (&#8218;Behind the Screens&#8216; Deutschland)<\/a> ver\u00f6ffentlicht. <\/p>\n<p>Mehr entdecken<\/p>\n","protected":false},"excerpt":{"rendered":"Willkommen in Weilhausen! Aktualisiert: 05.09.2026 \u2022 17:40 Uhr von Luisa A. V. l.: Rike Schmid, Michael Epp, Pina&hellip;\n","protected":false},"author":2,"featured_media":1283475,"comment_status":"","ping_status":"","sticky":false,"template":"","format":"standard","meta":{"footnotes":"","_share_on_mastodon":"0"},"categories":[1773],"tags":[29,214,30,471,1780,215],"class_list":["post-1283474","post","type-post","status-publish","format-standard","has-post-thumbnail","category-serien","tag-deutschland","tag-entertainment","tag-germany","tag-serien","tag-series","tag-unterhaltung"],"share_on_mastodon":{"url":"https:\/\/pubeurope.com\/@de\/117221878160579587","error":""},"_links":{"self":[{"href":"https:\/\/www.europesays.com\/de\/wp-json\/wp\/v2\/posts\/1283474","targetHints":{"allow":["GET"]}}],"collection":[{"href":"https:\/\/www.europesays.com\/de\/wp-json\/wp\/v2\/posts"}],"about":[{"href":"https:\/\/www.europesays.com\/de\/wp-json\/wp\/v2\/types\/post"}],"author":[{"embeddable":true,"href":"https:\/\/www.europesays.com\/de\/wp-json\/wp\/v2\/users\/2"}],"replies":[{"embeddable":true,"href":"https:\/\/www.europesays.com\/de\/wp-json\/wp\/v2\/comments?post=1283474"}],"version-history":[{"count":0,"href":"https:\/\/www.europesays.com\/de\/wp-json\/wp\/v2\/posts\/1283474\/revisions"}],"wp:featuredmedia":[{"embeddable":true,"href":"https:\/\/www.europesays.com\/de\/wp-json\/wp\/v2\/media\/1283475"}],"wp:attachment":[{"href":"https:\/\/www.europesays.com\/de\/wp-json\/wp\/v2\/media?parent=1283474"}],"wp:term":[{"taxonomy":"category","embeddable":true,"href":"https:\/\/www.europesays.com\/de\/wp-json\/wp\/v2\/categories?post=1283474"},{"taxonomy":"post_tag","embeddable":true,"href":"https:\/\/www.europesays.com\/de\/wp-json\/wp\/v2\/tags?post=1283474"}],"curies":[{"name":"wp","href":"https:\/\/api.w.org\/{rel}","templated":true}]}}