{"id":1283486,"date":"2026-09-06T03:11:31","date_gmt":"2026-09-06T03:11:31","guid":{"rendered":"https:\/\/www.europesays.com\/de\/1283486\/"},"modified":"2026-09-06T03:11:31","modified_gmt":"2026-09-06T03:11:31","slug":"autohaus-koenig-meldet-insolvenz-an-1200-beschaeftigte-betroffen","status":"publish","type":"post","link":"https:\/\/www.europesays.com\/de\/1283486\/","title":{"rendered":"Autohaus K\u00f6nig meldet Insolvenz an: 1200 Besch\u00e4ftigte betroffen"},"content":{"rendered":"<ol class=\"id-DonaldBreadcrumb lp_west_breadcrumb id-DonaldBreadcrumb--default\" data-k5a-pos=\"west_breadcrumb\">\n<li class=\"id-Breadcrumb-item\"><a href=\"https:\/\/www.merkur.de\/\" class=\"id-Breadcrumb-link\" data-id-ec=\"{\" shn=\"\" textlink=\"\" data-k5a-pos=\"1_startseite\" rel=\"nofollow noopener\" target=\"_blank\">Startseite<\/a><\/li>\n<li class=\"id-Breadcrumb-item\"><a href=\"https:\/\/www.merkur.de\/wirtschaft\/\" class=\"id-Breadcrumb-link\" data-id-ec=\"{\" shn=\"\" textlink=\"\" data-k5a-pos=\"2_wirtschaft\" rel=\"nofollow noopener\" target=\"_blank\">Wirtschaft<\/a><\/li>\n<\/ol>\n<p class=\"id-Story-timestamp id-Story-timestamp--default\">Stand: 06.09.2026, 04:47 Uhr<\/p>\n<p class=\"id-Story-authors id-Story-authors--default\">Von: <a class=\"id-Story-authors-link lp_west_author\" href=\"https:\/\/www.merkur.de\/autor\/marcel-reich-phbdis2x5.html\" title=\"Zur Autorenseite von Marcel Reich\" data-id-ec=\"{\" shn=\"\" author-link=\"\" reich=\"\" data-k5a-pos=\"west_author\" rel=\"nofollow noopener\" target=\"_blank\">Marcel Reich<\/a><\/p>\n<p class=\"id-Story-interactionBar id-Story-interactionBar--default\">DruckenTeilen<\/p>\n<p><a href=\"https:\/\/profile.google.com\/cp\/CgsvZy8xODdjY3p3choA\" class=\"id-Story-googleFollowButton id-Story-googleFollowButton--default\" target=\"_blank\" data-id-ec=\"{\" shn=\"\" google-follow=\"\" auf=\"\" google=\"\" folgen=\"\" rel=\"nofollow noopener\">Uns auf Google folgen<\/a><\/p>\n<p class=\"id-StoryElement-leadText\">Eine der bekanntesten Autohausgruppen Deutschlands steht vor einer ungewissen Zukunft. Der Fall zeigt, wie stark der Druck im Autohandel w\u00e4chst.<\/p>\n<p class=\"id-StoryElement-paragraph\">M\u00fcnchen \u2013 Das Autohaus K\u00f6nig, nach eigenen Angaben Deutschlands gr\u00f6\u00dfter Renault-H\u00e4ndler, hat <a href=\"https:\/\/www.merkur.de\/wirtschaft\/insolvenz-sti1525342\/\" class=\"id-import-Link\" title=\"Insolvenz\" data-id-ec=\"{&quot;sht&quot;:&quot;Container&quot;,&quot;shn&quot;:&quot;Story&quot;,&quot;p&quot;:{&quot;containerType&quot;:&quot;Paragraph&quot;,&quot;displayType&quot;:&quot;Paragraph InlineLink&quot;,&quot;type&quot;:&quot;INLINE_LINK&quot;,&quot;value&quot;:&quot;Insolvenz&quot;,&quot;variant&quot;:&quot;standardLink&quot;,&quot;sponsored&quot;:false,&quot;linkHref&quot;:&quot;https:\/\/www.merkur.de\/wirtschaft\/insolvenz-sti1525342\/&quot;,&quot;storyElementPosition&quot;:8,&quot;storyElementCount&quot;:39}}\" rel=\"nofollow noopener\" target=\"_blank\">Insolvenz<\/a> angemeldet. Betroffen sind rund 1200 Besch\u00e4ftigte an 82 Standorten. Das Berliner Familienunternehmen <a href=\"https:\/\/www.merkur.de\/wirtschaft\/autohaendler-ist-pleite-schwache-auto-nachfrage-treibt-traditionshaus-in-insolvenz-zr-94065486.html\" class=\"id-import-Link\" data-id-ec=\"{&quot;sht&quot;:&quot;Container&quot;,&quot;shn&quot;:&quot;Story&quot;,&quot;p&quot;:{&quot;containerType&quot;:&quot;Paragraph&quot;,&quot;displayType&quot;:&quot;Paragraph InlineLink&quot;,&quot;type&quot;:&quot;INLINE_LINK&quot;,&quot;value&quot;:&quot;geh&#xF6;rt zu den bekanntesten Autohandelsgruppen Deutschlands&quot;,&quot;variant&quot;:&quot;standardLink&quot;,&quot;sponsored&quot;:false,&quot;linkHref&quot;:&quot;https:\/\/www.merkur.de\/wirtschaft\/autohaendler-ist-pleite-schwache-auto-nachfrage-treibt-traditionshaus-in-insolvenz-zr-94065486.html&quot;,&quot;storyElementPosition&quot;:8,&quot;storyElementCount&quot;:39}}\" rel=\"nofollow noopener\" target=\"_blank\">geh\u00f6rt zu den bekanntesten Autohandelsgruppen Deutschlands<\/a> \u2013 und steht nun nach sechs Jahrzehnten Wachstum vor einer ungewissen Zukunft.<\/p>\n<p><img decoding=\"async\" class=\"id-RatioPlaceholder-element wv_story_el_image\" src=\"https:\/\/www.europesays.com\/de\/wp-content\/uploads\/2026\/09\/43941034-autohaus-koenig-insolvenz-renault-kette-OzBG.jpg\" loading=\"lazy\"   height=\"733\" width=\"1100\" alt=\"Autohaus K&#xF6;nig: Der Berliner Autoh&#xE4;ndler hat nach Medienberichten Insolvenz angemeldet. Die Gruppe gilt nach eigenen Angaben als gr&#xF6;&#xDF;ter Renault-H&#xE4;ndler Deutschlands und betreibt 82 Standorte mit rund 1200 Besch&#xE4;ftigten.\"\/>Autohaus K\u00f6nig: Der Berliner Autoh\u00e4ndler hat nach Medienberichten Insolvenz angemeldet. Die Gruppe gilt nach eigenen Angaben als gr\u00f6\u00dfter Renault-H\u00e4ndler Deutschlands und betreibt 82 Standorte mit rund 1200 Besch\u00e4ftigten. \u00a9\u00a0IMAGO\/Joko<\/p>\n<p class=\"id-StoryElement-paragraph\">Die <a href=\"https:\/\/www.merkur.de\/wirtschaft\/insolvenz-sti1525342\/\" class=\"id-import-Link\" title=\"Insolvenz\" data-id-ec=\"{&quot;sht&quot;:&quot;Container&quot;,&quot;shn&quot;:&quot;Story&quot;,&quot;p&quot;:{&quot;containerType&quot;:&quot;Paragraph&quot;,&quot;displayType&quot;:&quot;Paragraph InlineLink&quot;,&quot;type&quot;:&quot;INLINE_LINK&quot;,&quot;value&quot;:&quot;Insolvenz&quot;,&quot;variant&quot;:&quot;standardLink&quot;,&quot;sponsored&quot;:false,&quot;linkHref&quot;:&quot;https:\/\/www.merkur.de\/wirtschaft\/insolvenz-sti1525342\/&quot;,&quot;storyElementPosition&quot;:11,&quot;storyElementCount&quot;:39}}\" rel=\"nofollow noopener\" target=\"_blank\">Insolvenz<\/a> trifft eine Branche, die ohnehin unter Druck steht. Autoh\u00e4ndler klagen \u00fcber wachsende Vorgaben der Hersteller, steigende B\u00fcrokratie, schwache Kauflaune und eine Politik, die das Auto zunehmend als Problem betrachte. Der Fall Autohaus K\u00f6nig gilt vielen Beobachtern deshalb <a href=\"https:\/\/www.merkur.de\/wirtschaft\/auto-praemie-treibt-haendler-in-die-krise-brandbeschleuniger-und-blutbad-zr-94158952.html\" class=\"id-import-Link\" data-id-ec=\"{&quot;sht&quot;:&quot;Container&quot;,&quot;shn&quot;:&quot;Story&quot;,&quot;p&quot;:{&quot;containerType&quot;:&quot;Paragraph&quot;,&quot;displayType&quot;:&quot;Paragraph InlineLink&quot;,&quot;type&quot;:&quot;INLINE_LINK&quot;,&quot;value&quot;:&quot;als Symbol f&#xFC;r die Krise des deutschen Autohandels.&quot;,&quot;variant&quot;:&quot;standardLink&quot;,&quot;sponsored&quot;:false,&quot;linkHref&quot;:&quot;https:\/\/www.merkur.de\/wirtschaft\/auto-praemie-treibt-haendler-in-die-krise-brandbeschleuniger-und-blutbad-zr-94158952.html&quot;,&quot;storyElementPosition&quot;:11,&quot;storyElementCount&quot;:39}}\" rel=\"nofollow noopener\" target=\"_blank\">als Symbol f\u00fcr die Krise des deutschen Autohandels.<\/a><\/p>\n<p>Autohaus K\u00f6nig meldet Insolvenz an<\/p>\n<p class=\"id-StoryElement-paragraph\">Das Unternehmen selbst hat sich bislang nicht \u00f6ffentlich zu den Berichten ge\u00e4u\u00dfert. Nach Informationen der \u201eWelt\u201c unter Berufung auf vertrauliche Unternehmensunterlagen wurde die Belegschaft lediglich per \u201eHausmitteilung\u201c \u00fcber die Lage informiert. Auch das Branchenportal \u201eAutohaus\u201c berichtete \u00fcber finanzielle Schwierigkeiten und verwies auf ein Schreiben, in dem aus rechtlichen Gr\u00fcnden <a href=\"https:\/\/www.merkur.de\/wirtschaft\/insolvenz-bei-koenig-gruppe-was-jetzt-mit-1000-jobs-passiert-zr-94455419.html\" class=\"id-import-Link\" data-id-ec=\"{&quot;sht&quot;:&quot;Container&quot;,&quot;shn&quot;:&quot;Story&quot;,&quot;p&quot;:{&quot;containerType&quot;:&quot;Paragraph&quot;,&quot;displayType&quot;:&quot;Paragraph InlineLink&quot;,&quot;type&quot;:&quot;INLINE_LINK&quot;,&quot;value&quot;:&quot;auf amtliche Bekanntmachungen zu einem Insolvenzverfahren verwiesen wird.&quot;,&quot;variant&quot;:&quot;standardLink&quot;,&quot;sponsored&quot;:false,&quot;linkHref&quot;:&quot;https:\/\/www.merkur.de\/wirtschaft\/insolvenz-bei-koenig-gruppe-was-jetzt-mit-1000-jobs-passiert-zr-94455419.html&quot;,&quot;storyElementPosition&quot;:14,&quot;storyElementCount&quot;:39}}\" rel=\"nofollow noopener\" target=\"_blank\">auf amtliche Bekanntmachungen zu einem Insolvenzverfahren verwiesen wird.<\/a><\/p>\n<p class=\"id-StoryElement-paragraph\">Das Familienunternehmen wurde 1966 als Werkstatt in West-Berlin gegr\u00fcndet. \u00dcber drei Generationen wuchs Autohaus K\u00f6nig zu einer der gr\u00f6\u00dften Autohausgruppen Deutschlands heran. Zuletzt betrieb die Gruppe 82 Standorte, vor allem im Osten Deutschlands. Nach eigenen Angaben ist Autohaus K\u00f6nig <a href=\"https:\/\/www.merkur.de\/wirtschaft\/insolvent-ueber-100-jahre-alte-deutsche-autohaus-gruppe-ist-94259970.html\" class=\"id-import-Link\" data-id-ec=\"{&quot;sht&quot;:&quot;Container&quot;,&quot;shn&quot;:&quot;Story&quot;,&quot;p&quot;:{&quot;containerType&quot;:&quot;Paragraph&quot;,&quot;displayType&quot;:&quot;Paragraph InlineLink&quot;,&quot;type&quot;:&quot;INLINE_LINK&quot;,&quot;value&quot;:&quot;der gr&#xF6;&#xDF;te Renault-H&#xE4;ndler Deutschlands&quot;,&quot;variant&quot;:&quot;standardLink&quot;,&quot;sponsored&quot;:false,&quot;linkHref&quot;:&quot;https:\/\/www.merkur.de\/wirtschaft\/insolvent-ueber-100-jahre-alte-deutsche-autohaus-gruppe-ist-94259970.html&quot;,&quot;storyElementPosition&quot;:15,&quot;storyElementCount&quot;:39}}\" rel=\"nofollow noopener\" target=\"_blank\">der gr\u00f6\u00dfte Renault-H\u00e4ndler Deutschlands<\/a> und war zudem der erste deutsche Dacia-H\u00e4ndler.<\/p>\n<p>Ranking: Auf diese Automarken und Modelle fahren Deutsche am meisten ab<img decoding=\"async\" class=\"id-RatioPlaceholder-element wv_story_el_interstitialImage\" src=\"https:\/\/www.europesays.com\/de\/wp-content\/uploads\/2026\/01\/37517482-deutschland-neuzulassungen-marken-hersteller-und-modelle-top-ten-bfe.jpg\" loading=\"lazy\"   height=\"2631\" width=\"4000\" alt=\"Deutschland, das Land der Dichter, Denker und namhafter Automarken. Welche Hersteller liegen in der Gunst des Volkes vorne? Hier kommen die Top Ten sowie die beliebtesten Modelle\"\/><a href=\"https:\/\/www.merkur.de\/wirtschaft\/auf-diese-automarken-faehrt-deutschland-im-netz-am-meisten-ab-zr-93648734.html\" class=\"id-StoryElement-intestitialLink-link\" data-id-ec=\"{\" shn=\"\" ansehen=\"\" data-k5a-pos=\"west_story_16_photoGalleryLink\" title=\"Zur Fotostrecke: Ranking: Auf diese Automarken und Modelle fahren Deutsche am meisten ab\" rel=\"nofollow noopener\" target=\"_blank\">Fotostrecke ansehen<\/a><\/p>\n<p class=\"id-StoryElement-paragraph\">Neben Renault und Dacia vertrieb das Unternehmen zahlreiche weitere Marken. Zum Portfolio geh\u00f6rten unter anderem Fahrzeuge von Opel, Fiat, Jeep, Suzuki, BYD, Kia und weitere Modelle sowie Zweir\u00e4der. Damit war Autohaus K\u00f6nig l\u00e4ngst mehr als ein klassischer Renault-Betrieb. Die Gruppe hatte sich zu einem breiten Mobilit\u00e4tsanbieter mit gro\u00dfer regionaler Pr\u00e4senz entwickelt.<\/p>\n<p>Rekordzahlen machen Insolvenz \u00fcberraschend<\/p>\n<p class=\"id-StoryElement-paragraph\">Umso \u00fcberraschender wirkt der Insolvenzantrag, weil die wirtschaftlichen Kennzahlen zuletzt auf den ersten Blick stabil erschienen. Allein im ersten Quartal 2025 verkaufte das Unternehmen 11.600 Fahrzeuge. Auch der Werkstattumsatz stieg auf eine Rekordh\u00f6he. Die \u201eWelt\u201c berichtet nun, vertrauliche Papiere zeigten das Ausma\u00df des tiefen Falls.<\/p>\n<p class=\"id-StoryElement-paragraph\">Wie es trotz dieser Rekordwerte zur Zahlungsunf\u00e4higkeit kommen konnte, ist bislang nicht \u00f6ffentlich bekannt. M\u00f6glich ist, dass mehrere Belastungen zusammenkamen: hohe Finanzierungskosten, steigende Betriebsausgaben, Herstelleranforderungen, Margendruck und ein schwieriger Automarkt. Belegt ist im Moment vor allem: Die I<a href=\"https:\/\/www.schwaebische-post.de\/ostalb\/ostalbkreis\/thomas-kummich-ueber-wachstum-wandel-und-byd-im-autohandel-94064873.html\" class=\"id-import-Link id-pageApi-Link--externalDomain\" data-id-ec=\"{&quot;sht&quot;:&quot;Container&quot;,&quot;shn&quot;:&quot;Story&quot;,&quot;p&quot;:{&quot;containerType&quot;:&quot;Paragraph&quot;,&quot;displayType&quot;:&quot;Paragraph InlineLink&quot;,&quot;type&quot;:&quot;INLINE_LINK&quot;,&quot;value&quot;:&quot;nsolvenz eines so gro&#xDF;en H&#xE4;ndlers zeigt, wie angespannt die Lage im Autohandel geworden ist.&quot;,&quot;variant&quot;:&quot;standardLink&quot;,&quot;sponsored&quot;:false,&quot;linkHref&quot;:&quot;https:\/\/www.schwaebische-post.de\/ostalb\/ostalbkreis\/thomas-kummich-ueber-wachstum-wandel-und-byd-im-autohandel-94064873.html&quot;,&quot;storyElementPosition&quot;:22,&quot;storyElementCount&quot;:39}}\" rel=\"nofollow noopener\" target=\"_blank\">nsolvenz eines so gro\u00dfen H\u00e4ndlers zeigt, wie angespannt die Lage im Autohandel geworden ist.<\/a><\/p>\n<p>Krise des Autohandels versch\u00e4rft sich<\/p>\n<p class=\"id-StoryElement-paragraph\">Die Pleite von Autohaus K\u00f6nig f\u00e4llt in eine Phase, in der viele H\u00e4ndler ihr Gesch\u00e4ftsmodell neu sortieren m\u00fcssen. Elektroquoten, Direktvertrieb der Hersteller, neue Agenturmodelle, hohe Investitionen in digitale Prozesse und Ladeinfrastruktur sowie schwankende Nachfrage ver\u00e4ndern den Markt. Viele H\u00e4ndler m\u00fcssen gleichzeitig mehr investieren und mit geringeren Margen auskommen.<\/p>\n<p class=\"id-StoryElement-paragraph\">Besonders schwierig ist die Lage f\u00fcr gro\u00dfe Autohausgruppen mit vielen Standorten. Sie brauchen hohe Auslastung im Verkauf und im Service, m\u00fcssen aber zugleich Personal, Immobilien, Finanzierung und Lagerbest\u00e4nde tragen. Wenn sich die Nachfrage abschw\u00e4cht oder Hersteller Konditionen ver\u00e4ndern, geraten solche Strukturen schnell unter Druck.<\/p>\n<p>Neuer H\u00e4ndlerverband VAD nimmt Arbeit auf<\/p>\n<p class=\"id-StoryElement-paragraph\">Die Insolvenz von Autohaus K\u00f6nig f\u00e4llt zudem in eine Zeit des Aufbruchs in der Branche. Zeitgleich hat der neu gegr\u00fcndete Verband der Automobilh\u00e4ndler Deutschlands seine Arbeit aufgenommen. Der Verband wurde am 18. September 2025 in <a href=\"https:\/\/www.wa.de\/nordrhein-westfalen\/muenster-westfalen-nrw-send-universitaet-wetter-fahrraeder-prinzipalmarkt-kirchen-92017046.html\" class=\"id-import-Link id-pageApi-Link--externalDomain\" data-id-ec=\"{&quot;sht&quot;:&quot;Container&quot;,&quot;shn&quot;:&quot;Story&quot;,&quot;p&quot;:{&quot;containerType&quot;:&quot;Paragraph&quot;,&quot;displayType&quot;:&quot;Paragraph InlineLink&quot;,&quot;type&quot;:&quot;INLINE_LINK&quot;,&quot;value&quot;:&quot;M&#xFC;nster&quot;,&quot;variant&quot;:&quot;standardLink&quot;,&quot;sponsored&quot;:false,&quot;linkHref&quot;:&quot;https:\/\/www.wa.de\/nordrhein-westfalen\/muenster-westfalen-nrw-send-universitaet-wetter-fahrraeder-prinzipalmarkt-kirchen-92017046.html&quot;,&quot;storyElementPosition&quot;:29,&quot;storyElementCount&quot;:39}}\" rel=\"nofollow noopener\" target=\"_blank\">M\u00fcnster<\/a> gegr\u00fcndet. Initiiert wurde er von f\u00fchrenden Autohausunternehmern, darunter Burkhard Weller, Helmut Peter, Peter Sch\u00e4fer und Kurt-Christian Scheel.<\/p>\n<p class=\"id-StoryElement-paragraph\">Das erkl\u00e4rte Ziel des VAD ist es, H\u00e4ndlerinteressen gegen\u00fcber Politik und Herstellern st\u00e4rker durchzusetzen. \u201eDie Hersteller machen uns das Leben immer schwerer. Deswegen brauchen die Autoh\u00e4ndler eine eigene, wirksame Vertretung ihrer Interessen\u201c, sagte VAD-Vertreter Burkhard Weller dem Magazin \u201eAutohaus\u201c. Weller betonte au\u00dferdem: \u201eWir wollen erreichen, dass die Politik erkennt: Verkehrspolitik geht nur mit den H\u00e4ndlern und nicht gegen die H\u00e4ndler.\u201c<\/p>\n<p>H\u00e4ndler wollen eigene Stimme gegen\u00fcber Herstellern<\/p>\n<p class=\"id-StoryElement-paragraph\">Der VAD versteht sich als reine H\u00e4ndlervertretung \u2013 im Unterschied zum bisherigen Zentralverband Deutsches Kraftfahrzeuggewerbe, der auch das Kfz-Handwerk vertritt. \u201eNur der VAD ist H\u00e4ndler pur\u201c, betonte Weller. Mitglied k\u00f6nnen alle Neuwagenh\u00e4ndler werden, die nicht von einem Hersteller kontrolliert werden. Der Mitgliedsbeitrag beginnt bei 5000 Euro f\u00fcr kleine H\u00e4ndler.<\/p>\n<p class=\"id-StoryElement-paragraph\">Langfristig strebt der Verband einen Organisationsgrad von \u00fcber 80 Prozent des Fahrzeugabsatzes an. Das zeigt, wie gro\u00df der Wunsch nach einer st\u00e4rkeren politischen und wirtschaftlichen Interessenvertretung ist. Viele H\u00e4ndler sehen sich zwischen Herstellervorgaben, Regulierung und Kundenverhalten aufgerieben.<\/p>\n<p>300.000 Besch\u00e4ftigte im deutschen Autohandel<\/p>\n<p class=\"id-StoryElement-paragraph\">Der deutsche Autohandel besch\u00e4ftigt nach eigenen Angaben rund 300.000 Menschen. Die Branche ist damit nicht nur ein Vertriebsarm der Hersteller, sondern ein bedeutender Arbeitgeber. Besonders in kleineren St\u00e4dten und regionalen M\u00e4rkten sind Autoh\u00e4user wichtige Betriebe f\u00fcr Verkauf, Service, <a href=\"https:\/\/www.merkur.de\/verbraucher\/ausbildung-sti44966\/\" class=\"id-import-Link\" title=\"Ausbildung\" data-id-ec=\"{&quot;sht&quot;:&quot;Container&quot;,&quot;shn&quot;:&quot;Story&quot;,&quot;p&quot;:{&quot;containerType&quot;:&quot;Paragraph&quot;,&quot;displayType&quot;:&quot;Paragraph InlineLink&quot;,&quot;type&quot;:&quot;INLINE_LINK&quot;,&quot;value&quot;:&quot;Ausbildung&quot;,&quot;variant&quot;:&quot;standardLink&quot;,&quot;sponsored&quot;:false,&quot;linkHref&quot;:&quot;https:\/\/www.merkur.de\/verbraucher\/ausbildung-sti44966\/&quot;,&quot;storyElementPosition&quot;:37,&quot;storyElementCount&quot;:39}}\" rel=\"nofollow noopener\" target=\"_blank\">Ausbildung<\/a> und Werkstattgesch\u00e4ft.<\/p>\n<p class=\"id-StoryElement-paragraph\">Genau deshalb hat eine Insolvenz wie bei Autohaus K\u00f6nig Signalwirkung. Wenn eine gro\u00dfe Gruppe mit 82 Standorten und 1200 Besch\u00e4ftigten ins Wanken ger\u00e4t, ist das mehr als ein Einzelfall. Es zeigt, wie stark die Transformation des Automarkts inzwischen auch den Handel erreicht. W\u00e4hrend Hersteller \u00fcber Elektromobilit\u00e4t, China-Konkurrenz und Plattformstrategien sprechen, m\u00fcssen H\u00e4ndler vor Ort die Folgen tragen. (Quellen: Welt, Autohaus, Business Insider, Autohaus K\u00f6nig, Verband der Automobilh\u00e4ndler Deutschlands) (mare)<\/p>\n","protected":false},"excerpt":{"rendered":"Startseite Wirtschaft Stand: 06.09.2026, 04:47 Uhr Von: Marcel Reich DruckenTeilen Uns auf Google folgen Eine der bekanntesten Autohausgruppen&hellip;\n","protected":false},"author":2,"featured_media":1283487,"comment_status":"","ping_status":"","sticky":false,"template":"","format":"standard","meta":{"footnotes":"","_share_on_mastodon":"0"},"categories":[134],"tags":[175,170,169,29,30,171,174,173,172],"class_list":["post-1283486","post","type-post","status-publish","format-standard","has-post-thumbnail","category-unternehmen-maerkte","tag-business","tag-companies","tag-companies-markets","tag-deutschland","tag-germany","tag-markets","tag-maerkte","tag-unternehmen","tag-unternehmen-maerkte"],"share_on_mastodon":{"url":"https:\/\/pubeurope.com\/@de\/117221910631542511","error":""},"_links":{"self":[{"href":"https:\/\/www.europesays.com\/de\/wp-json\/wp\/v2\/posts\/1283486","targetHints":{"allow":["GET"]}}],"collection":[{"href":"https:\/\/www.europesays.com\/de\/wp-json\/wp\/v2\/posts"}],"about":[{"href":"https:\/\/www.europesays.com\/de\/wp-json\/wp\/v2\/types\/post"}],"author":[{"embeddable":true,"href":"https:\/\/www.europesays.com\/de\/wp-json\/wp\/v2\/users\/2"}],"replies":[{"embeddable":true,"href":"https:\/\/www.europesays.com\/de\/wp-json\/wp\/v2\/comments?post=1283486"}],"version-history":[{"count":0,"href":"https:\/\/www.europesays.com\/de\/wp-json\/wp\/v2\/posts\/1283486\/revisions"}],"wp:featuredmedia":[{"embeddable":true,"href":"https:\/\/www.europesays.com\/de\/wp-json\/wp\/v2\/media\/1283487"}],"wp:attachment":[{"href":"https:\/\/www.europesays.com\/de\/wp-json\/wp\/v2\/media?parent=1283486"}],"wp:term":[{"taxonomy":"category","embeddable":true,"href":"https:\/\/www.europesays.com\/de\/wp-json\/wp\/v2\/categories?post=1283486"},{"taxonomy":"post_tag","embeddable":true,"href":"https:\/\/www.europesays.com\/de\/wp-json\/wp\/v2\/tags?post=1283486"}],"curies":[{"name":"wp","href":"https:\/\/api.w.org\/{rel}","templated":true}]}}