{"id":1283537,"date":"2026-09-06T03:51:28","date_gmt":"2026-09-06T03:51:28","guid":{"rendered":"https:\/\/www.europesays.com\/de\/1283537\/"},"modified":"2026-09-06T03:51:28","modified_gmt":"2026-09-06T03:51:28","slug":"klimawandel-an-kaelte-gewoehnte-arten-verschwinden-von-europas-berggipfeln","status":"publish","type":"post","link":"https:\/\/www.europesays.com\/de\/1283537\/","title":{"rendered":"Klimawandel: An K\u00e4lte gew\u00f6hnte Arten verschwinden von Europas Berggipfeln"},"content":{"rendered":"<p class=\"paragraph article__item\">Als Folge steigender Temperaturen hat sich die Pflanzenwelt auf europ\u00e4ischen Berggipfeln erweitert \u2013 gleichzeitig verschwinden auf Hochgebirge spezialisierte Arten. Das geht aus einer im Fachmagazin \u00abScience\u00bb ver\u00f6ffentlichten Untersuchung hervor. Die Ergebnisse legen nahe, dass dieses Ph\u00e4nomen auf den <a class=\"rtr-entity\" href=\"https:\/\/www.zeit.de\/thema\/klimawandel\" rel=\"nofollow noopener\" target=\"_blank\">Klimawandel<\/a> zur\u00fcckzuf\u00fchren ist, wie der Erstautor der Studie, Johannes Wessely, erkl\u00e4rt. \u00abDie Daten zeigen einen klaren Zusammenhang zwischen dem Ausma\u00df des lokalen Temperaturanstiegs auf den einzelnen Gipfeln und dem Artenverlust auf diesen Gipfeln\u00bb, sagte der Forscher der Universit\u00e4t Wien.\u00a0\n<\/p>\n<p>Aktuelles<\/p>\n<p>                <a href=\"https:\/\/www.zeit.de\/wissenschaft\/2026-08\/meerestemperaturen-europa-klimawandel-wassertemperatur\" data-ct-label=\"Hitzesommer: Klimawandel verursacht Rekordtemperaturen in Europas Meeren\" data-uuid=\"fefede9d-1707-4722-bb4f-8df2d808b940\" rel=\"nofollow noopener\" target=\"_blank\"><\/p>\n<p>                        Hitzesommer:<br \/>\n                        Klimawandel verursacht Rekordtemperaturen in Europas Meeren<\/p>\n<p>                <\/a><\/p>\n<p>                <a href=\"https:\/\/www.zeit.de\/arbeit\/2026-07\/zufriedenheit-beruf-job-arbeitsumfeld-genetik\" data-ct-label=\"Zufriedenheit im Beruf: Warum manche im Job so gl\u00fccklich sind \u2013 und andere nicht\" data-uuid=\"bee31b76-0365-409c-b65a-85a625628fd9\" rel=\"nofollow noopener\" target=\"_blank\"><\/p>\n<p>        Z+ (abopflichtiger Inhalt);<\/p>\n<p>    Zufriedenheit im Beruf:<br \/>\n                        Warum manche im Job so gl\u00fccklich sind \u2013 und andere nicht<\/p>\n<p>                <\/a><\/p>\n<p>                <a href=\"https:\/\/www.zeit.de\/wissenschaft\/umwelt\/2026-08\/hagel-gewitter-wetter-entstehung-region\" data-ct-label=\"Hagel : Achtung, Hagel! Oder doch nicht?\" data-uuid=\"a8e4b709-6f66-4b11-9079-d97edbfc9de7\" rel=\"nofollow noopener\" target=\"_blank\"><\/p>\n<p>        Z+ (abopflichtiger Inhalt);<\/p>\n<p>    Hagel :<br \/>\n                        Achtung, Hagel! Oder doch nicht?<\/p>\n<p>                <\/a><\/p>\n<p class=\"paragraph article__item\">Noch bis vor wenigen Jahrzehnten waren die Regionen oberhalb der alpinen Baumgrenze f\u00fcr viele Pflanzen nicht besiedelbar. Den Wissenschaftlern zufolge haben die seit den 1980er Jahren rasant steigenden Temperaturen diese K\u00e4ltegrenzen aufgeweicht und zum Anstieg der Artenzahlen auf den europ\u00e4ischen Berggipfeln gef\u00fchrt. Unter anderem eroberten das Alpenrispengras und Arnika die Gipfel, wie eine Studie im Fachmagazin \u00abNature\u00bb aus dem Jahr 2018 zeigt.\u00a0\n<\/p>\n<p>                        Situation auf Gipfeln wird seit 25 Jahren beobachtet            <\/p>\n<p class=\"paragraph article__item\">F\u00fcr die aktuelle Studie wurden die Daten von Dauerbeobachtungsfl\u00e4chen auf 62 europ\u00e4ischen Berggipfeln ausgewertet. Die Fl\u00e4chen wurden zwischen 2001 und 2022 im Rahmen des globalen Monitoring-Netzwerks Gloria viermal untersucht, etwa am Schrankogel in Tirol, aber auch in der Schweiz, den Pyren\u00e4en oder im georgischen Kaukasus.\u00a0\n<\/p>\n<p class=\"paragraph article__item\">Der Prozentsatz der Arten, die bei der jeweils n\u00e4chsten Untersuchung nicht wiedergefunden wurden, stieg von Mal zu Mal an. Verschwunden waren vor allem an k\u00fchlere Standorte angepasste Arten. Zu diesen z\u00e4hlen in den <a class=\"rtr-entity\" href=\"https:\/\/www.zeit.de\/thema\/alpen\" rel=\"nofollow noopener\" target=\"_blank\">Alpen<\/a> laut Projektleiter Stefan Dullinger Arten wie Gletscher-Hahnenfu\u00df, Einbl\u00fctiges Hornkraut oder Alpen-Mannsschild.\u00a0\n<\/p>\n<p class=\"paragraph article__item\">Welche Faktoren genau zu dem lokalen Aussterben der auf die h\u00f6chsten Lagen spezialisierten Arten f\u00fchrte, muss den Forschern zufolge genauer untersucht werden. Weitere Einfl\u00fcsse neben den gestiegenen Temperaturen k\u00f6nnten abnehmende Wasserverf\u00fcgbarkeit, die verk\u00fcrzte Dauer der Schneebedeckung und der Konkurrenzdruck durch neue Arten sein, die in den vergangenen Jahren die Gipfel erobert haben.\n<\/p>\n<p class=\"paragraph article__item\">\u00a9 dpa-infocom, dpa:260906-930-639724\/1<\/p>\n","protected":false},"excerpt":{"rendered":"Als Folge steigender Temperaturen hat sich die Pflanzenwelt auf europ\u00e4ischen Berggipfeln erweitert \u2013 gleichzeitig verschwinden auf Hochgebirge spezialisierte&hellip;\n","protected":false},"author":2,"featured_media":1283538,"comment_status":"","ping_status":"","sticky":false,"template":"","format":"standard","meta":{"footnotes":"","_share_on_mastodon":"0"},"categories":[3933],"tags":[331,332,7887,57073,264659,548,663,158,3934,3935,132066,13,264658,25802,952,14,15,198150,12,94962],"class_list":["post-1283537","post","type-post","status-publish","format-standard","has-post-thumbnail","category-eu","tag-aktuelle-nachrichten","tag-aktuelle-news","tag-alpen","tag-artensterben","tag-berggipfel","tag-eu","tag-europa","tag-europaeische-union","tag-europe","tag-european-union","tag-fachmagazin","tag-headlines","tag-johannes-wessely","tag-kaelte","tag-klimawandel","tag-nachrichten","tag-news","tag-pflanzenwelt","tag-schlagzeilen","tag-universitaet-wien"],"share_on_mastodon":{"url":"https:\/\/pubeurope.com\/@de\/117222066533301977","error":""},"_links":{"self":[{"href":"https:\/\/www.europesays.com\/de\/wp-json\/wp\/v2\/posts\/1283537","targetHints":{"allow":["GET"]}}],"collection":[{"href":"https:\/\/www.europesays.com\/de\/wp-json\/wp\/v2\/posts"}],"about":[{"href":"https:\/\/www.europesays.com\/de\/wp-json\/wp\/v2\/types\/post"}],"author":[{"embeddable":true,"href":"https:\/\/www.europesays.com\/de\/wp-json\/wp\/v2\/users\/2"}],"replies":[{"embeddable":true,"href":"https:\/\/www.europesays.com\/de\/wp-json\/wp\/v2\/comments?post=1283537"}],"version-history":[{"count":0,"href":"https:\/\/www.europesays.com\/de\/wp-json\/wp\/v2\/posts\/1283537\/revisions"}],"wp:featuredmedia":[{"embeddable":true,"href":"https:\/\/www.europesays.com\/de\/wp-json\/wp\/v2\/media\/1283538"}],"wp:attachment":[{"href":"https:\/\/www.europesays.com\/de\/wp-json\/wp\/v2\/media?parent=1283537"}],"wp:term":[{"taxonomy":"category","embeddable":true,"href":"https:\/\/www.europesays.com\/de\/wp-json\/wp\/v2\/categories?post=1283537"},{"taxonomy":"post_tag","embeddable":true,"href":"https:\/\/www.europesays.com\/de\/wp-json\/wp\/v2\/tags?post=1283537"}],"curies":[{"name":"wp","href":"https:\/\/api.w.org\/{rel}","templated":true}]}}