{"id":1283553,"date":"2026-09-06T04:03:58","date_gmt":"2026-09-06T04:03:58","guid":{"rendered":"https:\/\/www.europesays.com\/de\/1283553\/"},"modified":"2026-09-06T04:03:58","modified_gmt":"2026-09-06T04:03:58","slug":"nuernberg-bahnstrecke-pegnitztal-oeffnet-wieder-doch-ein-problem-bleibt","status":"publish","type":"post","link":"https:\/\/www.europesays.com\/de\/1283553\/","title":{"rendered":"N\u00fcrnberg: Bahnstrecke Pegnitztal \u00f6ffnet wieder \u2013 doch ein Problem bleibt"},"content":{"rendered":"<p>War fast ein Jahr gesperrt <\/p>\n<p>Z\u00fcge rollen bald wieder durchs Pegnitztal<\/p>\n<p>Aktualisiert am 05.09.2026 &#8211; 15:44 UhrLesedauer: 1 Min.<\/p>\n<p><a href=\"#focus-0\" class=\"transition-colors block text-current relative\" data-sctrack=\"FocusGalleryImage.Reference\"><img fetchpriority=\"high\" data-testid=\"Opener.Image\"   loading=\"eager\" src=\"https:\/\/www.europesays.com\/de\/wp-content\/uploads\/2026\/09\/eine-bahn-mit-ziel-nuernberg-am-bahnhof-in-bayreuth-archivbild-in-wenigen-tagen-koennen-die-zuege-wi.jpeg\" alt=\"Eine Bahn mit Ziel N\u00fcrnberg am Bahnhof in Bayreuth (Archivbild): In wenigen Tagen k\u00f6nnen die Z\u00fcge wieder fahren.\" title=\"Eine Bahn mit Ziel N\u00fcrnberg am Bahnhof in Bayreuth (Archivbild): In wenigen Tagen k\u00f6nnen die Z\u00fcge wieder fahren.\" width=\"6000\" height=\"3375\" class=\"bg-[url:var(--lqipURL)] bg-cover bg-center flex h-full w-full max-w-full\" style=\"--lqipURL:url('https:\/\/images.t-online.de\/2026\/09\/Rm6xB2oyuk5k\/0x267:6000x3375\/fit-in\/150x0\/filters:blur(25)\/eine-bahn-mit-ziel-nuernberg-am-bahnhof-in-bayreuth-archivbild-in-wenigen-tagen-koennen-die-zuege-wieder-fahren.jpg')\" decoding=\"async\"\/><img loading=\"lazy\" src=\"https:\/\/nuernberg.t-online.de\/s\/paper\/_next\/static\/media\/zoom-in.f7dae02f.svg\" alt=\"Vergr\u00f6\u00dfern des Bildes\" title=\"Vergr\u00f6\u00dfern des Bildes\" class=\"block h-[calc(var(--height)_\/_16_*_1rem)] w-[calc(var(--width)_\/_16_*_1rem)] max-w-none absolute right-8 bottom-8 rounded-4 bg-snow p-8\" style=\"--width:32;--height:32\" decoding=\"async\"\/><\/a><\/p>\n<p>Zug mit Ziel N\u00fcrnberg am Bahnhof in Bayreuth (Archivbild): In wenigen Tagen k\u00f6nnen die Z\u00fcge wieder fahren. (Quelle: Imago\/R\u00fcdiger W\u00f6lk)<\/p>\n<p><img loading=\"lazy\" src=\"https:\/\/nuernberg.t-online.de\/s\/paper\/_next\/static\/media\/audio-volume.6689034c.svg\" alt=\"\" title=\"\" class=\"block h-[calc(var(--height)_\/_16_*_1rem)] w-[calc(var(--width)_\/_16_*_1rem)] max-w-none group-hover:brightness-0 group-hover:invert\" style=\"--width:16;--height:16\" decoding=\"async\"\/>Vorlesen<\/p>\n<p>Aktuelle Zeit:0:00Gesamtdauer:0:00<\/p>\n<p>1x<img loading=\"lazy\" src=\"https:\/\/nuernberg.t-online.de\/s\/paper\/_next\/static\/media\/font-sizes.32942e33.svg\" alt=\"\" title=\"\" class=\"block h-[calc(var(--height)_\/_16_*_1rem)] w-[calc(var(--width)_\/_16_*_1rem)] max-w-none group-hover:hidden group-aria-expanded:hidden\" style=\"--width:16;--height:16\" decoding=\"async\"\/><img loading=\"lazy\" src=\"https:\/\/nuernberg.t-online.de\/s\/paper\/_next\/static\/media\/font-sizes-dark-mode.e382645c.svg\" alt=\"\" title=\"\" class=\"block h-[calc(var(--height)_\/_16_*_1rem)] w-[calc(var(--width)_\/_16_*_1rem)] max-w-none hidden group-hover:block group-aria-expanded:block\" style=\"--width:16;--height:16\" decoding=\"async\"\/><img loading=\"lazy\" src=\"https:\/\/nuernberg.t-online.de\/s\/paper\/_next\/static\/media\/sharing-menu-icon.1eb71368.svg\" alt=\"\" title=\"\" class=\"block h-[calc(var(--height)_\/_16_*_1rem)] w-[calc(var(--width)_\/_16_*_1rem)] max-w-none group-hover:brightness-0 group-hover:invert\" style=\"--width:16;--height:16\" decoding=\"async\"\/>Artikel teilen<\/p>\n<p class=\"font-bold text-18 leading-17 user-text-lg:text-22 user-text-xl:text-24\">Ab Mitte September fahren Z\u00fcge wieder auf der gesamten Strecke durch das Pegnitztal. Die Br\u00fccken sind saniert, nicht erneuert \u2013 ein wichtiger Schritt fehlt.<\/p>\n<p class=\"text-18 leading-17 user-text-lg:text-22 user-text-xl:text-24\">Die Bahnstrecke durch das Pegnitztal zwischen N\u00fcrnberg und Bayreuth ist ab 14. September 2026 wieder vollst\u00e4ndig befahrbar. Pendler, Sch\u00fcler sowie Ausfl\u00fcgler m\u00fcssen nicht l\u00e4nger auf Ersatzbusse ausweichen.<\/p>\n<p class=\"text-18 leading-17 user-text-lg:text-22 user-text-xl:text-24\">Die Strecke war vor rund einem Jahr gesperrt worden, <a href=\"https:\/\/nuernberg.t-online.de\/region\/nuernberg\/id_101096210\/nuernberg-bayreuth-bahnstrecke-pegnitztal-noch-monate-gesperrt.html\" class=\"transition-colors cursor-pointer no-underline md:hover:text-magenta md:focus:text-magenta border-b border-solid border-current text-salemsfur md:hover:border-magenta\" data-tracking=\"{&quot;action&quot;:&quot;click&quot;,&quot;category&quot;:&quot;intextLink&quot;,&quot;label&quot;:&quot;\/region\/nuernberg\/id_101096210\/nuernberg-bayreuth-bahnstrecke-pegnitztal-noch-monate-gesperrt.html&quot;}\" data-sctrack=\"BodyAnchor\" rel=\"nofollow noopener\" target=\"_blank\">weil 18 Br\u00fccken im Abschnitt zwischen Hersbruck und Pegnitz stark besch\u00e4digt ware<\/a>n. Nach Angaben der Deutschen Bahn wurden die Bauwerke instand gesetzt: Fugen erneuert, lose Mauerwerkssteine mit Nadeln und Ankern verst\u00e4rkt, Risse verschlossen. Die Kosten lagen nach Bahn-Angaben bei rund neun Millionen Euro. Ein erstes Teilst\u00fcck war bereits im Mai 2026 wieder freigegeben worden.<\/p>\n<ul class=\"text-18 leading-17 block pl-24 *:pb-16 *:before:inline-block *:before:size-8 *:before:bg-magenta *:before:mt-0 *:before:mr-12 *:before:mb-2 *:before:-ml-[20px]\">\n<li><strong class=\"font-bold\">Ab Dezember in N\u00fcrnberg<\/strong>: <a href=\"https:\/\/nuernberg.t-online.de\/region\/nuernberg\/id_101416942\/flughafen-nuernberg-wizz-air-bietet-neue-verbindung-nach-targu-mures-an.html\" class=\"transition-colors cursor-pointer no-underline md:hover:text-magenta md:focus:text-magenta border-b border-solid border-current text-salemsfur md:hover:border-magenta\" data-tracking=\"{&quot;action&quot;:&quot;click&quot;,&quot;category&quot;:&quot;intextLink&quot;,&quot;label&quot;:&quot;\/region\/nuernberg\/id_101416942\/flughafen-nuernberg-wizz-air-bietet-neue-verbindung-nach-targu-mures-an.html&quot;}\" data-sctrack=\"BodyAnchor\" rel=\"nofollow noopener\" target=\"_blank\">Airline bietet neue Verbindung in die &#8222;Stadt der Rosen&#8220; an<\/a><\/li>\n<\/ul>\n<p>Br\u00fccken sollen grundlegend erneuert werden<\/p>\n<p class=\"text-18 leading-17 user-text-lg:text-22 user-text-xl:text-24\">Die Arbeiten sind allerdings keine dauerhafte L\u00f6sung. Nach Angaben der Deutschen Bahn sollen die 18 Br\u00fccken in den kommenden Jahren grundlegend erneuert werden. Einen konkreten Zeitplan nannte die Bahn bislang nicht.<\/p>\n<p class=\"text-18 leading-17 user-text-lg:text-22 user-text-xl:text-24\">Parallel dazu l\u00e4uft seit Jahrzehnten eine Debatte \u00fcber die Elektrifizierung der Strecke. W\u00e4hrend von Sachsen bis Hof bereits Elektroloks eingesetzt werden k\u00f6nnen, ist der s\u00fcdliche Abschnitt bis N\u00fcrnberg weiterhin auf Dieselbetrieb angewiesen. Auch f\u00fcr diesen Schritt gibt es nach Angaben der Deutschen Bahn bislang keine konkreten Planungsschritte.<\/p>\n","protected":false},"excerpt":{"rendered":"War fast ein Jahr gesperrt Z\u00fcge rollen bald wieder durchs Pegnitztal Aktualisiert am 05.09.2026 &#8211; 15:44 UhrLesedauer: 1&hellip;\n","protected":false},"author":2,"featured_media":1283554,"comment_status":"","ping_status":"","sticky":false,"template":"","format":"standard","meta":{"footnotes":"","_share_on_mastodon":"0"},"categories":[1837],"tags":[722,17161,7433,62625,2227,216367,772,5899,3364,2030,29,30,3783,121948,5718],"class_list":["post-1283553","post","type-post","status-publish","format-standard","has-post-thumbnail","category-nuernberg","tag-722","tag-17161","tag-bahnprojekt","tag-bahnverbindung","tag-bahnverkehr","tag-bahnverkehrschaos","tag-bayern","tag-bayreuth","tag-de","tag-deutsche-bahn","tag-deutschland","tag-germany","tag-nuernberg","tag-pegnitztal","tag-regionalbahn"],"share_on_mastodon":{"url":"https:\/\/pubeurope.com\/@de\/117222119867950372","error":""},"_links":{"self":[{"href":"https:\/\/www.europesays.com\/de\/wp-json\/wp\/v2\/posts\/1283553","targetHints":{"allow":["GET"]}}],"collection":[{"href":"https:\/\/www.europesays.com\/de\/wp-json\/wp\/v2\/posts"}],"about":[{"href":"https:\/\/www.europesays.com\/de\/wp-json\/wp\/v2\/types\/post"}],"author":[{"embeddable":true,"href":"https:\/\/www.europesays.com\/de\/wp-json\/wp\/v2\/users\/2"}],"replies":[{"embeddable":true,"href":"https:\/\/www.europesays.com\/de\/wp-json\/wp\/v2\/comments?post=1283553"}],"version-history":[{"count":0,"href":"https:\/\/www.europesays.com\/de\/wp-json\/wp\/v2\/posts\/1283553\/revisions"}],"wp:featuredmedia":[{"embeddable":true,"href":"https:\/\/www.europesays.com\/de\/wp-json\/wp\/v2\/media\/1283554"}],"wp:attachment":[{"href":"https:\/\/www.europesays.com\/de\/wp-json\/wp\/v2\/media?parent=1283553"}],"wp:term":[{"taxonomy":"category","embeddable":true,"href":"https:\/\/www.europesays.com\/de\/wp-json\/wp\/v2\/categories?post=1283553"},{"taxonomy":"post_tag","embeddable":true,"href":"https:\/\/www.europesays.com\/de\/wp-json\/wp\/v2\/tags?post=1283553"}],"curies":[{"name":"wp","href":"https:\/\/api.w.org\/{rel}","templated":true}]}}