{"id":1283555,"date":"2026-09-06T04:06:35","date_gmt":"2026-09-06T04:06:35","guid":{"rendered":"https:\/\/www.europesays.com\/de\/1283555\/"},"modified":"2026-09-06T04:06:35","modified_gmt":"2026-09-06T04:06:35","slug":"pol-hi-jugendlicher-flieht-mit-motorrad-auf-a7-vor-der-polizei-und-wird-in-hannover","status":"publish","type":"post","link":"https:\/\/www.europesays.com\/de\/1283555\/","title":{"rendered":"POL-HI: Jugendlicher flieht mit Motorrad auf A7 vor der Polizei und wird in Hannover &#8230;"},"content":{"rendered":"<p class=\"date\">31.08.2026 \u2013 14:31<\/p>\n<p class=\"customer\">\n                        <a class=\"story-customer\" title=\"weiter zum newsroom von Polizeiinspektion Hildesheim\" href=\"https:\/\/www.presseportal.de\/blaulicht\/nr\/57621\" rel=\"nofollow noopener\" target=\"_blank\">Polizeiinspektion Hildesheim<\/a>\n                    <\/p>\n<p><a data-category=\"citylink-story-view\" data-action=\"click\" data-label=\"Citylink in Meldungsansicht\" class=\"story-city event-trigger\" href=\"https:\/\/www.presseportal.de\/regional\/Hildesheim\" title=\"News aus Hildesheim \" rel=\"nofollow noopener\" target=\"_blank\">Hildesheim<\/a> (ots)<\/p>\n<p>BAB7 &#8211; HANNOVER &#8211; (jpm) Am sp\u00e4ten Sonntagabend (30.08.2026) entzog sich ein 16-J\u00e4hriger mit einem Motorrad auf der A7 einer Polizeikontrolle. Der Jugendliche konnte sp\u00e4ter in Hannover gestellt werden. Auf ihn kommen nun mehrere Strafverfahren zu.<\/p>\n<p>Bisherigen Ermittlungen zufolge befuhr der 16-J\u00e4hrige gestern Abend die A7 zwischen Hildesheim und Hannover in Richtung Norden mit einem Motorrad, an dem sich kein Kennzeichen befand. Hierbei fiel er gegen 22:15 Uhr einer Streifenbesatzung der Autobahnpolizei Hildesheim auf. Als der Jugendliche den Streifenwagen hinter sich bemerkte, beschleunigte er seine Maschine auf \u00fcber 200 km\/h und ignorierte dabei die Haltesignale der Beamten, die zwischenzeitlich auch das Blaulicht sowie das Martinshorn eingeschaltet hatten.<\/p>\n<p>Bei seiner weiteren Flucht \u00fcberholte er mehrfach rechts und fuhr zwischen zwei nebeneinanderfahrenden Fahrzeugen hindurch. Am Dreieck Hannover S\u00fcd verlie\u00df der Jugendliche die Autobahn und fuhr zun\u00e4chst \u00fcber den Messeschnellweg und anschlie\u00dfend \u00fcber den S\u00fcdschnellweg weiter, den er an der Abfahrt Misburg-Anderten verlie\u00df.<\/p>\n<p>Kurz danach missachtete der 16-J\u00e4hrige eine rote Ampel und setzte die Flucht mit hoher Geschwindigkeit fort. Die Beamten brachen die weitere Verfolgung kurz darauf ab, da sie eine Gef\u00e4hrdung anderer Verkehrsteilnehmer als zu hoch einsch\u00e4tzten.<\/p>\n<p>Im Rahmen einer intensiven Fahndung, in die au\u00dfer den Hildesheimer Beamten mittlerweile auch mehrere Streifenwagen der Polizei Hannover und ein Hubschrauber eingebunden war, konnte der Jugendliche kurze Zeit sp\u00e4ter fu\u00dfl\u00e4ufig im Bereich Buchholz-Kleefeld angetroffen werden. Unweit davon stie\u00dfen die Einsatzkr\u00e4fte auch auf das Motorrad, dessen Motor noch warm war.<\/p>\n<p>Wie sich herausstellte, ist der Jugendliche zwar im Besitz eines F\u00fchrerscheins, jedoch nicht im Besitz der erforderlichen Fahrerlaubnis, um das zur Rede stehende Motorrad f\u00fchren zu d\u00fcrfen.<\/p>\n<p>Sowohl sein F\u00fchrerschein als auch das Kraftrad wurden beschlagnahmt. Dar\u00fcber hinaus leiteten die Einsatzkr\u00e4fte Strafverfahren wegen des Verdachts auf ein verbotenes Kraftfahrzeugrennen, Fahrens ohne Fahrerlaubnis sowie Verst\u00f6\u00dfen gegen das Pflichtversicherungsgesetz und das Kraftfahrzeugsteuergesetz ein.<\/p>\n<p class=\"contact-headline\">R\u00fcckfragen bitte an:<\/p>\n<p class=\"contact-text\">Polizeiinspektion Hildesheim<br \/>Sch\u00fctzenwiese 24<br \/>31137 Hildesheim<br \/>Presse- und \u00d6ffentlichkeitsarbeit<br \/>Jan Paul Makowski<br \/>Telefon: 05121-939104<br \/>E-Mail: <a href=\"https:\/\/www.presseportal.de\/blaulicht\/pm\/57621\/mailto:pressestelle@pi-hi.polizei.niedersachsen.de\" class=\"uri-mailto\" rel=\"nofollow noopener\" target=\"_blank\">pressestelle@pi-hi.polizei.niedersachsen.de<\/a><br \/><a target=\"_blank\" class=\"uri-ext outbound\" rel=\"noopener nofollow\" href=\"http:\/\/www.pd-goe.polizei-nds.de\/dienststellen\/pi_hildesheim\/\">http:\/\/www.pd-goe.polizei-nds.de\/dienststellen\/pi_hildesheim\/<\/a><\/p>\n<p class=\"originator\">Original-Content von: Polizeiinspektion Hildesheim, \u00fcbermittelt durch news aktuell<\/p>\n","protected":false},"excerpt":{"rendered":"31.08.2026 \u2013 14:31 Polizeiinspektion Hildesheim Hildesheim (ots) BAB7 &#8211; HANNOVER &#8211; (jpm) Am sp\u00e4ten Sonntagabend (30.08.2026) entzog sich&hellip;\n","protected":false},"author":2,"featured_media":1266941,"comment_status":"","ping_status":"","sticky":false,"template":"","format":"standard","meta":{"footnotes":"","_share_on_mastodon":"0"},"categories":[1836],"tags":[3364,29,30,46,177,5404,1411,121,178,180,179,181],"class_list":["post-1283555","post","type-post","status-publish","format-standard","has-post-thumbnail","category-hannover","tag-de","tag-deutschland","tag-germany","tag-hannover","tag-kriminalitt","tag-ni","tag-niedersachsen","tag-polizei","tag-presse","tag-pressemeldung","tag-pressemitteilung","tag-pressemitteilungen"],"share_on_mastodon":{"url":"","error":""},"_links":{"self":[{"href":"https:\/\/www.europesays.com\/de\/wp-json\/wp\/v2\/posts\/1283555","targetHints":{"allow":["GET"]}}],"collection":[{"href":"https:\/\/www.europesays.com\/de\/wp-json\/wp\/v2\/posts"}],"about":[{"href":"https:\/\/www.europesays.com\/de\/wp-json\/wp\/v2\/types\/post"}],"author":[{"embeddable":true,"href":"https:\/\/www.europesays.com\/de\/wp-json\/wp\/v2\/users\/2"}],"replies":[{"embeddable":true,"href":"https:\/\/www.europesays.com\/de\/wp-json\/wp\/v2\/comments?post=1283555"}],"version-history":[{"count":0,"href":"https:\/\/www.europesays.com\/de\/wp-json\/wp\/v2\/posts\/1283555\/revisions"}],"wp:featuredmedia":[{"embeddable":true,"href":"https:\/\/www.europesays.com\/de\/wp-json\/wp\/v2\/media\/1266941"}],"wp:attachment":[{"href":"https:\/\/www.europesays.com\/de\/wp-json\/wp\/v2\/media?parent=1283555"}],"wp:term":[{"taxonomy":"category","embeddable":true,"href":"https:\/\/www.europesays.com\/de\/wp-json\/wp\/v2\/categories?post=1283555"},{"taxonomy":"post_tag","embeddable":true,"href":"https:\/\/www.europesays.com\/de\/wp-json\/wp\/v2\/tags?post=1283555"}],"curies":[{"name":"wp","href":"https:\/\/api.w.org\/{rel}","templated":true}]}}