{"id":1283586,"date":"2026-09-06T04:30:30","date_gmt":"2026-09-06T04:30:30","guid":{"rendered":"https:\/\/www.europesays.com\/de\/1283586\/"},"modified":"2026-09-06T04:30:30","modified_gmt":"2026-09-06T04:30:30","slug":"pol-k-260905-3-k-versammlung-in-der-innenstadt-gestoppt-angriffe-auf-einsatzkraefte","status":"publish","type":"post","link":"https:\/\/www.europesays.com\/de\/1283586\/","title":{"rendered":"POL-K: 260905-3-K Versammlung in der Innenstadt gestoppt &#8211; Angriffe auf Einsatzkr\u00e4fte"},"content":{"rendered":"<p class=\"date\">05.09.2026 \u2013 22:51<\/p>\n<p class=\"customer\">\n                        <a class=\"story-customer\" title=\"weiter zum newsroom von Polizei K\u00f6ln\" href=\"https:\/\/www.presseportal.de\/blaulicht\/nr\/12415\" rel=\"nofollow noopener\" target=\"_blank\">Polizei K\u00f6ln<\/a>\n                    <\/p>\n<p><a class=\"glightbox event-trigger\" href=\"https:\/\/cache.pressmailing.net\/thumbnail\/story_hires\/c34247a9-3253-4760-839c-4045b66a067c\/260905PMBild.png.jpg\" data-description=\"Polizei K\u00f6ln\" data-category=\"medialightbox\" data-action=\"click\" data-label=\"single\" data-value=\"6a9c80ef270000fd2ccba31a\" rel=\"nofollow noopener\" target=\"_blank\"><img decoding=\"async\" height=\"540\" with=\"720\" src=\"https:\/\/www.europesays.com\/de\/wp-content\/uploads\/2026\/09\/pol-k-260905-3-k-versammlung-in-der-innenstadt-gestoppt-angriffe-auf-einsatzkr-fte.jpeg\"   alt=\"POL-K: 260905-3-K Versammlung in der Innenstadt gestoppt - Angriffe auf Einsatzkr\u00e4fte\" class=\"single\"\/><\/a><\/p>\n<p><a data-category=\"citylink-story-view\" data-action=\"click\" data-label=\"Citylink in Meldungsansicht\" class=\"story-city event-trigger\" href=\"https:\/\/www.presseportal.de\/regional\/K%F6ln\" title=\"News aus K\u00f6ln \" rel=\"nofollow noopener\" target=\"_blank\">K\u00f6ln<\/a> (ots)<\/p>\n<p>Die Polizei K\u00f6ln hat am Samstagnachmittag (5. September) einen Aufzug zum Thema &#8222;Frieden f\u00fcr alle auf der Welt&#8220; nach Angriffen auf Einsatzkr\u00e4fte und wiederholten Verst\u00f6\u00dfen gegen das Versammlungsgesetz gestoppt.<\/p>\n<p>Nach Er\u00f6rterung der vereinbarten beschr\u00e4nkenden Verf\u00fcgungen und der Entfernung von unzul\u00e4ssigen Fahnenstangen setzte sich der Aufzug mit mehreren tausend Teilnehmenden gegen 14.30 Uhr in Bewegung.<\/p>\n<p>Unmittelbar nach Aufzugsbeginn warfen teils vermummte Personen Farbbeutel auf ein Bankgeb\u00e4ude auf der Kom\u00f6dienstra\u00dfe und brannten Pyrotechnik ab. Auf H\u00f6he der Zeughausstra\u00dfe griffen ebenfalls vermummte Teilnehmende die Einsatzkr\u00e4fte mit Schl\u00e4gen und Tritten an und bespr\u00fchten sie mit L\u00f6schmitteln aus mitgebrachten Feuerl\u00f6schern.<br \/>\nDie Polizei setzte gegen 15.10 Uhr eine unfriedliche Gruppierung von rund 300 Teilnehmenden im Bereich Helenenstra\u00dfe\/Magnusstra\u00dfe fest. Aus deren Reihen hatten mehrere vermummte Personen die Einsatzkr\u00e4fte gezielt mit Stahlkugeln beschossen. Die Metallkugeln wurden teilweise noch in Uniformteilen aufgefunden und sichergestellt. Es entstanden Sachsch\u00e4den an Einsatzhelmen. Zudem z\u00fcndeten Teilnehmende aus der polizeilichen Umschlie\u00dfung heraus Pyrotechnik.<\/p>\n<p>Zur Unterbindung weiterer Angriffe auf Einsatzkr\u00e4fte setzte die Polizei einfache k\u00f6rperliche Gewalt ein. Ein Teilnehmender versuchte dabei, nach der Dienstwaffe, ein anderer nach dem Einsatzmehrzweckstock eines Beamten zu greifen.<\/p>\n<p>Mit Stand 21:30 Uhr haben 11 Polizistinnen und Polizisten Verletzungen erlitten. Ein Polizist verblieb nicht dienstf\u00e4hig.<\/p>\n<p>Die Polizei leitete mehrere Strafverfahren wegen gef\u00e4hrlicher K\u00f6rperverletzung und schweren Landfriedensbruchs ein.<\/p>\n<p>W\u00e4hrend Einsatzkr\u00e4fte am Nachmittag die Identit\u00e4ten der mutma\u00dflich an den Angriffen beteiligten Personen feststellten, entfernten sich friedliche Versammlungsteilnehmende zu einer Zwischenkundgebung auf dem Friesenplatz.<\/p>\n<p>Dort wurde eine weitere Spontanversammlung angezeigt, die gegen 19 Uhr weitestgehend st\u00f6rungsfrei beendet wurde.<\/p>\n<p>Im Zusammenhang mit der urspr\u00fcnglichen Versammlung und den damit verbundenen Einsatzma\u00dfnahmen wurden insbesondere im Bereich Helenenstra\u00dfe\/Magnusstra\u00dfe weitere Spontanversammlungen angezeigt und kooperiert.<\/p>\n<p>Wegen der erwartbaren Dauer der Ma\u00dfnahmen wurden die in der Umschlie\u00dfung stehenden Personen mit Getr\u00e4nken versorgt. Die Polizei organisierte zudem die Aufstellung mobiler Toiletten. Personen, die in der Umschlie\u00dfung gesundheitliche Probleme \u00e4u\u00dferten, erhielten eine Versorgung durch medizinisch geschultes Personal. (al)<\/p>\n<p class=\"contact-headline\">R\u00fcckfragen von Medienvertretern bitte an:<\/p>\n<p class=\"contact-text\">Polizeipr\u00e4sidium K\u00f6ln<br \/>Pressestelle<br \/>Walter-Pauli-Ring 2-6<br \/>51103 K\u00f6ln<\/p>\n<p>Telefon: 0221\/229 5555<br \/>e-Mail:   pressestelle.koeln(at)polizei.nrw.de<\/p>\n<p><a target=\"_blank\" class=\"uri-ext outbound\" rel=\"noopener nofollow\" href=\"https:\/\/koeln.polizei.nrw\">https:\/\/koeln.polizei.nrw<\/a><\/p>\n<p class=\"originator\">Original-Content von: Polizei K\u00f6ln, \u00fcbermittelt durch news aktuell<\/p>\n","protected":false},"excerpt":{"rendered":"05.09.2026 \u2013 22:51 Polizei K\u00f6ln K\u00f6ln (ots) Die Polizei K\u00f6ln hat am Samstagnachmittag (5. September) einen Aufzug zum&hellip;\n","protected":false},"author":2,"featured_media":1283587,"comment_status":"","ping_status":"","sticky":false,"template":"","format":"standard","meta":{"footnotes":"","_share_on_mastodon":"0"},"categories":[1828],"tags":[29,30,1420,177,1209,176,121,178,180,179,181],"class_list":["post-1283586","post","type-post","status-publish","format-standard","has-post-thumbnail","category-koeln","tag-deutschland","tag-germany","tag-koeln","tag-kriminalitt","tag-nordrhein-westfalen","tag-nrw","tag-polizei","tag-presse","tag-pressemeldung","tag-pressemitteilung","tag-pressemitteilungen"],"share_on_mastodon":{"url":"https:\/\/pubeurope.com\/@de\/117222220135481572","error":""},"_links":{"self":[{"href":"https:\/\/www.europesays.com\/de\/wp-json\/wp\/v2\/posts\/1283586","targetHints":{"allow":["GET"]}}],"collection":[{"href":"https:\/\/www.europesays.com\/de\/wp-json\/wp\/v2\/posts"}],"about":[{"href":"https:\/\/www.europesays.com\/de\/wp-json\/wp\/v2\/types\/post"}],"author":[{"embeddable":true,"href":"https:\/\/www.europesays.com\/de\/wp-json\/wp\/v2\/users\/2"}],"replies":[{"embeddable":true,"href":"https:\/\/www.europesays.com\/de\/wp-json\/wp\/v2\/comments?post=1283586"}],"version-history":[{"count":0,"href":"https:\/\/www.europesays.com\/de\/wp-json\/wp\/v2\/posts\/1283586\/revisions"}],"wp:featuredmedia":[{"embeddable":true,"href":"https:\/\/www.europesays.com\/de\/wp-json\/wp\/v2\/media\/1283587"}],"wp:attachment":[{"href":"https:\/\/www.europesays.com\/de\/wp-json\/wp\/v2\/media?parent=1283586"}],"wp:term":[{"taxonomy":"category","embeddable":true,"href":"https:\/\/www.europesays.com\/de\/wp-json\/wp\/v2\/categories?post=1283586"},{"taxonomy":"post_tag","embeddable":true,"href":"https:\/\/www.europesays.com\/de\/wp-json\/wp\/v2\/tags?post=1283586"}],"curies":[{"name":"wp","href":"https:\/\/api.w.org\/{rel}","templated":true}]}}