{"id":1283588,"date":"2026-09-06T04:31:22","date_gmt":"2026-09-06T04:31:22","guid":{"rendered":"https:\/\/www.europesays.com\/de\/1283588\/"},"modified":"2026-09-06T04:31:22","modified_gmt":"2026-09-06T04:31:22","slug":"richtig-spiessig-die-trachten-trends-zur-wiesn-3","status":"publish","type":"post","link":"https:\/\/www.europesays.com\/de\/1283588\/","title":{"rendered":"\u201eRichtig spie\u00dfig\u201c &#8211; Die Trachten-Trends zur Wiesn"},"content":{"rendered":"<p id=\"absatz1\">\n\t\t\t\t\t\t\tBald hei\u00dft es in M\u00fcnchen wieder \u201eO&#8217;zapft is\u201c &#8211; und Dirndl und die Lederhosen werden rausgeholt. Nach der wichtigsten Frage \u201eGeht&#8217;s noch zu?\u201c stellt sich die zweite: \u201eZieht man das so noch an?\u201c<\/p>\n<p class=\"em_text\">Die Dirndl werden (noch) l\u00e4nger &#8211; und traditioneller. Man tr\u00e4gt Rot-, Gr\u00fcn &#8211; oder Braunt\u00f6ne. Und Finger weg von Turnschuhen. So fassen Trachtenexperten den Trend f\u00fcr dieses Jahr zusammen.\u00a0<\/p>\n<p class=\"em_text\">Die Trachtenmode zeige sich \u201ewieder sehr an traditionellen Vorbilden orientiert. Mehrfach war auch schon das Wort &#8222;altmodisch&#8220; zu lesen. Dies betrifft Farben und Formen\u201c, sagt Thomas Appl, Bezirksheimatpfleger in der Oberpfalz.<\/p>\n<p>\t\t\t\t\t\t\t\t\t\t\t\t\t\t\t\t\t\t\tDirndl gehen \u00fcbers Knie<\/p>\n<p class=\"em_text\">\u201ePraktisch alle Dirndl gehen von der L\u00e4nge her \u00fcber die Knie, viele sind hochgeschlossen. Vor einem Jahrzehnt h\u00e4tten wohl viele junge Dirndltr\u00e4gerinnen dazu &#8222;richtig spie\u00dfig&#8220; gesagt.\u201c Billig-Dirndl wie sie vor einigen Jahren die Pop-Up-L\u00e4den rund um den M\u00fcnchner Hauptbahnhof f\u00fcllten, sehe man kaum noch.<\/p>\n<p class=\"em_text\">Bei den Farben dominieren in diesem Jahr aus Sicht von Axel Munz, Gesch\u00e4ftsf\u00fchrer des Trachtenunternehmens Angermaier, Rot- und Gr\u00fcnt\u00f6ne bei den Damen. Rainer Wenrich, Kunst- und Modeexperte von der Katholischen Universit\u00e4t Eichst\u00e4tt, sieht \u201ewundersch\u00f6ne lange Dirndl\u201c im gedeckten Gr\u00fcn, \u201eApfel und auch Oliv\u201c, in erdigen T\u00f6nen, \u201eetwas elegantes Pastell, Vanille, etwas Beere\u201c.<\/p>\n<p>\t\t\t\t\t\t\t\t\t\t\t\t\t\t\t\t\t\t\t\u201eTon-in-Ton\u201c<\/p>\n<p class=\"em_text\">Der \u201eTon-in-Ton\u201c-Look sei sehr pr\u00e4sent. \u201eAuch die Bluse (mit dezenten Puff- und R\u00fcschenarmeln) wird darauf abgestimmt &#8211; insgesamt ein eleganter Trachten-Look. Das alles in hochwertigen Materialien, auch Leinen, Samt und Kord\u201c und matt gl\u00e4nzender Seide.\u00a0<\/p>\n<p class=\"em_text\">\u201eDirndl und Blusen mit Fl\u00fcgel\u00e4rmeln, teilweise abnehmbar, sind popul\u00e4r\u201c, sagt Angermaier-Gesch\u00e4ftsf\u00fchrer Munz. Spitze liegt seinen Angaben zufolge im Trend, ebenso Samt, der mit Enzian oder Edelwei\u00df bestickt ist. Und auch er sagt: \u201eNeben der Midi-L\u00e4nge 65 und 70 Zentimeter werden Modelle mit 75 und 80 Zentimetern L\u00e4nge immer st\u00e4rker.\u201c<\/p>\n<p>\t\t\t\t\t\t\t\t\t\t\t\t\t\t\t\t\t\t\tSeident\u00fccher einbinden<\/p>\n<p class=\"em_text\">Alexander Wandinger von der Trachtenfachberatung bei der Bezirksheimatpflege Oberbayern sieht noch einen etwas innovativeren Modetrend: \u201eEine sch\u00f6ne und neue Idee ist es wertige Seident\u00fccher in die Sch\u00fcrzenschleife mit einzubinden\u201c, sagt er. \u201eDas funktioniert auch, wenn das Sch\u00fcrzenband mit einer Schlie\u00dfe im R\u00fccken geschlossen wird und das Seidentuch dann als Schleife und Blickfang fungiert.\u201c<\/p>\n<p>\t\t\t\t\t\t\t\t\t\t\t\t\t\t\t\t\t\t\tUnd die M\u00e4nner?<\/p>\n<p class=\"em_text\">\u201eBei den M\u00e4nnern gibt es &#8211; auch in M\u00fcnchen &#8211; immer mehr den Mix zwischen besonders sch\u00f6nen historischen originalen Trachten\u201c, sagt Wandinger. No-Gos sind aus Sicht von Angermaier-Chef Munz \u201eTennissocken zur Lederhose, schlecht sitzende Lederhosen, die ausgebeult aussehen, Kurzarmhemden und Lederhosen aus Plastik\u201c.<\/p>\n<p class=\"em_text\">Die No-Gos f\u00fcr M\u00e4nner und Frauen beschreibt Influencerin und Wiesn-G\u00e4ngerin Cathy Hummels so: \u201eMein gr\u00f6\u00dftes No-Go ist es, sich f\u00fcr die Wiesn zu verkleiden. Tracht ist schlie\u00dflich kein Kost\u00fcm. Man darf modisch und mutig sein, aber f\u00fcr mich sollte der Look immer eine gewisse Wertigkeit behalten.\u201c<\/p>\n<p class=\"em_text\">Bezirksheimatpfleger Appl macht &#8211; mit Blick auf das G\u00e4ubodenfest in Straubing &#8211; derweil all denjenigen Mut, die keine Lust haben, sich zur Wiesn in die Tracht zu werfen: \u201eWas meiner Einsch\u00e4tzung nach insgesamt auff\u00e4llt ist, dass die &#8222;Uniformierung&#8220;, das hei\u00dft, dass man vor einigen Jahren den Eindruck hatte, als w\u00e4re Tracht bei Volksfesten vorgeschrieben und Voraussetzung f\u00fcr einen Zeltbesuch, endg\u00fcltig vorbei sind.\u201c<\/p>\n<p class=\"em_text\">\u00a9 dpa-infocom, dpa:260906-930-639574\/1<\/p>\n<p><a href=\"https:\/\/img.pnp.de\/ezplatform\/images\/5\/8\/5\/2\/447302585-1-ger-DE\/49aad8c256cd-axjhmoagbf-v3-ax-s2048.jpeg\" class=\"use-fancybox\" data-fancybox=\"images\" data-caption=\"\" rel=\"nofollow noopener\" target=\"_blank\">                        <\/p>\n<p>    <img decoding=\"async\" aria-hidden=\"true\" loading=\"lazy\" onload=\"this.parentNode.style.backgroundColor=\" transparent=\"\" alt=\"\" src=\"https:\/\/www.europesays.com\/de\/wp-content\/uploads\/2026\/09\/49aad8c256cd-axjhmoagbf-v3-ax-s2048.jpeg\" class=\"media-image img-fluid owl-lazy  h-100 \" width=\"1040\" height=\"auto\" itemprop=\"image\" style=\"opacity: 1; object-fit: cover; max-height: 520px;\"\/><\/p>\n<p>            <\/a><\/p>\n<p class=\"caption\">\n                Dirndl-Gipfel zur aktuellen Wiesn-Mode &#8211; Bei den Farben dominieren in diesem Jahr aus Sicht von Axel Munz, Gesch\u00e4ftsf\u00fchrer des Trachtenunternehmens Angermaier, Rot- und Gr\u00fcnt\u00f6ne bei den Damen. &#8211; Foto: Felix H\u00f6rhager\/dpa<\/p>\n<p><a href=\"https:\/\/img.pnp.de\/ezplatform\/images\/8\/1\/6\/2\/447302618-1-ger-DE\/86ee1d32dba3-36ueipyef5-v6-ax-s2048.jpeg\" class=\"use-fancybox\" data-fancybox=\"images\" data-caption=\"\" rel=\"nofollow noopener\" target=\"_blank\">                        <\/p>\n<p>    <img decoding=\"async\" aria-hidden=\"true\" loading=\"lazy\" onload=\"this.parentNode.style.backgroundColor=\" transparent=\"\" alt=\"\" src=\"https:\/\/www.europesays.com\/de\/wp-content\/uploads\/2026\/09\/86ee1d32dba3-36ueipyef5-v6-ax-s2048.jpeg\" class=\"media-image img-fluid owl-lazy  h-100 \" width=\"1040\" height=\"auto\" itemprop=\"image\" style=\"opacity: 1; object-fit: cover; max-height: 520px;\"\/><\/p>\n<p>            <\/a><\/p>\n<p class=\"caption\">\n                Dirndl-Gipfel zur aktuellen Wiesn-Mode &#8211; Bei den M\u00e4nnern gibt es immer mehr den Mix zwischen besonders sch\u00f6nen historischen originalen Trachten. &#8211; Foto: Felix H\u00f6rhager\/dpa<\/p>\n<p><a href=\"https:\/\/img.pnp.de\/ezplatform\/images\/1\/5\/6\/2\/447302651-1-ger-DE\/d5f981c6f8b5-qgycbrupei-v4-ax-s2048.jpeg\" class=\"use-fancybox\" data-fancybox=\"images\" data-caption=\"\" rel=\"nofollow noopener\" target=\"_blank\">                        <\/p>\n<p>    <img decoding=\"async\" aria-hidden=\"true\" loading=\"lazy\" onload=\"this.parentNode.style.backgroundColor=\" transparent=\"\" alt=\"\" src=\"https:\/\/www.europesays.com\/de\/wp-content\/uploads\/2026\/09\/d5f981c6f8b5-qgycbrupei-v4-ax-s2048.jpeg\" class=\"media-image img-fluid owl-lazy  h-100 \" width=\"1040\" height=\"auto\" itemprop=\"image\" style=\"opacity: 1; object-fit: cover; max-height: 520px;\"\/><\/p>\n<p>            <\/a><\/p>\n<p class=\"caption\">\n                Dirndl-Gipfel zur aktuellen Wiesn-Mode &#8211; Auch ein Hut kann zum Dirndl passen. &#8211; Foto: Felix H\u00f6rhager\/dpa<\/p>\n","protected":false},"excerpt":{"rendered":"Bald hei\u00dft es in M\u00fcnchen wieder \u201eO&#8217;zapft is\u201c &#8211; und Dirndl und die Lederhosen werden rausgeholt. Nach der&hellip;\n","protected":false},"author":2,"featured_media":1283589,"comment_status":"","ping_status":"","sticky":false,"template":"","format":"standard","meta":{"footnotes":"","_share_on_mastodon":"0"},"categories":[1827],"tags":[772,29,30,1268,6927],"class_list":["post-1283588","post","type-post","status-publish","format-standard","has-post-thumbnail","category-muenchen","tag-bayern","tag-deutschland","tag-germany","tag-muenchen","tag-oktoberfest"],"share_on_mastodon":{"url":"https:\/\/pubeurope.com\/@de\/117222226475559902","error":""},"_links":{"self":[{"href":"https:\/\/www.europesays.com\/de\/wp-json\/wp\/v2\/posts\/1283588","targetHints":{"allow":["GET"]}}],"collection":[{"href":"https:\/\/www.europesays.com\/de\/wp-json\/wp\/v2\/posts"}],"about":[{"href":"https:\/\/www.europesays.com\/de\/wp-json\/wp\/v2\/types\/post"}],"author":[{"embeddable":true,"href":"https:\/\/www.europesays.com\/de\/wp-json\/wp\/v2\/users\/2"}],"replies":[{"embeddable":true,"href":"https:\/\/www.europesays.com\/de\/wp-json\/wp\/v2\/comments?post=1283588"}],"version-history":[{"count":0,"href":"https:\/\/www.europesays.com\/de\/wp-json\/wp\/v2\/posts\/1283588\/revisions"}],"wp:featuredmedia":[{"embeddable":true,"href":"https:\/\/www.europesays.com\/de\/wp-json\/wp\/v2\/media\/1283589"}],"wp:attachment":[{"href":"https:\/\/www.europesays.com\/de\/wp-json\/wp\/v2\/media?parent=1283588"}],"wp:term":[{"taxonomy":"category","embeddable":true,"href":"https:\/\/www.europesays.com\/de\/wp-json\/wp\/v2\/categories?post=1283588"},{"taxonomy":"post_tag","embeddable":true,"href":"https:\/\/www.europesays.com\/de\/wp-json\/wp\/v2\/tags?post=1283588"}],"curies":[{"name":"wp","href":"https:\/\/api.w.org\/{rel}","templated":true}]}}