{"id":1283590,"date":"2026-09-06T04:32:14","date_gmt":"2026-09-06T04:32:14","guid":{"rendered":"https:\/\/www.europesays.com\/de\/1283590\/"},"modified":"2026-09-06T04:32:14","modified_gmt":"2026-09-06T04:32:14","slug":"flughafen-muenchen-das-sind-die-beliebtesten-ziele-fuer-den-sommerurlaub","status":"publish","type":"post","link":"https:\/\/www.europesays.com\/de\/1283590\/","title":{"rendered":"Flughafen M\u00fcnchen: Das sind die beliebtesten Ziele f\u00fcr den Sommerurlaub"},"content":{"rendered":"<p class=\"mb-6 text-xs-varying md:text-m lg:text-l font-serif group-[.font-sans]:font-sans \">\n    Die Hauptreisezeit des Jahres ist gekommen. In <a href=\"https:\/\/augsburger-allgemeine.de\/bayern\/\" target=\"_self\" class=\"underline \" rel=\"nofollow noopener\">Bayern<\/a> <a href=\"https:\/\/www.augsburger-allgemeine.de\/panorama\/feiertage\/wann-sind-ferien-in-bayern-2025-2026-1-9-2026-104068078\" target=\"_self\" class=\"underline \" rel=\"nofollow noopener\">sind die Sommerferien in vollem Gange<\/a> (3. August bis 14. September) \u2013 und damit geht am <a href=\"https:\/\/www.augsburger-allgemeine.de\/organisationen\/aa-flughafen-muenchen\" target=\"_self\" class=\"underline \" rel=\"nofollow noopener\">M\u00fcnchner Flughafen<\/a> auch ein gro\u00dfer Andrang von Reisenden einher. Wie der Airport miteilt, rechnet man mit insgesamt rund sechs Millionen Flugg\u00e4sten in den bayerischen Sommerferien. Bis zum Ferienende haben die Airlines demnach mehr als 43.000 Fl\u00fcge zu insgesamt 212 Reisezielen angemeldet.\n  <\/p>\n<p>            Flughafen M\u00fcnchen: Das sind die beliebtesten Reiseziele<\/p>\n<p class=\"mb-6 text-xs-varying md:text-m lg:text-l font-serif group-[.font-sans]:font-sans \">\n    Besonders stark nachgefragt sind <a href=\"https:\/\/www.augsburger-allgemeine.de\/bayern\/flughafen-muenchen-feiert-umsatzrekord-trotz-kriegen-und-krisen-113887241\" target=\"_self\" class=\"underline \" rel=\"nofollow noopener\">heuer viele Ziele am Mittelmeer<\/a>. Laut Flughafen zieht es viele Reisende von <a href=\"https:\/\/www.augsburger-allgemeine.de\/orte\/aa-muenchen\" target=\"_self\" class=\"underline \" rel=\"nofollow noopener\">M\u00fcnchen<\/a> aus nach <strong class=\"font-bold\">Frankreich, Griechenland, Italien, Spanien und in die T\u00fcrkei. <\/strong>Diese L\u00e4nder machen rund 15.700 Fl\u00fcge aus. \u00dcber 2500 Verbindungen sind in den hohen Norden geplant, also nach D\u00e4nemark, Finnland, Island, Norwegen und Schweden. 2300 Fl\u00fcge verbinden M\u00fcnchen mit 19 Zielen in den USA und Kanada, sowie 1500 Starts und Landungen mit Fernost. Dort liegen Hongkong, Japan, Singapur, Taiwan, Thailand und Vietnam hoch im Kurs.\n  <\/p>\n<p>            Warteschlangen am Flughafen M\u00fcnchen: Tipps f\u00fcr Reisende<\/p>\n<p class=\"mb-6 text-xs-varying md:text-m lg:text-l font-serif group-[.font-sans]:font-sans \">\n    Angesichts des erwarteten Ansturms k\u00f6nnte es an vielen Reisetagen zu langen Warteschlangen am Flughafen kommen, vor allem beim Check-in und an den Sicherheitskontrollen. Damit es f\u00fcr m\u00f6glichst viele Flugg\u00e4ste so entspannt wie m\u00f6glich zugeht, gibt der Flughafen in einer Mitteilung Tipps, wie man sich Zeit am Abflugtag sparen kann.\n  <\/p>\n<p class=\"mb-6 text-xs-varying md:text-m lg:text-l font-serif group-[.font-sans]:font-sans \">\n    Zu den <a href=\"https:\/\/www.augsburger-allgemeine.de\/krumbach\/sommerurlaub-2026-reisevorbereitung-auslandskrankenversicherung-und-krisenvorsorge-richtig-planen-114753790\" target=\"_self\" class=\"underline \" rel=\"nofollow noopener\">Tipps f\u00fcr eine unkomplizierte Reise<\/a> z\u00e4hlen folgende Hinweise, die Reisende beachten k\u00f6nnen:\n  <\/p>\n<ul rel=\"\" class=\"[&amp;&gt;li]:relative list-none  [&amp;&gt;li]:pl-[1.2em] [&amp;&gt;li]:marker:text-[0] [&amp;&gt;li]:relative [&amp;&gt;li]:before:absolute [&amp;&gt;li]:before:w-3 [&amp;&gt;li]:before:h-3 [&amp;&gt;li]:before:bg-brand [&amp;&gt;li]:before:left-0 [&amp;&gt;li]:before:rounded-full [&amp;&gt;li]:before:top-[8px] md:[&amp;&gt;li]:before:top-[9px] lg:[&amp;&gt;li]:before:top-[11px]  my-5\">\n<li class=\" mb-3 text-xs-varying md:text-m lg:text-l\">vor Reisebeginn auf der Website des Ausw\u00e4rtigen Amts \u00fcber gegenw\u00e4rtige Einreisebestimmungen und Sicherheitshinweise informieren<\/li>\n<li class=\" mb-3 text-xs-varying md:text-m lg:text-l\">bereits vorab online einchecken<\/li>\n<li class=\" mb-3 text-xs-varying md:text-m lg:text-l\">wenn m\u00f6glich, Vorabend-Check-in f\u00fcr Gep\u00e4ck nutzen<\/li>\n<li class=\" mb-3 text-xs-varying md:text-m lg:text-l\">vorab online einen <a href=\"https:\/\/www.augsburger-allgemeine.de\/bayern\/flughafen-muenchen-infos-zu-parken-abflug-ankunft-2-108983974\" target=\"_self\" class=\"underline \" rel=\"nofollow noopener\">Parkplatz am Flughafen sichern<\/a> (bei <a href=\"https:\/\/www.augsburger-allgemeine.de\/bayern\/schnell-von-augsburg-zum-muenchner-flughafen-tipps-fuer-bahn-bus-und-auto-1-110485541\" target=\"_self\" class=\"underline \" rel=\"nofollow noopener\">Anreise mit dem Auto<\/a>)<\/li>\n<li class=\" mb-3 text-xs-varying md:text-m lg:text-l\">nur die wichtigsten Gegenst\u00e4nde ins Handgep\u00e4ck (Dokumente, Medikamente, Wertgegenst\u00e4nde)<\/li>\n<li class=\" mb-3 text-xs-varying md:text-m lg:text-l\">gen\u00fcgend Anreisezeit zum Flughafen einplanen<\/li>\n<li class=\" mb-3 text-xs-varying md:text-m lg:text-l\">Gep\u00e4ck an den Terminals selbst einchecken<\/li>\n<\/ul>\n<p>            Heuer l\u00e4ngere Wartezeiten am M\u00fcnchner Flughafen?<\/p>\n<p class=\"mb-6 text-xs-varying md:text-m lg:text-l font-serif group-[.font-sans]:font-sans \">\n    Im vergangenen Jahr hatte der Flughafen <a href=\"https:\/\/www.augsburger-allgemeine.de\/bayern\/flughafen-muenchen-erwartet-millionen-fluggaeste-das-sind-die-top-reiseziele-in-den-sommerferien-24-07-110490460\" target=\"_self\" class=\"underline \" rel=\"nofollow noopener\">mit rund 6,4 Millionen Flugg\u00e4sten in den Sommerferien gerechnet<\/a>. In diesem Jahr k\u00f6nnte es \u2013 trotz der etwas niedrigeren Zahl \u2013 <a href=\"https:\/\/www.augsburger-allgemeine.de\/bayern\/flughafen-muenchen-muessen-reisende-wegen-neuen-grenzkontrollen-laenger-warten-114663081\" target=\"_self\" class=\"underline \" rel=\"nofollow noopener\">wegen des neuen EU-Grenzverfahrens EES zu noch l\u00e4ngeren Wartezeiten kommen<\/a>.\n  <\/p>\n","protected":false},"excerpt":{"rendered":"Die Hauptreisezeit des Jahres ist gekommen. In Bayern sind die Sommerferien in vollem Gange (3. August bis 14.&hellip;\n","protected":false},"author":2,"featured_media":1199231,"comment_status":"","ping_status":"","sticky":false,"template":"","format":"standard","meta":{"footnotes":"","_share_on_mastodon":"0"},"categories":[1827],"tags":[772,29,10647,156,30,1565,37584,355,700,1268,4562,11290],"class_list":["post-1283590","post","type-post","status-publish","format-standard","has-post-thumbnail","category-muenchen","tag-bayern","tag-deutschland","tag-flughafen-muenchen","tag-frankreich","tag-germany","tag-griechenland","tag-hauptreisezeit","tag-italien","tag-mittelmeer","tag-muenchen","tag-reise","tag-sommerferien"],"share_on_mastodon":{"url":"https:\/\/pubeurope.com\/@de\/117222227914001887","error":""},"_links":{"self":[{"href":"https:\/\/www.europesays.com\/de\/wp-json\/wp\/v2\/posts\/1283590","targetHints":{"allow":["GET"]}}],"collection":[{"href":"https:\/\/www.europesays.com\/de\/wp-json\/wp\/v2\/posts"}],"about":[{"href":"https:\/\/www.europesays.com\/de\/wp-json\/wp\/v2\/types\/post"}],"author":[{"embeddable":true,"href":"https:\/\/www.europesays.com\/de\/wp-json\/wp\/v2\/users\/2"}],"replies":[{"embeddable":true,"href":"https:\/\/www.europesays.com\/de\/wp-json\/wp\/v2\/comments?post=1283590"}],"version-history":[{"count":0,"href":"https:\/\/www.europesays.com\/de\/wp-json\/wp\/v2\/posts\/1283590\/revisions"}],"wp:featuredmedia":[{"embeddable":true,"href":"https:\/\/www.europesays.com\/de\/wp-json\/wp\/v2\/media\/1199231"}],"wp:attachment":[{"href":"https:\/\/www.europesays.com\/de\/wp-json\/wp\/v2\/media?parent=1283590"}],"wp:term":[{"taxonomy":"category","embeddable":true,"href":"https:\/\/www.europesays.com\/de\/wp-json\/wp\/v2\/categories?post=1283590"},{"taxonomy":"post_tag","embeddable":true,"href":"https:\/\/www.europesays.com\/de\/wp-json\/wp\/v2\/tags?post=1283590"}],"curies":[{"name":"wp","href":"https:\/\/api.w.org\/{rel}","templated":true}]}}