{"id":1283597,"date":"2026-09-06T04:37:17","date_gmt":"2026-09-06T04:37:17","guid":{"rendered":"https:\/\/www.europesays.com\/de\/1283597\/"},"modified":"2026-09-06T04:37:17","modified_gmt":"2026-09-06T04:37:17","slug":"hackerangriff-auf-berlin-bundesbehoerden-unterstuetzen-ermittlungen-zu-hackerangriff","status":"publish","type":"post","link":"https:\/\/www.europesays.com\/de\/1283597\/","title":{"rendered":"Hackerangriff auf Berlin: Bundesbeh\u00f6rden unterst\u00fctzen Ermittlungen zu Hackerangriff"},"content":{"rendered":"<p class=\"paragraph article__item\">Die Bundesbeh\u00f6rden haben sich bei den Ermittlungen zum <a href=\"https:\/\/www.zeit.de\/digital\/2026-09\/hackerangriff-berliner-verwaltung-rhysida-bsi-datenleck-gxe\" target=\"_blank\" rel=\"nofollow noopener\">Hackerangriff auf Teile der Berliner Verwaltung<\/a> eingeschaltet. Das Bundesamt f\u00fcr Sicherheit in der Informationstechnik (BSI), das Bundeskriminalamt (BKA) und das Bundesamt f\u00fcr Verfassungsschutz (BfV) seien beteiligt, teilte ein Sprecher des Bundesinnenministeriums auf Anfrage der Nachrichtenagentur dpa mit. Die detaillierte Auswertung finde aktuell durch die zust\u00e4ndigen Sicherheitsbeh\u00f6rden des Landes <a class=\"rtr-entity\" href=\"https:\/\/www.zeit.de\/thema\/berlin\" rel=\"nofollow noopener\" target=\"_blank\">Berlin<\/a> statt.\n<\/p>\n<p class=\"paragraph article__item\">\u00bbIm Gemeinsamen Cyber-Abwehrzentrum werden alle Erkenntnisse zusammengetragen und geteilt\u00ab, sagte der Sprecher. Die Gruppierung Rhysida, die f\u00fcr den Leak verantwortlich gemacht wird, sei den Sicherheitsbeh\u00f6rden bekannt und seit Mitte 2021 aktiv. \u00bbSie gilt grunds\u00e4tzlich als kriminell und finanziell motiviert.\u00ab\n<\/p>\n<p class=\"paragraph article__item\"><a href=\"https:\/\/www.zeit.de\/thema\/berlin\" target=\"_blank\" rel=\"nofollow noopener\">Berlins<\/a> Regierender B\u00fcrgermeister <a href=\"https:\/\/www.zeit.de\/thema\/kai-wegner\" target=\"_blank\" rel=\"nofollow noopener\">Kai Wegner<\/a> (CDU) sagte der Bild, nach der Ver\u00f6ffentlichung der sensiblen Daten sei jetzt das Ziel, m\u00f6gliche Betroffene \u00bbschnellstm\u00f6glich zu erreichen\u00ab. Berlin sei \u00bbOpfer einer schweren Straftat geworden\u00ab, sagte er weiter. Wegner hatte zun\u00e4chst erkl\u00e4rt, es gebe keine Hinweise auf den Abfluss sensibler Informationen. Nun sagte der Regierende B\u00fcrgermeister der Bild, \u00bbder Erkenntnisstand heute\u00ab sei \u00bbein anderer\u00ab. Welche Informationen genau abgeflossen sind, konnte Wegner aber noch nicht sagen: \u00bbDa sind wir in der <a class=\"rtr-entity\" href=\"https:\/\/www.zeit.de\/thema\/ermittlung\" rel=\"nofollow noopener\" target=\"_blank\">Pr\u00fcfung<\/a>.\u00ab\n<\/p>\n<p>            Bund und Land werten Datenabfluss aus            <\/p>\n<p class=\"paragraph article__item\">Auch die Bundesregierung \u00bbf\u00fchrte eine intensive Pr\u00fcfung der eigenen Datensysteme durch\u00ab, wie ein Regierungssprecher sagte. Diese seien \u00bbnach bisherigem Kenntnisstand\u00ab aber nicht betroffen.\n<\/p>\n<p class=\"paragraph article__item\">Derzeit werteten die zust\u00e4ndigen Sicherheitsbeh\u00f6rden von Bund und Land die Informationen zu dem <a href=\"https:\/\/www.zeit.de\/digital\/datenschutz\/2026-09\/hackerangriff-berlin-verwaltung-persoenliche-daten-ultimatum-rhysida\" target=\"_blank\" rel=\"nofollow noopener\">Datenabfluss<\/a> aus, wie der Regierungssprecher weiter mitteilte. Zwischen den beteiligten Beh\u00f6rden w\u00fcrden die Informationen kontinuierlich abgeglichen, auch \u00fcber das Nationale Cyber-Abwehrzentrum. \u00bbNach der Analyse potenzieller Sicherheitsrisiken werden entsprechende Ma\u00dfnahmen zur Wahrung der milit\u00e4rischen Sicherheit eingeleitet.\u00ab\n<\/p>\n<p>                            \u00a9\u00a0ZEIT ONLINE<\/p>\n<p>\n                                        Newsletter<br \/>\n                                        Nat\u00fcrlich intelligent<\/p>\n<p class=\"newsletter-signup__text\">K\u00fcnstliche Intelligenz ist die wichtigste Technologie unserer Zeit. Aber auch ein riesiger Hype. Wie man echte Durchbr\u00fcche von hohlen Versprechungen unterscheidet, lesen Sie in unserem KI-Newsletter.<\/p>\n<p class=\"newsletter-signup__datapolicy\" hidden=\"\">\n            Mit Ihrer Registrierung nehmen Sie die <a href=\"https:\/\/datenschutz.zeit.de\/zon#Newsletter\" target=\"_blank\" rel=\"nofollow noopener\">Datenschutzerkl\u00e4rung<\/a><br \/>\n     zur Kenntnis.\n        <\/p>\n<p>    Vielen Dank! Wir haben Ihnen eine E-Mail geschickt.<\/p>\n<p>Pr\u00fcfen Sie Ihr Postfach und best\u00e4tigen Sie das Newsletter-Abonnement.<\/p>\n<p class=\"paragraph article__item\">Laut Stichprobe des Spiegel finden sich unter den geleakten Informationen etwa Daten zum Gefahrenschutz bei der Berliner Feuerwehr, Gehaltslisten, Kontoinformationen, Scans von Ausweispapieren und vertrauliche Personalangelegenheiten wie Vorw\u00fcrfe zu Dienstvergehen und Disziplinarangelegenheiten. Auch zahlreiche Bundesbelange seien betroffen \u2013 der Spiegel berichtete von mehr als 550 Dateien zur Kanzleramts-Erweiterung, darunter Gutachten, Pl\u00e4ne und Stellungnahmen etwa des Landeskriminalamts.\n<\/p>\n<p class=\"paragraph article__item\">Die <a href=\"https:\/\/www.zeit.de\/thema\/hackerangriff\" target=\"_blank\" rel=\"nofollow noopener\">Hackergruppe<\/a> hatte vor der Ver\u00f6ffentlichung der Daten von der Berliner Senatsverwaltung rund zwei Millionen Euro L\u00f6segeld in Bitcoin gefordert \u2013 andernfalls w\u00fcrden 5,7 Terabyte an erbeuteten Daten ver\u00f6ffentlicht. Die Summe sollte bis Freitag gezahlt werden. Wegner sagte der Bild, eine Zahlung des L\u00f6segelds sei f\u00fcr ihn nie infrage gekommen: \u00bbIch bin der felsenfesten \u00dcberzeugung, dass sich ein Staat nicht erpressen lassen darf.\u00ab\n<\/p>\n<p>            T\u00e4gliche Angriffe auf Berliner Netz            <\/p>\n<p class=\"paragraph article__item\">Niemand k\u00f6nne garantieren, dass die Daten nach einer Zahlung tats\u00e4chlich gel\u00f6scht worden w\u00e4ren. Wegner sagte: \u00bbWer sagt denn, wenn wir es gezahlt h\u00e4tten, dass die Daten nicht l\u00e4ngst schon woanders sind?\u00ab\n<\/p>\n<p class=\"paragraph article__item\">Der Regierende B\u00fcrgermeister hatte in der vergangenen Woche best\u00e4tigt, <a href=\"https:\/\/www.zeit.de\/politik\/deutschland\/2026-08\/hackerangriff-berlin-verwaltung-rhysida-erpressung-gxe\" target=\"_blank\" rel=\"nofollow noopener\">dass die Stadt nach dem Datendiebstahl erpresst<\/a> werde. Wegen des <a class=\"rtr-entity\" href=\"https:\/\/www.zeit.de\/thema\/datensicherheit\" rel=\"nofollow noopener\" target=\"_blank\">Hackerangriffs<\/a> waren die Senatsverwaltung f\u00fcr Stadtentwicklung, Bauen und Wohnen sowie die Senatsverwaltung f\u00fcr Mobilit\u00e4t, Verkehr, Umwelt und Klimaschutz am 14. August f\u00fcr rund eine Woche vom Landesnetz isoliert worden. Tagelang konnte wegen der Cyberattacke in Berlin unter anderem kein Wohngeld beantragt oder ausgezahlt werden.\n<\/p>\n<p class=\"paragraph article__item\">Wegner sagte gegen\u00fcber der Bild, staatliche Netzwerke seien t\u00e4glich Ziel von Cyberangriffen. \u00bbWir haben tagt\u00e4glich Hackerangriffe auf unser Netz, nicht nur in Berlin, in ganz Deutschland.\u00ab Die allermeisten Angriffe w\u00fcrden abgewehrt. \u00bbDieser ist leider durch\u00ab, sagte Wegner.\n<\/p>\n<p>Mehr zum Thema<\/p>\n<p>            Hackerangriff        <\/p>\n<p>                <a href=\"https:\/\/www.zeit.de\/digital\/datenschutz\/2026-09\/hackerangriff-berlin-verwaltung-persoenliche-daten-ultimatum-rhysida\" data-ct-label=\"Hackerangriff in Berlin: Sie fordern Geld. Berlin will nicht zahlen. Und jetzt?\" data-uuid=\"76b56ccf-e1d1-461d-9d92-2d966b65822f\" rel=\"nofollow noopener\" target=\"_blank\"><\/p>\n<p>        Z+ (abopflichtiger Inhalt);<\/p>\n<p>    Hackerangriff in Berlin:<br \/>\n                        Sie fordern Geld. Berlin will nicht zahlen. Und jetzt?<\/p>\n<p>                <\/a><\/p>\n<p>                <a href=\"https:\/\/www.zeit.de\/2026\/38\/ki-agenten-sicherheit-openai-exploitgym-thorsten-holz\" data-ct-label=\"KI-Agenten: \u00bbKI-Agenten sind wie besessen\u00ab\" data-uuid=\"4dddabae-83bd-4486-a680-006eb55d83cc\" rel=\"nofollow noopener\" target=\"_blank\"><\/p>\n<p>        Z+ (abopflichtiger Inhalt);<\/p>\n<p>    KI-Agenten:<br \/>\n                        \u00bbKI-Agenten sind wie besessen\u00ab<\/p>\n<p>                <\/a><\/p>\n<p>                <a href=\"https:\/\/www.zeit.de\/digital\/2025-10\/cyberangriffe-hacker-infrastruktur-chris-kubecka-russland\" data-ct-label=\"Cyberangriffe: &quot;Teile der kritischen Infrastruktur sind l\u00e4ngst unterwandert&quot;\" data-uuid=\"9909c948-107f-417b-93ee-ff4b50b0a722\" rel=\"nofollow noopener\" target=\"_blank\"><\/p>\n<p>        Z+ (abopflichtiger Inhalt);<\/p>\n<p>    Cyberangriffe:<br \/>\n                        &#8222;Teile der kritischen Infrastruktur sind l\u00e4ngst unterwandert&#8220;<\/p>\n<p>                <\/a><\/p>\n","protected":false},"excerpt":{"rendered":"Die Bundesbeh\u00f6rden haben sich bei den Ermittlungen zum Hackerangriff auf Teile der Berliner Verwaltung eingeschaltet. Das Bundesamt f\u00fcr&hellip;\n","protected":false},"author":2,"featured_media":1283598,"comment_status":"","ping_status":"","sticky":false,"template":"","format":"standard","meta":{"footnotes":"","_share_on_mastodon":"0"},"categories":[1825],"tags":[1941,1939,296,1937,18647,29,5680,587,30,15646,3558,264664,2384,1940,1938],"class_list":["post-1283597","post","type-post","status-publish","format-standard","has-post-thumbnail","category-berlin","tag-aktuelle-nachrichten-aus-berlin","tag-aktuelle-news-aus-berlin","tag-berlin","tag-berlin-news","tag-bundesinnenministerium","tag-deutschland","tag-digital","tag-ermittlung","tag-germany","tag-hacker","tag-hackerangriff","tag-hackerangriff-auf-berlin","tag-kai-wegner","tag-nachrichten-aus-berlin","tag-news-aus-berlin"],"share_on_mastodon":{"url":"https:\/\/pubeurope.com\/@de\/117222247478536114","error":""},"_links":{"self":[{"href":"https:\/\/www.europesays.com\/de\/wp-json\/wp\/v2\/posts\/1283597","targetHints":{"allow":["GET"]}}],"collection":[{"href":"https:\/\/www.europesays.com\/de\/wp-json\/wp\/v2\/posts"}],"about":[{"href":"https:\/\/www.europesays.com\/de\/wp-json\/wp\/v2\/types\/post"}],"author":[{"embeddable":true,"href":"https:\/\/www.europesays.com\/de\/wp-json\/wp\/v2\/users\/2"}],"replies":[{"embeddable":true,"href":"https:\/\/www.europesays.com\/de\/wp-json\/wp\/v2\/comments?post=1283597"}],"version-history":[{"count":0,"href":"https:\/\/www.europesays.com\/de\/wp-json\/wp\/v2\/posts\/1283597\/revisions"}],"wp:featuredmedia":[{"embeddable":true,"href":"https:\/\/www.europesays.com\/de\/wp-json\/wp\/v2\/media\/1283598"}],"wp:attachment":[{"href":"https:\/\/www.europesays.com\/de\/wp-json\/wp\/v2\/media?parent=1283597"}],"wp:term":[{"taxonomy":"category","embeddable":true,"href":"https:\/\/www.europesays.com\/de\/wp-json\/wp\/v2\/categories?post=1283597"},{"taxonomy":"post_tag","embeddable":true,"href":"https:\/\/www.europesays.com\/de\/wp-json\/wp\/v2\/tags?post=1283597"}],"curies":[{"name":"wp","href":"https:\/\/api.w.org\/{rel}","templated":true}]}}