{"id":1283610,"date":"2026-09-06T04:45:20","date_gmt":"2026-09-06T04:45:20","guid":{"rendered":"https:\/\/www.europesays.com\/de\/1283610\/"},"modified":"2026-09-06T04:45:20","modified_gmt":"2026-09-06T04:45:20","slug":"ehepaar-aus-schlitz-erfuellt-sich-traum-bei-bares-fuer-rares","status":"publish","type":"post","link":"https:\/\/www.europesays.com\/de\/1283610\/","title":{"rendered":"Ehepaar aus Schlitz erf\u00fcllt sich Traum bei \u201eBares f\u00fcr Rares\u201c"},"content":{"rendered":"<ol class=\"id-DonaldBreadcrumb lp_west_breadcrumb id-DonaldBreadcrumb--default\" data-k5a-pos=\"west_breadcrumb\">\n<li class=\"id-Breadcrumb-item\"><a href=\"https:\/\/www.fuldaerzeitung.de\/\" class=\"id-Breadcrumb-link\" data-id-ec=\"{\" shn=\"\" textlink=\"\" zeitung=\"\" data-k5a-pos=\"1_fuldaerZeitung\" rel=\"nofollow noopener\" target=\"_blank\">Fuldaer Zeitung<\/a><\/li>\n<li class=\"id-Breadcrumb-item\"><a href=\"https:\/\/www.fuldaerzeitung.de\/unterhaltung\/\" class=\"id-Breadcrumb-link\" data-id-ec=\"{\" shn=\"\" textlink=\"\" data-k5a-pos=\"2_unterhaltung\" rel=\"nofollow noopener\" target=\"_blank\">Unterhaltung<\/a><\/li>\n<\/ol>\n<p class=\"id-Story-timestamp id-Story-timestamp--default\">Stand: 06.09.2026, 04:42 Uhr<\/p>\n<p class=\"id-Story-authors id-Story-authors--default\">Von: <a class=\"id-Story-authors-link lp_west_author\" href=\"https:\/\/www.fuldaerzeitung.de\/autor\/sabine-kohl-r5gux4mg4.html\" title=\"Zur Autorenseite von Sabine Kohl\" data-id-ec=\"{\" shn=\"\" author-link=\"\" kohl=\"\" data-k5a-pos=\"west_author\" rel=\"nofollow noopener\" target=\"_blank\">Sabine Kohl<\/a><\/p>\n<p class=\"id-Story-interactionBar id-Story-interactionBar--default\">DruckenTeilen<\/p>\n<p><a href=\"https:\/\/profile.google.com\/cp\/CgovbS8wbHE3NzhjGgA\" class=\"id-Story-googleFollowButton id-Story-googleFollowButton--default\" target=\"_blank\" data-id-ec=\"{\" shn=\"\" google-follow=\"\" auf=\"\" google=\"\" folgen=\"\" rel=\"nofollow noopener\">Uns auf Google folgen<\/a><\/p>\n<p class=\"id-StoryElement-leadText\">\u201eIch wollte schon immer mal zu euch.\u201c F\u00fcr Marion Graef aus Schlitz geht mit dem Auftritt bei \u201eBares f\u00fcr Rares\u201c ein Traum in Erf\u00fcllung. Begleitet wird sie von Ehemann Rainer, der die zum Verkauf stehende Rarit\u00e4t dabei hat.<\/p>\n<p class=\"id-StoryElement-paragraph\">K\u00f6ln\/Schlitz \u2013 Das Ehepaar aus der Burgenstadt im Vogelsberg hat eine Deckenlampe im Design des sogenannten Space Age im Gep\u00e4ck. Diese besteht aus drei kleinen Lampenschirmen in einem warmen Gelbton, die entfernt an ein UFO erinnern \u2013 daher der Name. Beliebt war dieses Design laut \u201e<a href=\"https:\/\/www.fuldaerzeitung.de\/unterhaltung\/bares-fuer-rares-sti824939\/\" target=\"_blank\" class=\"id-import-Link\" data-id-ec=\"{&quot;sht&quot;:&quot;Container&quot;,&quot;shn&quot;:&quot;Story&quot;,&quot;p&quot;:{&quot;containerType&quot;:&quot;Paragraph&quot;,&quot;displayType&quot;:&quot;Paragraph InlineLink&quot;,&quot;type&quot;:&quot;INLINE_LINK&quot;,&quot;value&quot;:&quot;Bares f&#xFC;r Rares&quot;,&quot;variant&quot;:&quot;standardLink&quot;,&quot;sponsored&quot;:false,&quot;linkHref&quot;:&quot;https:\/\/www.fuldaerzeitung.de\/unterhaltung\/bares-fuer-rares-sti824939\/&quot;,&quot;storyElementPosition&quot;:8,&quot;storyElementCount&quot;:26}}\" rel=\"nofollow noopener\">Bares f\u00fcr Rares<\/a>\u201c-Experte Sven Deutschmanek in den 1960er und 1970er Jahren.<\/p>\n<p><img decoding=\"async\" class=\"id-RatioPlaceholder-element wv_story_el_image\" src=\"https:\/\/www.europesays.com\/de\/wp-content\/uploads\/2026\/09\/43946785-marion-und-rainer-graef-aus-schlitz-sowie-horst-lichter-lauschen-aufmerksam-der-expertise-v.jpeg\" loading=\"lazy\"   height=\"619\" width=\"1100\" alt=\"Marion und Rainer Graef aus Schlitz sowie Horst Lichter lauschen aufmerksam der Expertise von Vintage-Fachmann Sven Deutschmanek (links). \"\/>Marion und Rainer Graef aus Schlitz sowie Horst Lichter lauschen aufmerksam der Expertise von Vintage-Fachmann Sven Deutschmanek (links). Das Paar m\u00f6chte die dreiteilige, gelb-orangefarbene Designerlampe aus den 70er Jahren verkaufen. \u00a9\u00a0ZDF (Screenshot: Fuldaer Zeitung)<\/p>\n<p class=\"id-StoryElement-paragraph\">Bevor es an die Bewertung der Rarit\u00e4t geht, m\u00f6chte Moderator <a href=\"https:\/\/www.fuldaerzeitung.de\/panorama\/bares-fuer-rares-zdf-horst-lichter-moderator-koch-schulden-autor-opa-90783843.html\" class=\"id-import-Link\" data-id-ec=\"{&quot;sht&quot;:&quot;Container&quot;,&quot;shn&quot;:&quot;Story&quot;,&quot;p&quot;:{&quot;containerType&quot;:&quot;Paragraph&quot;,&quot;displayType&quot;:&quot;Paragraph InlineLink&quot;,&quot;type&quot;:&quot;INLINE_LINK&quot;,&quot;value&quot;:&quot;Horst Lichter&quot;,&quot;variant&quot;:&quot;standardLink&quot;,&quot;sponsored&quot;:false,&quot;linkHref&quot;:&quot;https:\/\/www.fuldaerzeitung.de\/panorama\/bares-fuer-rares-zdf-horst-lichter-moderator-koch-schulden-autor-opa-90783843.html&quot;,&quot;storyElementPosition&quot;:11,&quot;storyElementCount&quot;:26}}\" rel=\"nofollow noopener\" target=\"_blank\">Horst Lichter<\/a> wie \u00fcblich ein bisschen Pers\u00f6nliches \u00fcber seine G\u00e4ste erfahren. Marion und Rainer Graef leben in Schlitz \u2013 weder Lichter noch Deutschanek kennen die Burgenstadt, wie sie einr\u00e4umen. Rainer ist Speditionskaufmann \u201eauf der Zielgeraden\u201c, Marion verbringt viel Zeit mit ihren vier Enkeln. \u201eDie sind klasse\u201c, schw\u00e4rmt die Oma mit leuchtenden Augen.<\/p>\n<p>Ehepaar aus Schlitz erf\u00fcllt sich Traum mit \u201eBares f\u00fcr Rares\u201c-Auftritt<\/p>\n<p class=\"id-StoryElement-paragraph\">Au\u00dferdem bekennt sie, gl\u00fchender \u201eBares f\u00fcr Rares\u201c-Fan zu sein. Quasi jeden Monat sei er, der Tr\u00f6delmarkt-Fan, gefragt worden, ob er denn nicht mal was habe f\u00fcr die <a href=\"https:\/\/www.fuldaerzeitung.de\/panorama\/zdf-live-programm-mediathek-mainz-zuschauer-neo-filme-shows-serien-sender-soko-90162606.html\" class=\"id-import-Link\" data-id-ec=\"{&quot;sht&quot;:&quot;Container&quot;,&quot;shn&quot;:&quot;Story&quot;,&quot;p&quot;:{&quot;containerType&quot;:&quot;Paragraph&quot;,&quot;displayType&quot;:&quot;Paragraph InlineLink&quot;,&quot;type&quot;:&quot;INLINE_LINK&quot;,&quot;value&quot;:&quot;ZDF&quot;,&quot;variant&quot;:&quot;standardLink&quot;,&quot;sponsored&quot;:false,&quot;linkHref&quot;:&quot;https:\/\/www.fuldaerzeitung.de\/panorama\/zdf-live-programm-mediathek-mainz-zuschauer-neo-filme-shows-serien-sender-soko-90162606.html&quot;,&quot;storyElementPosition&quot;:14,&quot;storyElementCount&quot;:26}}\" rel=\"nofollow noopener\" target=\"_blank\">ZDF<\/a>-Sendung, berichtet Ehemann Rainer mit einem Lachen. \u201eIch wollte immer mal zu euch\u201c, erg\u00e4nzt Marion. Und nun hat es geklappt, mit einer Design-Lampe, die aus der Haushaltsaufl\u00f6sung einer Bekannten stammt, wie die beiden Schlitzer berichten.<\/p>\n<p class=\"id-StoryElement-paragraph\">Um einen absoluten Design-Klassiker handele es sich hier zwar nicht, steigt Vintage-Fachmann Sven Deutschmanek in seine Expertise ein. Die Leuchte stamme allerdings von einem namhaften Hersteller, Kaiser-Leuchten. Das Unternehmen wurde im 19. Jahrhundert im Sauerland gegr\u00fcndet und stellte anfangs vor allem Industrielampen her. Erst sp\u00e4ter folgten Designer-St\u00fccke. Mittlerweile besteht das Unternehmen nicht mehr als eigenst\u00e4ndige Firma.<\/p>\n<p>Bares f\u00fcr Rares (ZDF): Diese neun Expertinnen und Experten geh\u00f6ren zum Team<img decoding=\"async\" class=\"id-RatioPlaceholder-element wv_story_el_interstitialImage\" src=\"https:\/\/www.europesays.com\/de\/wp-content\/uploads\/2026\/09\/32417959-heide-rezepa-zabel-2pkOBuzdWrfe.jpg\" loading=\"lazy\"   height=\"2362\" width=\"3543\" alt=\"Heide Rezepa-Zabel\"\/><a href=\"https:\/\/www.fuldaerzeitung.de\/hessen\/bares-fuer-rares-zdf-diese-neun-expertinnen-und-experten-gehoeren-zum-team-93814147.html\" class=\"id-StoryElement-intestitialLink-link\" data-id-ec=\"{\" shn=\"\" ansehen=\"\" data-k5a-pos=\"west_story_16_photoGalleryLink\" title=\"Zur Fotostrecke: Bares f&#xFC;r Rares (ZDF): Diese neun Expertinnen und Experten geh&#xF6;ren zum Team\" rel=\"nofollow noopener\" target=\"_blank\">Fotostrecke ansehen<\/a><\/p>\n<p class=\"id-StoryElement-paragraph\">Leuchten wie die des Schlitzer Ehepaares seien landl\u00e4ufig bekannt als Kaskadenleuchten, weil man sie wie einen Wasserfall in unterschiedlicher H\u00f6he aufh\u00e4ngen k\u00f6nne. Das warmgelbe Licht sorge f\u00fcr ein sch\u00f6nes Ambiente. \u201eIch finde sie wunder-, wundersch\u00f6n\u201c, schw\u00e4rmt Experte Deutschmanek. Dennoch will er den Wunschpreis der Graefs \u2013 jeder \u201eBares f\u00fcr Rares\u201c-Kandidat wird von Horst Lichter aufgefordert, einen solchen zu \u00e4u\u00dfern \u2013 nicht erf\u00fcllen. 200 bis 500 Euro erhofft sich das Paar, Deutschmanek h\u00e4lt 150 bis 200 Euro f\u00fcr realistisch.<\/p>\n<p>Designer-Lampe aus den 70ern st\u00f6\u00dft auf lebhaftes Interesse<\/p>\n<p class=\"id-StoryElement-paragraph\">Das akzeptieren die beiden Schlitzer und ziehen mit der ber\u00fchmten H\u00e4ndlerkarte in der Hand weiter ins Verkaufszimmer. Dort warten f\u00fcnf H\u00e4ndler auf die beiden: <a href=\"https:\/\/www.fuldaerzeitung.de\/unterhaltung\/kahl-vater-yvonne-arnolds-thueringen-rhein-bares-fuer-rares-baby-news-haendler-fabian-94462674.html\" class=\"id-import-Link\" data-id-ec=\"{&quot;sht&quot;:&quot;Container&quot;,&quot;shn&quot;:&quot;Story&quot;,&quot;p&quot;:{&quot;containerType&quot;:&quot;Paragraph&quot;,&quot;displayType&quot;:&quot;Paragraph InlineLink&quot;,&quot;type&quot;:&quot;INLINE_LINK&quot;,&quot;value&quot;:&quot;Fabian Kahl, der k&#xFC;rzlich erstmals Vater geworden ist&quot;,&quot;variant&quot;:&quot;standardLink&quot;,&quot;sponsored&quot;:false,&quot;linkHref&quot;:&quot;https:\/\/www.fuldaerzeitung.de\/unterhaltung\/kahl-vater-yvonne-arnolds-thueringen-rhein-bares-fuer-rares-baby-news-haendler-fabian-94462674.html&quot;,&quot;storyElementPosition&quot;:21,&quot;storyElementCount&quot;:26}}\" rel=\"nofollow noopener\" target=\"_blank\">Fabian Kahl, der k\u00fcrzlich erstmals Vater geworden ist<\/a>, Christian Vechtel, Elke Velten, Markus Wildhagen und David Suppes.<\/p>\n<p class=\"id-StoryElement-paragraph\">Und bis auf Schmuck-Fachfrau Elke Velten haben alle H\u00e4ndler Interesse an dem Designer-St\u00fcck aus den 70ern, wissen dessen Wert allerdings durchaus realistisch einzusch\u00e4tzen. Das erste Gebot gibt Christian Vechtel mit 90 Euro ab, doch seine Kollegen erh\u00f6hen z\u00fcgig. Bis der D\u00fcsseldorfer Antiquit\u00e4tenh\u00e4ndler Markus Wildhagen bei 200 Euro schlie\u00dflich den Zuschlag erh\u00e4lt.<\/p>\n<p><img decoding=\"async\" class=\"id-RatioPlaceholder-element wv_story_el_image\" src=\"https:\/\/www.europesays.com\/de\/wp-content\/uploads\/2026\/09\/43946784-fuer-200-euro-verkauft-marion-graef-ihre-designer-leuchte-an-antiquitaetenhaendler-markus-w.jpeg\" loading=\"lazy\"   height=\"619\" width=\"1100\" alt=\"F&#xFC;r 200 Euro verkauft Marion Graef ihre Designer-Leuchte an Antiquit&#xE4;tenh&#xE4;ndler Markus Wildhagen.\"\/>F\u00fcr 200 Euro verkauft Marion Graef ihre Designer-Leuchte an Antiquit\u00e4tenh\u00e4ndler Markus Wildhagen. \u00a9\u00a0ZDF (Screenshot: Fuldaer Zeitung)<\/p>\n<p class=\"id-StoryElement-paragraph\">Marion und Rainer Gr\u00e4fe sind zufrieden mit dem Erl\u00f6s und verabschieden sich mit den Worten: \u201eEs hat Spa\u00df gemacht. Wir wollen wiederkommen.\u201c Also wer wei\u00df, vielleicht gibt es irgendwann ein Wiedersehen mit den Vogelsbergern im \u201eBares f\u00fcr Rares\u201c-Studio im Pulheimer Walzwerk.<\/p>\n<p class=\"id-StoryElement-paragraph\">Der Auftritt des Schlitzer Ehepaares war zu sehen in der \u201eBares f\u00fcr Rares\u201c-Folge 2441 vom 1. September. Die Episode ist nach wie vor abrufbar in der <a href=\"https:\/\/www.zdf.de\/shows\/bares-fuer-rares-104\" rel=\"nofollow noopener\" target=\"_blank\" class=\"id-import-Link id-pageApi-Link--externalDomain\" data-id-ec=\"{&quot;sht&quot;:&quot;Container&quot;,&quot;shn&quot;:&quot;Story&quot;,&quot;p&quot;:{&quot;containerType&quot;:&quot;Paragraph&quot;,&quot;displayType&quot;:&quot;Paragraph InlineLink&quot;,&quot;type&quot;:&quot;INLINE_LINK&quot;,&quot;value&quot;:&quot;ZDF-Mediathek&quot;,&quot;variant&quot;:&quot;standardLink&quot;,&quot;sponsored&quot;:false,&quot;linkHref&quot;:&quot;https:\/\/www.zdf.de\/shows\/bares-fuer-rares-104&quot;,&quot;storyElementPosition&quot;:26,&quot;storyElementCount&quot;:26}}\">ZDF-Mediathek<\/a>. In derselben Episode hat auch ein Oma-Enkel-Gespann aus Bremen seinen Auftritt \u2013 <a href=\"https:\/\/www.fuldaerzeitung.de\/unterhaltung\/horst-lichter-akh-bares-fuer-rares-enkel-verdirbt-seiner-oma-den-deal-zr-94470021.html\" class=\"id-import-Link\" data-id-ec=\"{&quot;sht&quot;:&quot;Container&quot;,&quot;shn&quot;:&quot;Story&quot;,&quot;p&quot;:{&quot;containerType&quot;:&quot;Paragraph&quot;,&quot;displayType&quot;:&quot;Paragraph InlineLink&quot;,&quot;type&quot;:&quot;INLINE_LINK&quot;,&quot;value&quot;:&quot;Enkel Robin &#xFC;berrascht erst Horst Lichter, und verdirbt dann seiner Oma den Deal.&quot;,&quot;variant&quot;:&quot;standardLink&quot;,&quot;sponsored&quot;:false,&quot;linkHref&quot;:&quot;https:\/\/www.fuldaerzeitung.de\/unterhaltung\/horst-lichter-akh-bares-fuer-rares-enkel-verdirbt-seiner-oma-den-deal-zr-94470021.html&quot;,&quot;storyElementPosition&quot;:26,&quot;storyElementCount&quot;:26}}\" rel=\"nofollow noopener\" target=\"_blank\">Enkel Robin \u00fcberrascht erst Horst Lichter, und verdirbt dann seiner Oma den Deal.<\/a><\/p>\n","protected":false},"excerpt":{"rendered":"Fuldaer Zeitung Unterhaltung Stand: 06.09.2026, 04:42 Uhr Von: Sabine Kohl DruckenTeilen Uns auf Google folgen \u201eIch wollte schon&hellip;\n","protected":false},"author":2,"featured_media":1283611,"comment_status":"","ping_status":"","sticky":false,"template":"","format":"standard","meta":{"footnotes":"","_share_on_mastodon":"0"},"categories":[1773],"tags":[29,214,30,471,1780,215],"class_list":["post-1283610","post","type-post","status-publish","format-standard","has-post-thumbnail","category-serien","tag-deutschland","tag-entertainment","tag-germany","tag-serien","tag-series","tag-unterhaltung"],"share_on_mastodon":{"url":"https:\/\/pubeurope.com\/@de\/117222280758155236","error":""},"_links":{"self":[{"href":"https:\/\/www.europesays.com\/de\/wp-json\/wp\/v2\/posts\/1283610","targetHints":{"allow":["GET"]}}],"collection":[{"href":"https:\/\/www.europesays.com\/de\/wp-json\/wp\/v2\/posts"}],"about":[{"href":"https:\/\/www.europesays.com\/de\/wp-json\/wp\/v2\/types\/post"}],"author":[{"embeddable":true,"href":"https:\/\/www.europesays.com\/de\/wp-json\/wp\/v2\/users\/2"}],"replies":[{"embeddable":true,"href":"https:\/\/www.europesays.com\/de\/wp-json\/wp\/v2\/comments?post=1283610"}],"version-history":[{"count":0,"href":"https:\/\/www.europesays.com\/de\/wp-json\/wp\/v2\/posts\/1283610\/revisions"}],"wp:featuredmedia":[{"embeddable":true,"href":"https:\/\/www.europesays.com\/de\/wp-json\/wp\/v2\/media\/1283611"}],"wp:attachment":[{"href":"https:\/\/www.europesays.com\/de\/wp-json\/wp\/v2\/media?parent=1283610"}],"wp:term":[{"taxonomy":"category","embeddable":true,"href":"https:\/\/www.europesays.com\/de\/wp-json\/wp\/v2\/categories?post=1283610"},{"taxonomy":"post_tag","embeddable":true,"href":"https:\/\/www.europesays.com\/de\/wp-json\/wp\/v2\/tags?post=1283610"}],"curies":[{"name":"wp","href":"https:\/\/api.w.org\/{rel}","templated":true}]}}