{"id":1283621,"date":"2026-09-06T04:52:21","date_gmt":"2026-09-06T04:52:21","guid":{"rendered":"https:\/\/www.europesays.com\/de\/1283621\/"},"modified":"2026-09-06T04:52:21","modified_gmt":"2026-09-06T04:52:21","slug":"vw-stellt-die-marke-seat-komplett-ein","status":"publish","type":"post","link":"https:\/\/www.europesays.com\/de\/1283621\/","title":{"rendered":"VW stellt die Marke Seat komplett ein"},"content":{"rendered":"<ol class=\"id-DonaldBreadcrumb lp_west_breadcrumb id-DonaldBreadcrumb--default\" data-k5a-pos=\"west_breadcrumb\">\n<li class=\"id-Breadcrumb-item\"><a href=\"https:\/\/www.merkur.de\/\" class=\"id-Breadcrumb-link\" data-id-ec=\"{\" shn=\"\" textlink=\"\" data-k5a-pos=\"1_startseite\" rel=\"nofollow noopener\" target=\"_blank\">Startseite<\/a><\/li>\n<li class=\"id-Breadcrumb-item\"><a href=\"https:\/\/www.merkur.de\/wirtschaft\/\" class=\"id-Breadcrumb-link\" data-id-ec=\"{\" shn=\"\" textlink=\"\" data-k5a-pos=\"2_wirtschaft\" rel=\"nofollow noopener\" target=\"_blank\">Wirtschaft<\/a><\/li>\n<\/ol>\n<p class=\"id-Story-timestamp id-Story-timestamp--default\">Stand: 06.09.2026, 04:47 Uhr<\/p>\n<p class=\"id-Story-authors id-Story-authors--default\">Von: <a class=\"id-Story-authors-link lp_west_author\" href=\"https:\/\/www.merkur.de\/autor\/sandra-sporer-yz6bycmh.html\" title=\"Zur Autorenseite von Sandra Sporer\" data-id-ec=\"{\" shn=\"\" author-link=\"\" sporer=\"\" data-k5a-pos=\"west_author\" rel=\"nofollow noopener\" target=\"_blank\">Sandra Sporer<\/a><\/p>\n<p class=\"id-Story-interactionBar id-Story-interactionBar--default\">DruckenTeilen<\/p>\n<p><a href=\"https:\/\/profile.google.com\/cp\/CgsvZy8xODdjY3p3choA\" class=\"id-Story-googleFollowButton id-Story-googleFollowButton--default\" target=\"_blank\" data-id-ec=\"{\" shn=\"\" google-follow=\"\" auf=\"\" google=\"\" folgen=\"\" rel=\"nofollow noopener\">Uns auf Google folgen<\/a><\/p>\n<p class=\"id-StoryElement-leadText\">Jetzt steht fest: Seat wird es in Zukunft nicht mehr geben. Der VW-Konzern stellt die Marke im Rahmen seines Sparpakets ein. Die Zukunft liegt bei Cupra.<\/p>\n<p class=\"id-StoryElement-paragraph\">M\u00fcnchen \u2013 Jahrzehntelang stand Seat f\u00fcr erschwingliche Autos aus Spanien \u2013 jetzt ist Schluss. Der <a href=\"https:\/\/www.merkur.de\/wirtschaft\/volkswagen-org27980\/\" class=\"id-import-Link\" title=\"VW\" data-id-ec=\"{&quot;sht&quot;:&quot;Container&quot;,&quot;shn&quot;:&quot;Story&quot;,&quot;p&quot;:{&quot;containerType&quot;:&quot;Paragraph&quot;,&quot;displayType&quot;:&quot;Paragraph InlineLink&quot;,&quot;type&quot;:&quot;INLINE_LINK&quot;,&quot;value&quot;:&quot;Volkswagen&quot;,&quot;variant&quot;:&quot;standardLink&quot;,&quot;sponsored&quot;:false,&quot;linkHref&quot;:&quot;https:\/\/www.merkur.de\/wirtschaft\/volkswagen-org27980\/&quot;,&quot;storyElementPosition&quot;:8,&quot;storyElementCount&quot;:21}}\" rel=\"nofollow noopener\" target=\"_blank\">Volkswagen<\/a>-Konzern zieht die Rei\u00dfleine: Die traditionsreiche Marke verschwindet sp\u00e4testens Ende 2029 vollst\u00e4ndig vom Markt. Das berichtet die Wirtschaftswoche unter Berufung auf einen <a href=\"https:\/\/www.merkur.de\/wirtschaft\/vw-einigt-sich-auf-massiven-sparplan-weitere-50-000-jobs-weg-zr-94474485.html\" class=\"id-import-Link\" data-id-ec=\"{&quot;sht&quot;:&quot;Container&quot;,&quot;shn&quot;:&quot;Story&quot;,&quot;p&quot;:{&quot;containerType&quot;:&quot;Paragraph&quot;,&quot;displayType&quot;:&quot;Paragraph InlineLink&quot;,&quot;type&quot;:&quot;INLINE_LINK&quot;,&quot;value&quot;:&quot;Vorstandsbeschluss, &#xFC;ber den der VW-Aufsichtsrat am Donnerstag (3. September) abgestimmt hat&quot;,&quot;variant&quot;:&quot;standardLink&quot;,&quot;sponsored&quot;:false,&quot;linkHref&quot;:&quot;https:\/\/www.merkur.de\/wirtschaft\/vw-einigt-sich-auf-massiven-sparplan-weitere-50-000-jobs-weg-zr-94474485.html&quot;,&quot;storyElementPosition&quot;:8,&quot;storyElementCount&quot;:21}}\" rel=\"nofollow noopener\" target=\"_blank\">Vorstandsbeschluss, \u00fcber den der VW-Aufsichtsrat am Donnerstag (3. September) abgestimmt hat<\/a>.<\/p>\n<p><img decoding=\"async\" class=\"id-RatioPlaceholder-element wv_story_el_image\" src=\"https:\/\/www.europesays.com\/de\/wp-content\/uploads\/2026\/09\/37516761-neuzulassungen-beliebteste-hersteller-top-ten-seat-RdBG.jpg\" loading=\"lazy\"   height=\"729\" width=\"1100\" alt=\"Platz sechs der beliebtesten Automarken in Deutschland: Seat mit 162.566 Neuzulassungen\"\/>VW will die Marke Seat auslaufen lassen. Stattdessen soll Cupra mehr in den Fokus r\u00fccken. \u00a9\u00a0NurPhoto\/Imago<\/p>\n<p class=\"id-StoryElement-paragraph\">Der Grund ist knallhart: Seat lohnt sich nicht mehr. Im ersten Halbjahr 2026 lieferte der Konzern 170.100 Fahrzeuge der Schwestermarke Cupra aus \u2013 bei Seat waren es nur noch 129.600. Cupra, 2018 als eigenst\u00e4ndige Marke ausgegr\u00fcndet, hat die \u00e4ltere Schwestermarke damit l\u00e4ngst \u00fcberholt.<\/p>\n<p>Aus f\u00fcr Automarke Seat steht fest \u2013 allerdings erst in ein paar Jahren<\/p>\n<p class=\"id-StoryElement-paragraph\">In den internen VW-Unterlagen hei\u00dft es dazu laut BILD: \u201eEine Fortf\u00fchrung von Seat in der bisherigen Form w\u00fcrde zus\u00e4tzliche Ressourcen binden, w\u00e4hrend die strategische Weiterentwicklung innerhalb der Markengruppe Cupra fokussiert werden soll.\u201c Allerdings ist nicht von heute auf morgen Schluss. VW will Seat \u201egeordnet und kostenoptimal\u201c abwickeln.<\/p>\n<p class=\"id-StoryElement-paragraph\">Bestehende Kunden sollen weiterhin Service bekommen, laufende Vertr\u00e4ge werden erf\u00fcllt. Zumindest noch f\u00fcr die kommenden Jahre. Im Konzernplan f\u00fcr 2030 taucht die Marke Seat dann nicht mehr auf. Ein VW-Sprecher wollte sich gegen\u00fcber BILD nicht konkret \u00e4u\u00dfern: Interne Unterlagen w\u00fcrden in den zust\u00e4ndigen Gremien besprochen \u2013 \u201ediesem Prozess greifen wir nicht vor.\u201c<\/p>\n<p>Ranking: Auf diese Automarken und Modelle fahren Deutsche am meisten ab<img decoding=\"async\" class=\"id-RatioPlaceholder-element wv_story_el_interstitialImage\" src=\"https:\/\/www.europesays.com\/de\/wp-content\/uploads\/2026\/01\/37517482-deutschland-neuzulassungen-marken-hersteller-und-modelle-top-ten-bfe.jpg\" loading=\"lazy\"   height=\"2631\" width=\"4000\" alt=\"Deutschland, das Land der Dichter, Denker und namhafter Automarken. Welche Hersteller liegen in der Gunst des Volkes vorne? Hier kommen die Top Ten sowie die beliebtesten Modelle\"\/><a href=\"https:\/\/www.merkur.de\/wirtschaft\/auf-diese-automarken-faehrt-deutschland-im-netz-am-meisten-ab-zr-93648734.html\" class=\"id-StoryElement-intestitialLink-link\" data-id-ec=\"{\" shn=\"\" ansehen=\"\" data-k5a-pos=\"west_story_16_photoGalleryLink\" title=\"Zur Fotostrecke: Ranking: Auf diese Automarken und Modelle fahren Deutsche am meisten ab\" rel=\"nofollow noopener\" target=\"_blank\">Fotostrecke ansehen<\/a>VW-Sparma\u00dfnahmen treffen nicht nur Seat<\/p>\n<p class=\"id-StoryElement-paragraph\">Das Ende von Seat ist nicht die einzige Ma\u00dfnahme, die im Rahmen des nun beschlossenen Sparpakets kommen soll. Unter anderem sollen in den kommenden Jahren vier Werke in Deutschland geschlossen und weltweit rund 50.000 Stellen gestrichen werden.<\/p>\n<p class=\"id-StoryElement-paragraph\">Zudem k\u00f6nnten auch auf andere Automarken wie Porsche oder Audi \u00c4nderungen zukommen. Hintergrund des harten Sparkurses sind die wachsende Konkurrenz chinesischer Autobauer in Europa, Absatzprobleme auf dem chinesischen Markt sowie die US-Z\u00f6lle unter <a href=\"https:\/\/www.fr.de\/politik\/donald-trump-per32650\/\" class=\"id-import-Link id-pageApi-Link--externalDomain\" title=\"Donald Trump\" data-id-ec=\"{&quot;sht&quot;:&quot;Container&quot;,&quot;shn&quot;:&quot;Story&quot;,&quot;p&quot;:{&quot;containerType&quot;:&quot;Paragraph&quot;,&quot;displayType&quot;:&quot;Paragraph InlineLink&quot;,&quot;type&quot;:&quot;INLINE_LINK&quot;,&quot;value&quot;:&quot;Donald Trump&quot;,&quot;variant&quot;:&quot;standardLink&quot;,&quot;sponsored&quot;:false,&quot;linkHref&quot;:&quot;https:\/\/www.fr.de\/politik\/donald-trump-per32650\/&quot;,&quot;storyElementPosition&quot;:21,&quot;storyElementCount&quot;:21}}\" rel=\"nofollow noopener\" target=\"_blank\">Donald Trump<\/a>. (Quellen: Wirtschaftswoche, Bild) (sp)<\/p>\n","protected":false},"excerpt":{"rendered":"Startseite Wirtschaft Stand: 06.09.2026, 04:47 Uhr Von: Sandra Sporer DruckenTeilen Uns auf Google folgen Jetzt steht fest: Seat&hellip;\n","protected":false},"author":2,"featured_media":1283622,"comment_status":"","ping_status":"","sticky":false,"template":"","format":"standard","meta":{"footnotes":"","_share_on_mastodon":"0"},"categories":[134],"tags":[175,170,169,29,30,171,174,173,172],"class_list":["post-1283621","post","type-post","status-publish","format-standard","has-post-thumbnail","category-unternehmen-maerkte","tag-business","tag-companies","tag-companies-markets","tag-deutschland","tag-germany","tag-markets","tag-maerkte","tag-unternehmen","tag-unternehmen-maerkte"],"share_on_mastodon":{"url":"https:\/\/pubeurope.com\/@de\/117222306633156460","error":""},"_links":{"self":[{"href":"https:\/\/www.europesays.com\/de\/wp-json\/wp\/v2\/posts\/1283621","targetHints":{"allow":["GET"]}}],"collection":[{"href":"https:\/\/www.europesays.com\/de\/wp-json\/wp\/v2\/posts"}],"about":[{"href":"https:\/\/www.europesays.com\/de\/wp-json\/wp\/v2\/types\/post"}],"author":[{"embeddable":true,"href":"https:\/\/www.europesays.com\/de\/wp-json\/wp\/v2\/users\/2"}],"replies":[{"embeddable":true,"href":"https:\/\/www.europesays.com\/de\/wp-json\/wp\/v2\/comments?post=1283621"}],"version-history":[{"count":0,"href":"https:\/\/www.europesays.com\/de\/wp-json\/wp\/v2\/posts\/1283621\/revisions"}],"wp:featuredmedia":[{"embeddable":true,"href":"https:\/\/www.europesays.com\/de\/wp-json\/wp\/v2\/media\/1283622"}],"wp:attachment":[{"href":"https:\/\/www.europesays.com\/de\/wp-json\/wp\/v2\/media?parent=1283621"}],"wp:term":[{"taxonomy":"category","embeddable":true,"href":"https:\/\/www.europesays.com\/de\/wp-json\/wp\/v2\/categories?post=1283621"},{"taxonomy":"post_tag","embeddable":true,"href":"https:\/\/www.europesays.com\/de\/wp-json\/wp\/v2\/tags?post=1283621"}],"curies":[{"name":"wp","href":"https:\/\/api.w.org\/{rel}","templated":true}]}}