{"id":1283623,"date":"2026-09-06T04:53:16","date_gmt":"2026-09-06T04:53:16","guid":{"rendered":"https:\/\/www.europesays.com\/de\/1283623\/"},"modified":"2026-09-06T04:53:16","modified_gmt":"2026-09-06T04:53:16","slug":"koenig-charles-kommt-nicht-prinz-william-vertritt-seinen-vater-bei-beerdigung-von-harald-v","status":"publish","type":"post","link":"https:\/\/www.europesays.com\/de\/1283623\/","title":{"rendered":"K\u00f6nig Charles kommt nicht: Prinz William vertritt seinen Vater bei Beerdigung von Harald V."},"content":{"rendered":"<p>K\u00f6nig Charles kommt nichtPrinz William vertritt seinen Vater bei Beerdigung von Harald V. <\/p>\n<p>06.09.2026, 03:41 Uhr <\/p>\n<p>Artikel anh\u00f6ren(01:47 min)<\/p>\n<p><img decoding=\"async\" class=\"Image_img__fQCi0 Image_Img_16_9__4BLfH widget-picture-inline_maximizable__t_E7h\" loading=\"eager\" fetchpriority=\"high\" src=\"https:\/\/www.europesays.com\/de\/wp-content\/uploads\/2026\/09\/551800097.webp\" alt=\"551800097\"\/>Prinz William kommt, K\u00f6nig Charles nicht. (Foto: picture alliance \/ ASSOCIATED PRESS)<\/p>\n<p class=\"Typography_text-m__XI0da Typography_weight-bold__uT6mq storyline_lead_text_leadtext__q_wg8\">Am kommenden Mittwoch wird Norwegens K\u00f6nig Harald V. bestattet. Gro\u00dfbritanniens K\u00f6nig Charles wird dann nicht dabei sein. Das hat aber nichts mit seinem Gesundheitszustand zu tun.<\/p>\n<p class=\"Typography_text-default__P3otY Typography_weight-normal__pqUbH storyline_paragraph_p__qSR5N\">Gro\u00dfbritanniens Prinz William wird seinen Vater, K\u00f6nig Charles III., bei der Beerdigung des verstorbenen norwegischen K\u00f6nigs Harald V. vertreten. Der Thronfolger werde an der Stelle seines Vaters bei der Beisetzung am Mittwoch in Oslo anwesend sein, teilte der Buckingham-Palast mit. William hatte bereits im vergangenen Jahr f\u00fcr den K\u00f6nig an der Bestattung von Papst Franziskus teilgenommen.<\/p>\n<p class=\"Typography_text-default__P3otY Typography_weight-normal__pqUbH storyline_paragraph_p__qSR5N\">Gem\u00e4\u00df dem Protokoll nehmen britische Monarchen nicht an Beerdigungen anderer Staatsoberh\u00e4upter teil. Stattdessen senden sie in der Regel ein Mitglied der k\u00f6niglichen Familie, das sie vertritt.<\/p>\n<p class=\"Typography_text-default__P3otY Typography_weight-normal__pqUbH storyline_paragraph_p__qSR5N\">Der 77-j\u00e4hrige K\u00f6nig Charles III. ist wegen einer Krebserkrankung in Behandlung, hat aber weiterhin einen vollen Terminkalender. In der vergangenen Woche hatte er in einer Erkl\u00e4rung den Verlust seines &#8222;lieben Cousins&#8220; K\u00f6nig Harald beklagt. Charles und Harald stammten beide von K\u00f6nig Edward VII. von Gro\u00dfbritannien ab und waren Cousins zweiten Grades.<\/p>\n<p class=\"Typography_text-default__P3otY Typography_weight-normal__pqUbH storyline_paragraph_p__qSR5N\">Harald V. war Ende August im Alter von 89 Jahren gestorben. Sein 53-j\u00e4hriger Sohn trat als K\u00f6nig Haakon VIII. automatisch seine Nachfolge an. Haralds Beisetzung ist f\u00fcr den 9. September geplant.<\/p>\n<p class=\"Typography_text-s__wu_cm Typography_weight-normal__pqUbH Typography_color-darkgrey__sZEnP article-detail-footer_source__KslPc\">Quelle: ntv.de, ino\/AFP<\/p>\n","protected":false},"excerpt":{"rendered":"K\u00f6nig Charles kommt nichtPrinz William vertritt seinen Vater bei Beerdigung von Harald V. 06.09.2026, 03:41 Uhr Artikel anh\u00f6ren(01:47&hellip;\n","protected":false},"author":2,"featured_media":1283624,"comment_status":"","ping_status":"","sticky":false,"template":"","format":"standard","meta":{"footnotes":"","_share_on_mastodon":"0"},"categories":[3],"tags":[2478,13,16692,569,14,15,913,9758,12,10,8,9,11,215,103,104],"class_list":["post-1283623","post","type-post","status-publish","format-standard","has-post-thumbnail","category-welt","tag-britisches-koenigshaus","tag-headlines","tag-koenig-charles-iii","tag-monarchie","tag-nachrichten","tag-news","tag-norwegen","tag-prinz-william","tag-schlagzeilen","tag-top-news","tag-top-meldungen","tag-topmeldungen","tag-topnews","tag-unterhaltung","tag-welt","tag-world"],"share_on_mastodon":{"url":"https:\/\/pubeurope.com\/@de\/117222310556047466","error":""},"_links":{"self":[{"href":"https:\/\/www.europesays.com\/de\/wp-json\/wp\/v2\/posts\/1283623","targetHints":{"allow":["GET"]}}],"collection":[{"href":"https:\/\/www.europesays.com\/de\/wp-json\/wp\/v2\/posts"}],"about":[{"href":"https:\/\/www.europesays.com\/de\/wp-json\/wp\/v2\/types\/post"}],"author":[{"embeddable":true,"href":"https:\/\/www.europesays.com\/de\/wp-json\/wp\/v2\/users\/2"}],"replies":[{"embeddable":true,"href":"https:\/\/www.europesays.com\/de\/wp-json\/wp\/v2\/comments?post=1283623"}],"version-history":[{"count":0,"href":"https:\/\/www.europesays.com\/de\/wp-json\/wp\/v2\/posts\/1283623\/revisions"}],"wp:featuredmedia":[{"embeddable":true,"href":"https:\/\/www.europesays.com\/de\/wp-json\/wp\/v2\/media\/1283624"}],"wp:attachment":[{"href":"https:\/\/www.europesays.com\/de\/wp-json\/wp\/v2\/media?parent=1283623"}],"wp:term":[{"taxonomy":"category","embeddable":true,"href":"https:\/\/www.europesays.com\/de\/wp-json\/wp\/v2\/categories?post=1283623"},{"taxonomy":"post_tag","embeddable":true,"href":"https:\/\/www.europesays.com\/de\/wp-json\/wp\/v2\/tags?post=1283623"}],"curies":[{"name":"wp","href":"https:\/\/api.w.org\/{rel}","templated":true}]}}