{"id":1283627,"date":"2026-09-06T04:56:34","date_gmt":"2026-09-06T04:56:34","guid":{"rendered":"https:\/\/www.europesays.com\/de\/1283627\/"},"modified":"2026-09-06T04:56:34","modified_gmt":"2026-09-06T04:56:34","slug":"gesucht-mit-diesen-fotos-suchen-sie-nach-dem-strom-terroristen-news","status":"publish","type":"post","link":"https:\/\/www.europesays.com\/de\/1283627\/","title":{"rendered":"Gesucht!: Mit diesen Fotos suchen sie nach dem Strom-Terroristen | News"},"content":{"rendered":"<p><a class=\"skip-content skip-content--link\" href=\"#in-content-skip-link-target-v-0-0\">TTS-Player \u00fcberspringen\u21b5<\/a><a id=\"in-content-skip-link-target-v-0-0\" class=\"skip-content--target-link-hidden skip-content skip-content--target-link\" href=\"#in-content-skip-link-target-v-0-0\">Artikel weiterlesen<\/a><\/p>\n<p>Potsdam (Brandenburg) \u2013 <b>Die Polizei Potsdam hat jetzt Fotos von Daniel V. (48) ver\u00f6ffentlicht. Nach einer Sabotage-Serie an Umspannwerken in Brandenburg und Nordrhein-Westfalen fahnden die Beh\u00f6rden europaweit nach dem 48\u2011J\u00e4hrigen. Der Mann wird verd\u00e4chtigt, hinter den Anschl\u00e4gen und einem Bekennerschreiben zu stecken. Zudem werden ihm auch die beiden Taten in Sachsen zugeschrieben.<\/b><\/p>\n<p>Am <a href=\"https:\/\/www.bild.de\/news\/zugriff-am-braunkohletagebau-sek-stuermt-lkw-von-strom-saboteur-6a9adabddde98c9236181fa4\" class=\"text-link\" rel=\"nofollow noopener\" target=\"_blank\">Freitagmittag um 12 Uhr st\u00fcrmten Beamte des SEK<\/a> sein Wohnhaus in Gevelsberg (NRW) und am Nachmittag seinen auff\u00e4lligen Laster im Bereich des Hambacher Forsts. Doch an beiden Orten konnten die Beamten Daniel V. nicht finden.<\/p>\n<p><img decoding=\"async\" width=\"992\" height=\"1178\" alt=\"Die Polizei hat ein Hinweistelefon eingerichtet\" loading=\"lazy\" src=\"https:\/\/www.europesays.com\/de\/wp-content\/uploads\/2026\/09\/1fc814c6e831ff3d75298abf4a9c6c4c,1ee098ef.jpeg\"   class=\"portrait\"\/><\/p>\n<p class=\"fig__caption__text\">Die Polizei ver\u00f6ffentlichte ein weiteres Foto von Daniel V.<\/p>\n<p>Foto: Polizei NRW<\/p>\n<p>Hinweistelefon eingerichtet<\/p>\n<p>Wer kennt die auf den Bildern abgebildete Person? Wer kann Angaben zum Aufenthaltsort der Person machen? Wer kann sachdienliche Hinweise geben, die zur Aufkl\u00e4rung der Sabotageakte beitragen k\u00f6nnen?<\/p>\n<p>Unter der Telefonnummer 0331\u2013505950 k\u00f6nnen B\u00fcrger rund um die Uhr Hinweise an die <a href=\"https:\/\/www.bild.de\/regional\/aktuelles\/polizei\/polizeieinsatz-alle-infos-76681760.bild.html\" class=\"text-link\" rel=\"nofollow noopener\" target=\"_blank\">Polizei<\/a> geben.<\/p>\n<p>Lastwagen am Hambacher Forst gefunden<\/p>\n<p>Die letzte Spur zu Daniel V. war der Fund seines auff\u00e4lligen Lasters am Hambacher Forst, einem Braunkohleabbaugebiet zwischen Aachen und K\u00f6ln. Ob der Strom-Terrorist hier noch weitere Anschl\u00e4ge geplant hat, ist unklar. Denn er will laut Bekennerschreiben fossile Energieformen bek\u00e4mpfen. Dazu geh\u00f6rt Braunkohle.<\/p>\n<p>Nachdem der Verd\u00e4chtige nicht im Fahrzeug war, durchsuchte eine Hundertschaft das Gebiet. Dabei kamen auch Mantrailer-Hunde zum Einsatz. Die Suche zog sich bis in die Nacht.<\/p>\n<p><img decoding=\"async\" width=\"992\" height=\"558\" alt=\"Die SEK-Beamten haben den auff\u00e4lligen Lastwagen durchsucht \u2013 ohne Erfolg\" loading=\"lazy\" src=\"https:\/\/www.europesays.com\/de\/wp-content\/uploads\/2026\/09\/d4be53002e2a457db2d7a25db12ea4f8,ed566879.jpeg\"   class=\"landscape\"\/><\/p>\n<p class=\"fig__caption__text\">Die SEK-Beamten haben den auff\u00e4lligen Lastwagen durchsucht \u2013 ohne Erfolg<\/p>\n<p>Foto: Jan Ohmen<\/p>\n<p><img decoding=\"async\" width=\"992\" height=\"558\" alt=\"Beamte durchsuchten das Gebiet des Hambacher Forsts am Freitag\" loading=\"lazy\" src=\"https:\/\/www.europesays.com\/de\/wp-content\/uploads\/2026\/09\/2e5b375b9c8015aaee68c26d81a6b8ef,a7c64f53.jpeg\"   class=\"landscape\"\/><\/p>\n<p class=\"fig__caption__text\">Beamte durchsuchten das Gebiet des Hambacher Forsts am Freitag<\/p>\n<p>Foto: Jan Ohmen<\/p>\n<p>Auch am Samstag l\u00e4uft die Fahndung auf Hochtouren weiter, doch bislang ohne Ergebnis, so die Polizei K\u00f6ln auf BILD-Nachfrage.<\/p>\n<p>Bekennerbrief mit Name und Adresse<\/p>\n<p>Der <a href=\"https:\/\/www.bild.de\/news\/inland\/bekennerbrief-mit-namen-unterschrieben-mann-nach-sabotage-im-visier-6a9a6aafdde98c9236181198\" class=\"text-link\" rel=\"nofollow noopener\" target=\"_blank\">Verd\u00e4chtige hatte ein Bekennerschreiben verschickt<\/a>. NRW-Innenminister Herbert Reul (74, CDU) dazu: \u201eStand jetzt bewerten wir die Briefe als authentisch. Der Verfasser nennt als Motiv den Kampf gegen fossile Brennstoffe.\u201c<\/p>\n<p>In dem Schreiben nannte er seinen vollen Namen und seine Adresse: \u201eSehr ungew\u00f6hnlich, relativ selten\u201c, so Reul. Dennoch werde jetzt \u00fcberpr\u00fcft, ob er wirklich der T\u00e4ter ist und ob noch andere beteiligt waren, betonte der NRW\u2011Innenminister. Bundesinnenminister Alexander Dobrindt (56, CSU): \u201eNach aktuellem Stand muss man hier von Klimaextremismus ausgehen.\u201c<\/p>\n<p>Mehrere Anschl\u00e4ge mit selbstgebauten Raketen<\/p>\n<p>Der erste Anschlag ereignete sich am Umspannwerk in Turnow-Preilack ( <a href=\"https:\/\/www.bild.de\/regional\/brandenburg\/home-4iuSIwgeKB4eBkcDkDKD\" class=\"text-link\" rel=\"nofollow noopener\" target=\"_blank\">Brandenburg<\/a>). Dort wurde am Dienstag mit selbstgebauten Raketen und Kupferdr\u00e4hten ein Kurzschluss ausgel\u00f6st. Mehrere Bl\u00f6cke des Braunkohlekraftwerks mussten abgeschaltet werden.<\/p>\n<p><img decoding=\"async\" width=\"992\" height=\"558\" alt=\"Diese raketen\u00e4hnlichen Sprengvorrichtungen wurden in Umspannwerk in Turnow-Preilack (Brandenburg) gefunden\" loading=\"lazy\" src=\"https:\/\/www.europesays.com\/de\/wp-content\/uploads\/2026\/09\/f33a6a58f8a2bb941924de204c297ec7,5e85c8cc.jpeg\"   class=\"landscape\"\/><\/p>\n<p class=\"fig__caption__text\">Diese raketen\u00e4hnlichen Sprengvorrichtungen wurden in Umspannwerk in Turnow-Preilack (Brandenburg) gefunden<\/p>\n<p>Am Mittwoch gab es einen Anschlag auf ein Umspannwerk an einem Braunkohlekraftwerk bei Bergheim in Nordrhein-Westfalen. Der n\u00e4chste Anschlag erfolgte tags darauf am Donnerstag in Dormagen. In Sachsen wurden bei G\u00f6rlitz und Bautzen am Freitag Spreng- oder Brandvorrichtungen gefunden, die Daniel V. zugeschrieben werden.<\/p>\n","protected":false},"excerpt":{"rendered":"TTS-Player \u00fcberspringen\u21b5Artikel weiterlesen Potsdam (Brandenburg) \u2013 Die Polizei Potsdam hat jetzt Fotos von Daniel V. (48) ver\u00f6ffentlicht. Nach&hellip;\n","protected":false},"author":2,"featured_media":1283628,"comment_status":"","ping_status":"","sticky":false,"template":"","format":"standard","meta":{"footnotes":"","_share_on_mastodon":"0"},"categories":[5],"tags":[13774,1890,122,123,13,1420,14,15,1209,121,16691,12,2185,138370,10,8,9,11],"class_list":["post-1283627","post","type-post","status-publish","format-standard","has-post-thumbnail","category-nachrichten","tag-anschlag","tag-brandenburg","tag-fahndungen","tag-fahndungsfoto","tag-headlines","tag-koeln","tag-nachrichten","tag-news","tag-nordrhein-westfalen","tag-polizei","tag-sabotage","tag-schlagzeilen","tag-strom","tag-team-first","tag-top-news","tag-top-meldungen","tag-topmeldungen","tag-topnews"],"share_on_mastodon":{"url":"https:\/\/pubeurope.com\/@de\/117222323921286927","error":""},"_links":{"self":[{"href":"https:\/\/www.europesays.com\/de\/wp-json\/wp\/v2\/posts\/1283627","targetHints":{"allow":["GET"]}}],"collection":[{"href":"https:\/\/www.europesays.com\/de\/wp-json\/wp\/v2\/posts"}],"about":[{"href":"https:\/\/www.europesays.com\/de\/wp-json\/wp\/v2\/types\/post"}],"author":[{"embeddable":true,"href":"https:\/\/www.europesays.com\/de\/wp-json\/wp\/v2\/users\/2"}],"replies":[{"embeddable":true,"href":"https:\/\/www.europesays.com\/de\/wp-json\/wp\/v2\/comments?post=1283627"}],"version-history":[{"count":0,"href":"https:\/\/www.europesays.com\/de\/wp-json\/wp\/v2\/posts\/1283627\/revisions"}],"wp:featuredmedia":[{"embeddable":true,"href":"https:\/\/www.europesays.com\/de\/wp-json\/wp\/v2\/media\/1283628"}],"wp:attachment":[{"href":"https:\/\/www.europesays.com\/de\/wp-json\/wp\/v2\/media?parent=1283627"}],"wp:term":[{"taxonomy":"category","embeddable":true,"href":"https:\/\/www.europesays.com\/de\/wp-json\/wp\/v2\/categories?post=1283627"},{"taxonomy":"post_tag","embeddable":true,"href":"https:\/\/www.europesays.com\/de\/wp-json\/wp\/v2\/tags?post=1283627"}],"curies":[{"name":"wp","href":"https:\/\/api.w.org\/{rel}","templated":true}]}}