{"id":1283633,"date":"2026-09-06T05:03:23","date_gmt":"2026-09-06T05:03:23","guid":{"rendered":"https:\/\/www.europesays.com\/de\/1283633\/"},"modified":"2026-09-06T05:03:23","modified_gmt":"2026-09-06T05:03:23","slug":"herbstmaerkte-2026-in-sh-infos-tipps-oeffnungszeiten","status":"publish","type":"post","link":"https:\/\/www.europesays.com\/de\/1283633\/","title":{"rendered":"Herbstm\u00e4rkte 2026 in SH: Infos, Tipps, \u00d6ffnungszeiten"},"content":{"rendered":"<p>        <img decoding=\"async\" src=\"https:\/\/www.europesays.com\/de\/wp-content\/uploads\/2026\/09\/herbstmarkt-106.webp\" alt=\"Bunte K\u00fcrbisse liegen auf Strohballen und im Hintergrund steht ein Bauernhaus.\" title=\"Bunte K\u00fcrbisse liegen auf Strohballen und im Hintergrund steht ein Bauernhaus. | imago images \/ Countrypixel\" class=\"responsive\"\/><\/p>\n<p>AUDIO: Kunsthandwerk und Co.: Das sind die Herbstm\u00e4rkte 2026 in SH (3 Min)<\/p>\n<p>\n                Stand: 06.09.2026 06:00 Uhr<\/p>\n<p class=\"preface\">Im Herbst laden Schleswig-Holsteins Herbstm\u00e4rkte zum Erkunden und Verweilen ein. Dabei gibt es allerlei Kunsthandwerk und kulinarische K\u00f6stlichkeiten zu entdecken &#8211; zum Beispiel in Molfsee oder Kiel.<\/p>\n<p class=\"\">Wer in der gem\u00fctlichen Jahreszeit Lust auf etwas Kl\u00f6nschnack, K\u00fcrbis und Kaufrausch hat, kann auch in diesem Jahr vielerorts Herbstm\u00e4rkte erkunden. Die M\u00e4rkte bieten unterschiedliche Highlights: von Handwerkskunst \u00fcber frisch geerntetes Gem\u00fcse und Obst bis zu Hei\u00dfgetr\u00e4nken und anderen kulinarischen K\u00f6stlichkeiten.<\/p>\n<p>    Herbstm\u00e4rkte 2026: Von Bauernmarkt bis Kunsthandwerksmarkt<\/p>\n<p>    Kreis Schleswig-Flensburg<\/p>\n<ul>\n<li><strong>Herbstmarktin Flensburg:<\/strong> Vom <strong>11. September bis 20. September <\/strong>findet auf der Exe in Flensburg der j\u00e4hrliche Herbstmarkt statt, Aussteller und Buden locken zum Besuch. Die Adresse: Festplatz Exe, Museumsberg, 24937 Flensburg, Deutschland<\/li>\n<\/ul>\n<ul>\n<li><strong>Herbstmarkt auf Gut Oestergaard:<\/strong> Vom<strong> 11. September bis 13. September<\/strong> pr\u00e4sentieren rund 140 Aussteller Kunsthandwerk, Sch\u00f6nes f\u00fcr Haus und Garten, Antikes sowie regionale Spezialit\u00e4ten. Die Adresse: Gut Oestergaard, Oestergaard 2, 24972 Steinberg<\/li>\n<\/ul>\n<p>    Kiel<\/p>\n<ul>\n<li><strong>Bauern- und Regionalmarkt in Kiel: <\/strong>Vom <strong>2. bis 4. Oktober<\/strong> kann man in der Kieler Innenstadt von 11 bis 18 Uhr frische, regionale Produkte und Kunsthandwerk ergattern. Die Adresse: Holstenplatz, 24103 Kiel.<\/li>\n<\/ul>\n<p>    Kreis Pl\u00f6n<\/p>\n<ul>\n<li><strong>Herbstmarkt Schloss Hagen:<\/strong> Auf dem Schloss gibt es vom <strong>26. bis 27. September<\/strong> einen Herbst- und Bauernmarkt mit Kunsthandwerk, Mode, Schmuck, Gew\u00fcrzen und anderem zu entdecken. Adresse: Schlossstr. 16, 24253 Probsteierhagen.<\/li>\n<\/ul>\n<p>    Kreis Rendsburg-Eckernf\u00f6rde:<\/p>\n<ul>\n<li><strong>Herbstmarkt im Freilichtmuseum Molfsee:<\/strong> Vom<strong> 3. Oktober bis 11. Oktober<\/strong> Markt mit regionalen Produkten, Handwerklichem und verschiedenen regionalen Spezialit\u00e4ten. Adresse: Freilichtmuseum Molfsee, Hamburger Landstra\u00dfe 97, 24113 Molfsee.<\/li>\n<\/ul>\n<ul>\n<li><strong>Holsteiner Herbstmarkt Gut Emkendorf:<\/strong> Der Herbstmarkt findet vom <strong>16. bis 18. Oktober<\/strong> jeweils von 10 bis 18 Uhr statt. Die Adresse: Gutshof 3, 24802 Emkendorf. Hinweis: Eintritt 9 Euro.<\/li>\n<\/ul>\n<p>    Kreis Dithmarschen:<\/p>\n<ul>\n<li><strong>Brunsb\u00fctteler Kohlfest:<\/strong> Am <strong>23. September<\/strong> findet von 10 bis 18 Uhr in Brunsb\u00fcttel ein Bauernmarkt statt. Adresse: Von-Humboldt-Platz 5, 25541 Brunsb\u00fcttel.<\/li>\n<\/ul>\n<p>    Kreis Nordfriesland<\/p>\n<ul>\n<li><strong>Herbstmarkt in Leck:<\/strong> Vom <strong>2. Oktober bis 5. Oktober<\/strong> findet in Leck vor dem Rathaus der Herbstmarkt mit Jahrmarkt-Flair statt. Er zieht insbesondere Familien mit ihrem Nachwuchs an. Die Adresse: Viehmarktplatz, Helgoland Stra\u00dfe, 25917 Leck<\/li>\n<\/ul>\n<ul>\n<li><strong>Herbstmarkt St. Peter-Ording: <\/strong>Vom <strong>24. bis 27. September<\/strong> t\u00e4glich von 11-18 Uhr gibt es diesen traditionellen Kunsthandwerker- und Bauernmarkt. Die Adresse: Marktplatz, Badallee 1, 25826 St. Peter-Ording.<\/li>\n<\/ul>\n<ul>\n<li><strong>Herbstmarkt in Risum-Lindholm:<\/strong> Am <strong>3. und 4. Oktober<\/strong>, Sonnabend 14 bis 17 Uhr, Sonntag 11 bis 17 Uhr, findet der Markt rund um das Andersen-H\u00fcs statt. Die Adresse: Klockries 64, 25920 Risum-Lindholm.<\/li>\n<\/ul>\n<ul>\n<li><strong>Herbstzauber und KERAMIK-Tage Friedrichstadt:<\/strong> Am <strong>12. und 13. September<\/strong> jeweils ab 10 Uhr gibt es auf dem Marktplatz ein buntes Programm, von Livemusik, Trachtentanz bis zu kulinarischen K\u00f6stlichkeiten. Adresse: Marktplatz, 25840 Friedrichstadt.<\/li>\n<\/ul>\n<p>    Kreis Segeberg<\/p>\n<ul>\n<li><strong>Herbstmarkt in Kaltenkirchen: <\/strong>Im Mehrgenerationenhaus werden am <strong>31. Oktober<\/strong> zwischen 11 und 17 Uhr handgefertigte Unikate pr\u00e4sentiert. Die Adresse: Am Markt 2, 24568 Kaltenkirchen.<\/li>\n<\/ul>\n<ul>\n<li><strong>Herbstzauber auf Hof Bissenbrook: <\/strong>Am <strong>12. und 13. September<\/strong> jeweils von 10 bis 18 Uhr stellen \u00fcber 120 Aussteller Sch\u00f6nes f\u00fcr Haus und Garten aus. Ob herbstliche Dekoidee, Keramik oder Schmuck. Adresse: Bissenbrook 4, 24623 Gro\u00dfenaspe. Hinweis: Eintritt kostet 10 Euro, Kinder bis 16 Jahre frei.<\/li>\n<\/ul>\n<p>    Kreis Rendsburg-Eckernf\u00f6rde<\/p>\n<ul>\n<li><strong>Rendsburger Herbst:<\/strong> Vom <strong>28. August bis 30. August<\/strong> bietet das legend\u00e4re Stadtfest Live-Musik, K\u00f6stlichkeiten und viele Aktionen f\u00fcr Jung und Alt im gesamten Innenstadtgebiet.<\/li>\n<\/ul>\n<p>    Kreis Herzogtum-Lauenburg<\/p>\n<ul>\n<li><strong>Herbstmarkt auf Gut Basthorst:<\/strong> Vom<strong> 2. Oktober bis 4. Oktober<\/strong> findet der LebensArt Herbstmarkt auf dem Gutshof statt. Kunsthandwerk, Souvenirs, Geschenke &#8211; aber auch saisonale Kulinarik lassen das Herz eines jeden Herbstfans h\u00f6herschlagen. Die Adresse: Auf dem Gut 3, 21493 Basthorst.<\/li>\n<\/ul>\n<ul>\n<li><strong>Herbstmarkt im Gutshof Segrahn in Gudow:<\/strong> Am <strong>24. und 25. Oktober,<\/strong> Sonnabend: 10.30 bis 19 Uhr, Sonntag: 11 bis 18 Uhr, pr\u00e4sentieren sich Aussteller in der Veranstaltungsscheune &#8222;Viehhaus&#8220;. Die Adresse: Viehhaus Gutshof Segrahn, Hofweg 10, 23899 Gudow.<\/li>\n<\/ul>\n<p>    Kreis Ostholstein<\/p>\n<ul>\n<li><strong>Eutiner Herbst- und Bauernmarkt:<\/strong> Am<strong> 27. September von 11 bis 17 Uhr<\/strong> k\u00f6nnen Besucher auf dem zentralen Marktplatz zwischen K\u00fcrbissen und Treckern bummeln. Die Stadt verbindet den Markt mit einem verkaufsoffenen Sonntag.<\/li>\n<\/ul>\n<ul>\n<li><strong>Erntedankfest Lensahn:<\/strong> Zu dieser Veranstaltung sind alle G\u00e4ste am <strong>4. Oktober<\/strong> ab 10 Uhr willkommen.<strong> <\/strong>Die Adresse: Museumshof Lensahn, B\u00e4derstr. 18, 23738 Lensahn.<\/li>\n<\/ul>\n<p>    Kreis Pinneberg:<\/p>\n<ul>\n<li><strong>Holsteiner Apfelmarkt und Lampionfest in Uetersen:<\/strong> Am <strong>4. Oktober<\/strong> steht den ganzen Tag der Apfel im Mittelpunkt. Au\u00dferdem findet ein Laternenumzug statt. Die Adresse: Gro\u00dfer Sand 15, 25436 Uetersen.<\/li>\n<\/ul>\n<ul>\n<li><strong>Herbstfest mit Illumination im Arboretum Ellerhoop:<\/strong> Zum Saisonabschluss gibt es ein Herbstfest am <strong>23. bis 25. Oktober<\/strong> von 10 bis 20 Uhr. Die Adresse: Arboretum Ellerhoop, Thiensen 4, 25373 Ellerhoop.<\/li>\n<\/ul>\n<p>    L\u00fcbeck<\/p>\n<ul>\n<li><strong>Herbstmarkt der L\u00fcbecker Hobbyk\u00fcnstler:<\/strong> Vom<strong> 24. Oktober bis 1. November <\/strong>zeigt die Ausstellung Selbstgemachtes im historischen Ambiente des Heiligen-Geist-Hospitals in L\u00fcbeck. Die Adresse: Heiligen-Geist-Hospital, Am Koberg 11, 23552 L\u00fcbeck.<\/li>\n<\/ul>\n<p>    Kreis Stormarn<\/p>\n<ul>\n<li><strong>Herbstmarkt in Tangstedt:<\/strong> Am Erntedanksonntag, dem <strong>4. Oktober<\/strong>, wird auf dem Hof Trau zwischen 10-17 Uhr ein bunter Herbsttag gestaltet. Die Adresse: Dorfstra\u00dfe 90, 22889 Tangstedt.<\/li>\n<\/ul>\n<ul>\n<li><strong>Trittauer Kunsthandwerkmarkt:<\/strong> Am<strong> 3. und 4. Oktober<\/strong> findet der traditionelle Kunsthandwerkmarkt von 10 bis 18 Uhr statt. Die Adresse: Kulturzentrum Wasserm\u00fchle Trittau, Am M\u00fchlenteich 3, 22946 Trittau.<\/li>\n<\/ul>\n<p class=\"\">Die Liste erhebt keinen Anspruch auf Vollst\u00e4ndigkeit. Sie stellt lediglich eine \u00dcbersicht dar.<\/p>\n<p>        <img decoding=\"async\" src=\"https:\/\/www.europesays.com\/de\/wp-content\/uploads\/2026\/09\/flohmarkt342.webp\" alt=\"Kinder und Erwachsene sind auf einem Flohmarkt bei Sommerwetter unterwegs.\" title=\"Kinder und Erwachsene sind auf einem Flohmarkt bei Sommerwetter unterwegs. | IMAGO \/ Funke Foto Services\" class=\"responsive\" loading=\"lazy\"\/><\/p>\n<p>Die Flohmarkt-Saison hat begonnen. Zeit zum Entr\u00fcmpeln, St\u00f6bern und Feilschen. Hier finden Floh- und Tr\u00f6delm\u00e4rkte statt.<\/p>\n<p>        <img decoding=\"async\" src=\"https:\/\/www.europesays.com\/de\/wp-content\/uploads\/2026\/09\/kuerbis-204.webp\" alt=\"Ein in St\u00fccke geteilter orangefarbener K\u00fcrbis mit Messer auf einem Holzbrett\" title=\"Ein in St\u00fccke geteilter orangefarbener K\u00fcrbis mit Messer auf einem Holzbrett | colourbox, Oksana Bratanova\" class=\"responsive\" loading=\"lazy\"\/><\/p>\n<p>Butternut, Hokkaido, Spaghetti-K\u00fcrbis z\u00e4hlen zu den beliebtesten Sorten. Wie l\u00e4sst sich K\u00fcrbis zubereiten? Tipps und Rezepte.<\/p>\n<p>        <img decoding=\"async\" src=\"https:\/\/www.europesays.com\/de\/wp-content\/uploads\/2026\/09\/kuerbis892.webp\" alt=\"Herbstdeko mit Blumen und K\u00fcrbis\" title=\"Herbstdeko mit Blumen und K\u00fcrbis | NDR, Udo Tanske\" class=\"responsive\" loading=\"lazy\"\/><\/p>\n<p>Diese sch\u00f6ne Herbstdeko kommt ohne Folie und Steckmasse aus. Gartenprofi Peter Rasch nutzt, was er im Garten findet.<\/p>\n<p>        <img decoding=\"async\" src=\"https:\/\/www.europesays.com\/de\/wp-content\/uploads\/2026\/09\/wurzelcremesuppe100.webp\" alt=\"Eine Sch\u00fcssel mit Wurzelcremesuppe, Pesto und Topinamburchips.\" title=\"Eine Sch\u00fcssel mit Wurzelcremesuppe, Pesto und Topinamburchips. | NDR\/ZS Verlag, Claudia Timmann\/\" class=\"responsive\" loading=\"lazy\"\/><\/p>\n<p>Ob K\u00fcrbis-, Fisch- oder H\u00fchnersuppe: Herbstzeit ist Suppen-Zeit. Sie w\u00e4rmen und sind nahrhaft. Hier einige Rezept-Ideen.<\/p>\n","protected":false},"excerpt":{"rendered":"AUDIO: Kunsthandwerk und Co.: Das sind die Herbstm\u00e4rkte 2026 in SH (3 Min) Stand: 06.09.2026 06:00 Uhr Im&hellip;\n","protected":false},"author":2,"featured_media":1283634,"comment_status":"","ping_status":"","sticky":false,"template":"","format":"standard","meta":{"footnotes":"","_share_on_mastodon":"0"},"categories":[1852],"tags":[5905,3364,49828,29,4289,21647,548,663,3934,870,30,40626,13,79803,264672,4949,7132,22025,9588,264671,14,15,12,1971],"class_list":["post-1283633","post","type-post","status-publish","format-standard","has-post-thumbnail","category-kiel","tag-bummeln","tag-de","tag-dekoration","tag-deutschland","tag-einkaufen","tag-ernte","tag-eu","tag-europa","tag-europe","tag-gemuese","tag-germany","tag-gewuerze","tag-headlines","tag-herbstmarkt","tag-herbstmaerkte","tag-kiel","tag-kunsthandwerk","tag-kuerbis","tag-markt","tag-mit-kindern","tag-nachrichten","tag-news","tag-schlagzeilen","tag-schleswig-holstein"],"share_on_mastodon":{"url":"https:\/\/pubeurope.com\/@de\/117222353017459840","error":""},"_links":{"self":[{"href":"https:\/\/www.europesays.com\/de\/wp-json\/wp\/v2\/posts\/1283633","targetHints":{"allow":["GET"]}}],"collection":[{"href":"https:\/\/www.europesays.com\/de\/wp-json\/wp\/v2\/posts"}],"about":[{"href":"https:\/\/www.europesays.com\/de\/wp-json\/wp\/v2\/types\/post"}],"author":[{"embeddable":true,"href":"https:\/\/www.europesays.com\/de\/wp-json\/wp\/v2\/users\/2"}],"replies":[{"embeddable":true,"href":"https:\/\/www.europesays.com\/de\/wp-json\/wp\/v2\/comments?post=1283633"}],"version-history":[{"count":0,"href":"https:\/\/www.europesays.com\/de\/wp-json\/wp\/v2\/posts\/1283633\/revisions"}],"wp:featuredmedia":[{"embeddable":true,"href":"https:\/\/www.europesays.com\/de\/wp-json\/wp\/v2\/media\/1283634"}],"wp:attachment":[{"href":"https:\/\/www.europesays.com\/de\/wp-json\/wp\/v2\/media?parent=1283633"}],"wp:term":[{"taxonomy":"category","embeddable":true,"href":"https:\/\/www.europesays.com\/de\/wp-json\/wp\/v2\/categories?post=1283633"},{"taxonomy":"post_tag","embeddable":true,"href":"https:\/\/www.europesays.com\/de\/wp-json\/wp\/v2\/tags?post=1283633"}],"curies":[{"name":"wp","href":"https:\/\/api.w.org\/{rel}","templated":true}]}}