{"id":1283637,"date":"2026-09-06T05:07:24","date_gmt":"2026-09-06T05:07:24","guid":{"rendered":"https:\/\/www.europesays.com\/de\/1283637\/"},"modified":"2026-09-06T05:07:24","modified_gmt":"2026-09-06T05:07:24","slug":"stahlwerk-der-salzgitter-ag-besichtigung-20","status":"publish","type":"post","link":"https:\/\/www.europesays.com\/de\/1283637\/","title":{"rendered":"Stahlwerk der Salzgitter AG &#8211; Besichtigung"},"content":{"rendered":"<p>Interessierte Teilnehmende (Mindestalter 16 Jahre) haben die M\u00f6glichkeit, sich zu \u00f6ffentlich freigegebenen Terminen des Stahlwerkes der Salzgitter AG \u00fcber die Tourist-Information anzumelden,<\/p>\n<p><strong>telefonisch unter 05341 \/ 9009940 <\/strong><br \/><strong>oder per E-Mail an <a class=\"SP-Paragraph__link SP-encrypted-email\" href=\"https:\/\/www.salzgitter.de\/veranstaltungskalender\/mailto:info%E2%9A%B9tourismus-salzgitter%E2%97%A6de\" data-sp-email=\"\" rel=\"nofollow noopener\" target=\"_blank\">infotourismus-salzgitterde<\/a>. <\/strong><\/p>\n<p><strong>Dauer: 3 1\/2 Stunden<\/strong><\/p>\n<p><strong>Treffpunkt und Beginn der Tour ist jeweils im Besucherzentrum der Salzgitter Flachstahl GmbH an der Werkszufahrt TOR 1, Eisenh\u00fcttenstra\u00dfe, 38239 Salzgitter.<\/strong><\/p>\n<p>Die Tour ist nicht barrierefrei, es sind Stufen und einige Wegstrecken zu bew\u00e4ltigen.<\/p>\n","protected":false},"excerpt":{"rendered":"Interessierte Teilnehmende (Mindestalter 16 Jahre) haben die M\u00f6glichkeit, sich zu \u00f6ffentlich freigegebenen Terminen des Stahlwerkes der Salzgitter AG&hellip;\n","protected":false},"author":2,"featured_media":19350,"comment_status":"","ping_status":"","sticky":false,"template":"","format":"standard","meta":{"footnotes":"","_share_on_mastodon":"0"},"categories":[1850],"tags":[6429,3364,29,548,663,3934,30,13,14,15,1411,12],"class_list":["post-1283637","post","type-post","status-publish","format-standard","has-post-thumbnail","category-braunschweig","tag-braunschweig","tag-de","tag-deutschland","tag-eu","tag-europa","tag-europe","tag-germany","tag-headlines","tag-nachrichten","tag-news","tag-niedersachsen","tag-schlagzeilen"],"share_on_mastodon":{"url":"https:\/\/pubeurope.com\/@de\/117222365461845244","error":""},"_links":{"self":[{"href":"https:\/\/www.europesays.com\/de\/wp-json\/wp\/v2\/posts\/1283637","targetHints":{"allow":["GET"]}}],"collection":[{"href":"https:\/\/www.europesays.com\/de\/wp-json\/wp\/v2\/posts"}],"about":[{"href":"https:\/\/www.europesays.com\/de\/wp-json\/wp\/v2\/types\/post"}],"author":[{"embeddable":true,"href":"https:\/\/www.europesays.com\/de\/wp-json\/wp\/v2\/users\/2"}],"replies":[{"embeddable":true,"href":"https:\/\/www.europesays.com\/de\/wp-json\/wp\/v2\/comments?post=1283637"}],"version-history":[{"count":0,"href":"https:\/\/www.europesays.com\/de\/wp-json\/wp\/v2\/posts\/1283637\/revisions"}],"wp:featuredmedia":[{"embeddable":true,"href":"https:\/\/www.europesays.com\/de\/wp-json\/wp\/v2\/media\/19350"}],"wp:attachment":[{"href":"https:\/\/www.europesays.com\/de\/wp-json\/wp\/v2\/media?parent=1283637"}],"wp:term":[{"taxonomy":"category","embeddable":true,"href":"https:\/\/www.europesays.com\/de\/wp-json\/wp\/v2\/categories?post=1283637"},{"taxonomy":"post_tag","embeddable":true,"href":"https:\/\/www.europesays.com\/de\/wp-json\/wp\/v2\/tags?post=1283637"}],"curies":[{"name":"wp","href":"https:\/\/api.w.org\/{rel}","templated":true}]}}