{"id":1283673,"date":"2026-09-06T05:37:22","date_gmt":"2026-09-06T05:37:22","guid":{"rendered":"https:\/\/www.europesays.com\/de\/1283673\/"},"modified":"2026-09-06T05:37:22","modified_gmt":"2026-09-06T05:37:22","slug":"1374-km-mit-dem-e-auto-durch-frankreich-und-spanien-warum-ich-nie-wieder-einen-verbrenner-mieten-wuerde","status":"publish","type":"post","link":"https:\/\/www.europesays.com\/de\/1283673\/","title":{"rendered":"1374 km mit dem E-Auto durch Frankreich und Spanien: Warum ich nie wieder einen Verbrenner mieten w\u00fcrde"},"content":{"rendered":"<p>   <a href=\"https:\/\/www.netzwelt.de\/automobil\/index.html\" class=\"bclil-so\" title=\"Automobil\" rel=\"nofollow noopener\" target=\"_blank\">AUTOMOBIL<\/a>   <\/p>\n<p><strong><br \/>\nWer sich ein Auto f\u00fcr den Urlaub mietet, greift meist zu einem klassischen Verbrenner. Doch ein E-Auto k\u00f6nnte die bessere Alternative sein, wie unser Autor \u00fcberrascht feststellen musste. <\/strong><\/p>\n<p>   <a href=\"https:\/\/www.netzwelt.de\/picture\/index.html#472512\" class=\"pos-r d-b\" rel=\"nofollow noopener\" title=\"Gro\u00dfbildansicht: Mit dem E-Auto in den Urlaub? Klappt \u00fcberraschend gut!\" target=\"_blank\">  <img loading=\"lazy\" decoding=\"async\" src=\"https:\/\/img.netzwelt.de\/dw1200_dh675_sw1920_sh1080_sx0_sy0_sr16x9_nu0\/picture\/original\/2026\/09\/e-auto-urlaub-klappt-ueberraschend-gut-472512.jpeg\" width=\"1200\" height=\"675\" alt=\"Mit dem E-Auto in den Urlaub? Klappt \u00fcberraschend gut!\"\/>  <\/a><br \/>\nMit dem E-Auto in den Urlaub? Klappt \u00fcberraschend gut! (Quelle: Foto, Screenshot und Montage von Netzwelt)  <\/p>\n<p> <b>Ein Roadtrip von S\u00fcdfrankreich nach Nordspanien, \u00fcber die Pyren\u00e4en, an der Atlantikk\u00fcste entlang und wieder zur\u00fcck &#8211; insgesamt 1374 km lang. <\/b> Da braucht man ein Auto, das einiges mitmachen kann. Zu meiner gro\u00dfen \u00dcberraschung stellte sich <b>der perfekte Wagen f\u00fcr diese Reise als elektrischer VW ID.4 heraus.<\/b> Durch starke Rekuperation, erstaunliches Fahrverhalten und &#8222;einmal volltanken bitte&#8220; f\u00fcr knapp 30 Euro wurde der Wagen zum heimlichen Highlight meiner Reise von Bordeaux bis ins spanische Asturien &#8211; da konnten selbst kleine &#8222;E-Auto-Macken&#8220; nicht dran r\u00fctteln.\n<\/p>\n<p>Roadtrip mit dem E-Auto: Diese Dinge haben mich \u00fcberrascht<\/p>\n<p> <b>Vorneweg:<\/b> Meine Idee war es nicht, sich einen elektrischen VW ID.4 f\u00fcr die Reise zu mieten. &#8222;Hat der \u00fcberhaupt genug Leistung? Wir m\u00fcssen doch st\u00e4ndig wieder laden gehen&#8220;, waren meine skeptischen Gedanken. Ganz zu schweigen von der Schlussfolgerung, dass \u00f6fter tanken\/laden auch ein gr\u00f6\u00dferes Loch im Geldbeutel bedeutet. Da das E-Auto bereits in der Miete g\u00fcnstiger war als vergleichbare Verbrenner, gingen wir das &#8222;Risiko&#8220; aber dennoch ein.\n<\/p>\n<p>  <a href=\"https:\/\/www.netzwelt.de\/picture\/index.html#472470\" class=\"pos-r d-b\" rel=\"nofollow noopener\" title=\"Gro\u00dfbildansicht: Dieser VW ID.4 brachte uns von Bordeaux \u00fcber die Pyren\u00e4en bis nach Asturien ... und wieder zur\u00fcck.\" target=\"_blank\">  <img loading=\"lazy\" decoding=\"async\" src=\"data:image\/gif;base64,R0lGODlhAQABAIAAAP\/\/\/wAAACH5BAEAAAAALAAAAAABAAEAAAICRAEAOw==\" data-original=\"\/\/img.netzwelt.de\/dw1200_dh675_sw0_sh0_sx0_sy0_sr16x9_nu0\/picture\/original\/2026\/09\/vw-id4-brachte-uns-bordeaux-ueber-pyrenaeen-asturien--ueck-472470.jpeg\" width=\"1200\" height=\"675\" alt=\"Dieser VW ID.4 brachte uns von Bordeaux \u00fcber die Pyren\u00e4en bis nach Asturien ... und wieder zur\u00fcck.\" class=\"lazy\"\/>  <\/a><br \/>\nDieser VW ID.4 brachte uns von Bordeaux \u00fcber die Pyren\u00e4en bis nach Asturien &#8230; und wieder zur\u00fcck. (Quelle: Netzwelt)<br \/>\nLange Pause f\u00fcr den kleinen Groschen<\/p>\n<p> <b>Doch meine Skepsis hobelte der ID.4 schnell aus.<\/b> Das erste &#8222;Wow&#8220; kam, als wir nach hunderten Kilometern das erste Mal eine Lades\u00e4ule aufsuchten. Zwar brauchte der Wagen zum &#8222;volltanken&#8220; deutlich l\u00e4nger als ich es von Verbrennern gew\u00f6hnt war, aber als der virtuelle Kassenzettel f\u00fcr <b>eine volle Ladung knapp 30 Euro<\/b> anzeigte, war die Wartezeit schnell vergessen &#8211; zumal man diese praktisch f\u00fcr eine Mittagspause oder einen Einkauf nutzen konnte.\n<\/p>\n<p>\nDie als qu\u00e4lend lang erwarteten Ladepausen wurden somit zu Time-Slots, die unserer Reise-Truppe nach und nach immer sinnvoller vorkamen. Warum innerhalb von f\u00fcnf Minuten schnell Tanken, wenn man sowieso noch andere Dinge zu erledigen hat? Man beginnt dadurch anders \u00fcber Tank-Pausen nachzudenken und plant sie anders ein. Ein \u00c4rgernis war die Wartezeit dadurch nie.\n<\/p>\n<p>  <a href=\"https:\/\/www.netzwelt.de\/picture\/index.html#472467\" class=\"pos-r d-b\" rel=\"nofollow noopener\" title=\"Gro\u00dfbildansicht: Diese Route meisterte der VW ID.4 mit Bravour\" target=\"_blank\">  <img loading=\"lazy\" decoding=\"async\" src=\"data:image\/gif;base64,R0lGODlhAQABAIAAAP\/\/\/wAAACH5BAEAAAAALAAAAAABAAEAAAICRAEAOw==\" data-original=\"\/\/img.netzwelt.de\/dw1200_dh675_sw0_sh0_sx0_sy0_sr16x9_nu0\/picture\/original\/2026\/09\/route-meisterte-vw-id4-bravour-472467.jpeg\" width=\"1200\" height=\"675\" alt=\"Diese Route meisterte der VW ID.4 mit Bravour\" class=\"lazy\"\/>  <\/a><br \/>\nDiese Route meisterte der VW ID.4 mit Bravour (Quelle: Screenshot von Google Maps, aufgenommen von Netzwelt)<br \/>\nGenauer auf den Preis geschaut<\/p>\n<p>\nAllgemein erwies sich der ID.4 finanziell als die richtige Entscheidung. Beispiel Energieverbrauch: Wir lagen bei unserer Fahrt ungef\u00e4hr bei einem Energieverbrauch von 20 kWh auf 100 km. Ein Liter Benzin hingegen tr\u00e4gt in etwa 10 kWh an Energie in sich. Bei einem etwa gleich gro\u00dfen Verbrenner-SUV k\u00e4me man bei einer Strecke von 100 km ungef\u00e4hr auf einen Verbrauch von 8 Litern und damit 80 kWh verbrauchter Energie. Wir flitzten hingegen mit einem Viertel des Energieverbrauchs \u00fcber die franz\u00f6sischen und spanischen Autobahnen.\n<\/p>\n<p>Einfach zum neuen Auto<\/p>\n<p>Finde g\u00fcnstige Kauf- und Leasingdeals<\/p>\n<p>Deine Carwow Vorteile:<\/p>\n<ul class=\"facts w-50 w-m-100 mb-0 mt-0\">\n<li class=\"pos\" style=\"font-size: 18px; line-height: 1.2;\">Transparente Preise<\/li>\n<li class=\"pos\" style=\"font-size: 18px; line-height: 1.2;\">Angebote aus deiner N\u00e4he<\/li>\n<\/ul>\n<ul class=\"facts w-50 w-m-100 mb-0 mt-0\">\n<li class=\"pos\" style=\"font-size: 18px; line-height: 1.2;\">Vertrauensw\u00fcrdige H\u00e4ndler<\/li>\n<li class=\"pos\" style=\"font-size: 18px; line-height: 1.2;\">Stressfrei &amp; ohne Verhandeln<\/li>\n<\/ul>\n<p>     <img loading=\"lazy\" decoding=\"async\" src=\"https:\/\/www.europesays.com\/de\/wp-content\/uploads\/2026\/01\/carwow-skoda-444835.png\" width=\"600\" height=\"300\" style=\"height: 180px; width: auto; position: absolute; right: 0px; bottom: 0px;\" class=\"d-m-n\"\/> <img loading=\"lazy\" decoding=\"async\" src=\"https:\/\/www.europesays.com\/de\/wp-content\/uploads\/2026\/01\/carwow-skoda-444835.png\" width=\"600\" height=\"300\" style=\"height: auto; width: 100%;\" class=\"d-d-n d-t-n mb-10\"\/>    <\/p>\n<p> Marke  Bitte ausw\u00e4hlen  <\/p>\n<p> Modell  Bitte ausw\u00e4hlen  <\/p>\n<p>*Die durchschnittliche Ersparnis berechnet sich im Vergleich zur unverbindlichen Preisempfehlung des Herstellers aus allen auf carwow errechneten Konfigurationen zwischen Juni und November 2023. Sie ist ein Durchschnittswert aller angebotenen Modelle und variiert je nach Hersteller, Modell und H\u00e4ndler.<\/p>\n<p>\nDer Akku des ID.4 hat in der Standard-Ausf\u00fchrung einen Energieinhalt von 55 kWh. L\u00e4dt man ihn zum aktuellen AC-Preis von 52,30 Cent pro kWh auf, erh\u00e4lt man einen vollen Akku f\u00fcr 28,76 Euro. Der Liter Benzin kostet in Spanien laut dem<a href=\"https:\/\/www.adac.de\/reise-freizeit\/reiseplanung\/reiseziele\/spanien\/tanken-laden\/\" target=\"_blank\" rel=\"noopener nofollow\"> ADAC<\/a> aktuell 1,72 Euro. Um einen 50-Liter-Tank vollzubekommen, wie ihn viele \u00e4hnlich gro\u00dfe SUV-Modelle besitzen, muss man schlappe 86 Euro blechen. Zwar kommt man mit einer vollen Tankladung weiter als mit einem vollen Akku &#8211; jedoch hatte der ID.4 ein paar \u00fcberraschende Tricks auf Lager.\n<\/p>\n<p>Wer bremst, gewinnt Akku &#8211; und jede Menge Hitze<\/p>\n<p>\nDie n\u00e4chste gro\u00dfe \u00dcberraschung erwartete uns in den Pyren\u00e4en. Denn E-Autos wie der ID.4 gewinnen durch <b>Rekuperation beim Bremsen<\/b> wieder Energie zur\u00fcck &#8211; hei\u00dft: Je mehr gebremst wird, desto mehr Energie flie\u00dft wieder zur\u00fcck in den Akku. Da wir beim ganzen Auf und Ab der Pyren\u00e4en nat\u00fcrlich viel bremsen mussten, gewann unser Wagen so viel Elektrizit\u00e4t wieder zur\u00fcck, dass wir in dem Gebirgszug nicht extra laden mussten.\n<\/p>\n<p>\nHier machte sich jedoch die erste <b>&#8222;Eigenheit&#8220; bemerkbar, die ich vorher nie h\u00e4tte kommen sehen.<\/b> Unser E-Auto gewann durch die ganze Bremserei so viel Energie zur\u00fcck, dass es irgendwann nicht mehr wusste, wohin damit. VWs L\u00f6sung daf\u00fcr: die Heizung anmachen. Das lie\u00df sich im Men\u00fc nicht deaktivieren(!), was dazu f\u00fchrte, dass wir bei 30 Grad und strahlendem Sonnenschein mit laufender Heizung und weit ge\u00f6ffneten Fenstern durch Spanien fuhren. Warum VW keine andere Option bietet, die \u00fcbersch\u00fcssige Energie loszuwerden, ist mir ein R\u00e4tsel. Immerhin bin ich mit meinem Unverst\u00e4ndnis nicht allein, wie eine Diskussion im VW-Forum <a href=\"https:\/\/www.meinid.com\/thread\/9339-also-die-rekuperation-funktioniert-doch-super\/\" target=\"_blank\" rel=\"noopener nofollow\">meinid.com<\/a> zeigt. Vielleicht hat VW ja <a href=\"https:\/\/www.netzwelt.de\/news\/258045-vw-id4-nachfolger-zeigt-kasten-design-normale-tuergriffe-ueberraschender-name.html\" rel=\"nofollow noopener\" target=\"_blank\">beim Nachfolger des ID.4<\/a> eine L\u00f6sung gefunden.\n<\/p>\n<p>Der fehlende Motor macht&#8217;s m\u00f6glich: Gro\u00dfes, leises Auto mit kleinem Wendekreis<\/p>\n<p>\nImmerhin gab sich der vollelektrische SUV auf den schmalen Bergstra\u00dfen erstaunlich schnittig. Denn: In einem E-Auto steckt kein dicker Motor mit \u00d6ltank und allem Drumherum. Dadurch haben die Reifen mehr Platz und k\u00f6nnen weiter eingelenkt werden. Somit besa\u00df der ID.4 einen kleineren Wendekreis als ein Verbrenner vergleichbarer Gr\u00f6\u00dfe. Darauf w\u00e4re ich als &#8222;E-Auto-Neuling&#8220; im Vorfeld nie gekommen.\n<\/p>\n<p>  <strong>Wendekreis: ID.4 vs Tiguan<\/strong> <\/p>\n<p>\nVW gibt den ID.4 in den &#8222;Pure&#8220; und &#8222;Pro&#8220;-Varianten mit einem Wendekreis von 10,3 m an, w\u00e4hrend ein Tiguan mit einem Wendekreis von 11,7 m daherkommt. Das erreicht ein ID.4 GTX 4Motion zwar auch, ist aber gleichzeitig ganze 40 cm l\u00e4nger als der Verbrenner.\n<\/p>\n<p>\nAuch eine Erkenntnis, die sich im Laufe des 10-t\u00e4gigen Trips einstellte: Hat man sich einmal an das leise Fahrger\u00e4usch eines Elektro-Autos gew\u00f6hnt, wirken Fahrzeuge mit Verbrennungsmotor auf einmal wie veraltete Dampfloks. Dass man diese lauten Motoren so lange ausgehalten hat&#8230;\n<\/p>\n<p>Wo elektrisches Licht ist, ist auch Schatten<\/p>\n<p>\nIn ein paar Punkten muss das &#8222;System E-Auto&#8220; aber noch aufholen. Mit Apps wie &#8222;EnBW mobility+&#8220; l\u00e4sst sich im Vorfeld sehen, wo eine Lades\u00e4ule steht, ob sie besetzt ist, und mit welcher Ladeleistung sie daherkommt. <b>Aber Achtung:<\/b> Nicht jede App kennt jede Lades\u00e4ule und nicht jede S\u00e4ule ist f\u00fcr alle zug\u00e4nglich. Als wir etwa in Bilbao zuf\u00e4llig an einer extrem leistungsstarken S\u00e4ule vorbeikamen, krampften wir uns eine halbe Stunde lang ab &#8211; nur um zu erkennen, dass diese nur f\u00fcr spanische Staatsb\u00fcrger zug\u00e4nglich war. Keine unserer Apps konnte uns den Zugang erm\u00f6glichen.\n<\/p>\n<p> <b>Insgesamt kam ich von dem Roadtrip gel\u00e4utert zur\u00fcck.<\/b> Trotz Heizungs-Macke und einmaligem Lades\u00e4ulen-Frust: Der ID.4 kostete uns auf den 1374 km deutlich weniger als ein Verbrenner &#8211; sowohl in der Miete, als auch beim Verbrauch. Dank Rekuperation mussten wir seltener laden als wir mit einem Verbrenner h\u00e4tten tanken m\u00fcssen. Die Ladepausen lie\u00dfen sich zudem sinnvoll nutzen und st\u00f6rten den Urlaub dadurch nicht. G\u00fcnstig und wendig fuhr der ID.4 von Bordeaux bis nach Asturien und wieder zur\u00fcck und machte klar: <b>Der n\u00e4chste Roadtrip wird wieder elektrisch.<\/b> <\/p>\n","protected":false},"excerpt":{"rendered":"AUTOMOBIL Wer sich ein Auto f\u00fcr den Urlaub mietet, greift meist zu einem klassischen Verbrenner. Doch ein E-Auto&hellip;\n","protected":false},"author":2,"featured_media":1283674,"comment_status":"","ping_status":"","sticky":false,"template":"","format":"standard","meta":{"footnotes":"","_share_on_mastodon":"0"},"categories":[3974],"tags":[331,332,548,663,3934,3980,156,13,14,15,12],"class_list":["post-1283673","post","type-post","status-publish","format-standard","has-post-thumbnail","category-frankreich","tag-aktuelle-nachrichten","tag-aktuelle-news","tag-eu","tag-europa","tag-europe","tag-france","tag-frankreich","tag-headlines","tag-nachrichten","tag-news","tag-schlagzeilen"],"share_on_mastodon":{"url":"https:\/\/pubeurope.com\/@de\/117222485299938386","error":""},"_links":{"self":[{"href":"https:\/\/www.europesays.com\/de\/wp-json\/wp\/v2\/posts\/1283673","targetHints":{"allow":["GET"]}}],"collection":[{"href":"https:\/\/www.europesays.com\/de\/wp-json\/wp\/v2\/posts"}],"about":[{"href":"https:\/\/www.europesays.com\/de\/wp-json\/wp\/v2\/types\/post"}],"author":[{"embeddable":true,"href":"https:\/\/www.europesays.com\/de\/wp-json\/wp\/v2\/users\/2"}],"replies":[{"embeddable":true,"href":"https:\/\/www.europesays.com\/de\/wp-json\/wp\/v2\/comments?post=1283673"}],"version-history":[{"count":0,"href":"https:\/\/www.europesays.com\/de\/wp-json\/wp\/v2\/posts\/1283673\/revisions"}],"wp:featuredmedia":[{"embeddable":true,"href":"https:\/\/www.europesays.com\/de\/wp-json\/wp\/v2\/media\/1283674"}],"wp:attachment":[{"href":"https:\/\/www.europesays.com\/de\/wp-json\/wp\/v2\/media?parent=1283673"}],"wp:term":[{"taxonomy":"category","embeddable":true,"href":"https:\/\/www.europesays.com\/de\/wp-json\/wp\/v2\/categories?post=1283673"},{"taxonomy":"post_tag","embeddable":true,"href":"https:\/\/www.europesays.com\/de\/wp-json\/wp\/v2\/tags?post=1283673"}],"curies":[{"name":"wp","href":"https:\/\/api.w.org\/{rel}","templated":true}]}}