{"id":1283677,"date":"2026-09-06T05:40:29","date_gmt":"2026-09-06T05:40:29","guid":{"rendered":"https:\/\/www.europesays.com\/de\/1283677\/"},"modified":"2026-09-06T05:40:29","modified_gmt":"2026-09-06T05:40:29","slug":"deutsche-rakete-bringt-ersten-satelliten-von-europa-aus-in-die-umlaufbahn","status":"publish","type":"post","link":"https:\/\/www.europesays.com\/de\/1283677\/","title":{"rendered":"Deutsche Rakete bringt ersten Satelliten von Europa aus in die Umlaufbahn."},"content":{"rendered":"<p class=\"pBody\"><img loading=\"lazy\" decoding=\"async\" class=\"dthumb iCenter\" style=\"width: 1200px; height: 800px;;cursor:pointer\" src=\"https:\/\/www.europesays.com\/de\/wp-content\/uploads\/2026\/09\/1788664454045_361d0092440t11200l1-untitled3.webp\" alt=\"Deutsche Rakete bringt ersten Satelliten von Europa aus in die Umlaufbahn.\" width=\"1200\" height=\"800\"\/><\/p>\n<p class=\"pCaption\"> Die Spectrum-Rakete schrieb Geschichte, indem sie als erste kommerzielle Rakete ein Raumschiff vom europ\u00e4ischen Kontinent aus in den Orbit bef\u00f6rderte. Foto: IDPA.<\/p>\n<p class=\"pBody\"> Isar Aerospace gab bekannt, dass die unbemannte Spectrum-Rakete f\u00fcnf Kleinsatelliten und ein Technologie-Testger\u00e4t transportierte. Die Rakete ist f\u00fcr den Transport kleiner bis mittlerer Nutzlasten ausgelegt.<\/p>\n<p class=\"pBody\"> <a class=\"data-link\" data-org-href=\"https:\/\/www.vietnam.vn\/de\/tag\/na-uy\" href=\"https:\/\/www.vietnam.vn\/de\/tag\/na-uy\" title=\"Norwegen\" target=\"_blank\" rel=\"nofollow noopener\">Die norwegische<\/a> Ministerin f\u00fcr Industrie und Handel, Cecilie Myrseth, begr\u00fc\u00dfte den Erfolg als bedeutenden Fortschritt f\u00fcr die europ\u00e4ische Satellitenstartindustrie. Sie ist \u00fcberzeugt, dass die M\u00f6glichkeit, Satelliten von And\u00f8ya aus zu starten, zur St\u00e4rkung der norwegischen und europ\u00e4ischen Raumfahrtkapazit\u00e4ten beitragen wird, insbesondere angesichts der instabilen internationalen Lage.<\/p>\n<p class=\"pBody\"> Der deutsche <a class=\"data-link\" data-org-href=\"https:\/\/www.vietnam.vn\/de\/tag\/thu-tuong\" href=\"https:\/\/www.vietnam.vn\/de\/tag\/thu-tuong\" title=\"Premierminister\" target=\"_blank\" rel=\"nofollow noopener\">Bundeskanzler<\/a> Friedrich Merz besuchte im M\u00e4rz die Startanlage von Isar Aerospace und demonstrierte damit Berlins Interesse an Europas Bem\u00fchungen zur Entwicklung seiner Raumfahrtkapazit\u00e4ten.<\/p>\n<p>Das k\u00f6nnte Sie interessieren<\/p>\n<p class=\"pBody\"> Dies war der zweite Start von Isar Aerospace. Beim ersten Start im M\u00e4rz 2025 st\u00fcrzte die Spectrum-Rakete kurz nach dem Abheben an derselben Stelle ins Meer und explodierte. Bei diesem Ungl\u00fcck wurde niemand verletzt. Isar Aerospace wertete die Mission dennoch als Erfolg, da eine gro\u00dfe Menge an Daten f\u00fcr die Raketenentwicklung gesammelt worden war. <\/p>\n<p class=\"pBody\"><img loading=\"lazy\" decoding=\"async\" class=\"iCenter\" style=\"width: 1200px; height: 675px;;cursor:pointer\" src=\"https:\/\/www.europesays.com\/de\/wp-content\/uploads\/2026\/09\/1788664456278_361d0092616t11110l1-duc-21.webp\" alt=\"Deutsche Rakete bringt ersten Satelliten von Europa aus in die Umlaufbahn.\" width=\"1200\" height=\"675\"\/><\/p>\n<p class=\"pCaption\"> Der Start der Spectrum-Rakete erfolgte nach monatelangen Verz\u00f6gerungen. Foto: IDPA.<\/p>\n<p class=\"pBody\"> Isar Aerospace erkl\u00e4rte, dass dieser Flug sowohl als Fahrzeugtestmission als auch als erster Flug von Spectrum mit Nutzlast diente.<\/p>\n<p class=\"pBody\"> Der Erfolg von Isar Aerospace f\u00e4llt in eine Zeit, in der viele europ\u00e4ische L\u00e4nder ihre Satellitenstartkapazit\u00e4ten ausbauen, um ihren regionalen Zugang zum Weltraum zu verbessern. Zu den Marktteilnehmern z\u00e4hlen derzeit gro\u00dfe Akteure wie SpaceX aus den USA und ArianeGroup aus Frankreich, ein Joint Venture von Airbus und Safran.<\/p>\n<p class=\"pBody\"> Isar Aerospace gab letzte Woche bekannt, rund 200 Millionen Euro (232 Millionen US-Dollar) von der Europ\u00e4ischen Weltraumorganisation (ESA) erhalten zu haben, um die Entwicklung neuer Raketen zu unterst\u00fctzen und die Test- und Startinfrastruktur auszubauen. Das Unternehmen baut au\u00dferdem eine zweite Startanlage in Kanada.<\/p>\n<p>Das k\u00f6nnte Sie interessieren<\/p>\n<p class=\"pAuthor\"> Thanh Hang<\/p>\n<p class=\"pSource\"> Quelle: Reuters<\/p>\n<p class=\"mb-0\"> Quelle: https:\/\/baothanhhoa.vn\/ten-lua-duc-lan-dau-dua-ve-tinh-len-quy-dao-tu-chau-au-300736.htm<\/p>\n","protected":false},"excerpt":{"rendered":"Die Spectrum-Rakete schrieb Geschichte, indem sie als erste kommerzielle Rakete ein Raumschiff vom europ\u00e4ischen Kontinent aus in den&hellip;\n","protected":false},"author":2,"featured_media":1283678,"comment_status":"","ping_status":"","sticky":false,"template":"","format":"standard","meta":{"footnotes":"","_share_on_mastodon":"0"},"categories":[3933],"tags":[331,332,7830,548,663,158,3934,3935,40805,80238,3986,13,36598,14,15,1171,12,264694],"class_list":["post-1283677","post","type-post","status-publish","format-standard","has-post-thumbnail","category-eu","tag-aktuelle-nachrichten","tag-aktuelle-news","tag-erfolg","tag-eu","tag-europa","tag-europaeische-union","tag-europe","tag-european-union","tag-flug","tag-flugbahn","tag-handel","tag-headlines","tag-kapazitaet","tag-nachrichten","tag-news","tag-satellit","tag-schlagzeilen","tag-zum-ersten-mal"],"share_on_mastodon":{"url":"https:\/\/pubeurope.com\/@de\/117222495202743020","error":""},"_links":{"self":[{"href":"https:\/\/www.europesays.com\/de\/wp-json\/wp\/v2\/posts\/1283677","targetHints":{"allow":["GET"]}}],"collection":[{"href":"https:\/\/www.europesays.com\/de\/wp-json\/wp\/v2\/posts"}],"about":[{"href":"https:\/\/www.europesays.com\/de\/wp-json\/wp\/v2\/types\/post"}],"author":[{"embeddable":true,"href":"https:\/\/www.europesays.com\/de\/wp-json\/wp\/v2\/users\/2"}],"replies":[{"embeddable":true,"href":"https:\/\/www.europesays.com\/de\/wp-json\/wp\/v2\/comments?post=1283677"}],"version-history":[{"count":0,"href":"https:\/\/www.europesays.com\/de\/wp-json\/wp\/v2\/posts\/1283677\/revisions"}],"wp:featuredmedia":[{"embeddable":true,"href":"https:\/\/www.europesays.com\/de\/wp-json\/wp\/v2\/media\/1283678"}],"wp:attachment":[{"href":"https:\/\/www.europesays.com\/de\/wp-json\/wp\/v2\/media?parent=1283677"}],"wp:term":[{"taxonomy":"category","embeddable":true,"href":"https:\/\/www.europesays.com\/de\/wp-json\/wp\/v2\/categories?post=1283677"},{"taxonomy":"post_tag","embeddable":true,"href":"https:\/\/www.europesays.com\/de\/wp-json\/wp\/v2\/tags?post=1283677"}],"curies":[{"name":"wp","href":"https:\/\/api.w.org\/{rel}","templated":true}]}}