{"id":1283710,"date":"2026-09-06T06:07:20","date_gmt":"2026-09-06T06:07:20","guid":{"rendered":"https:\/\/www.europesays.com\/de\/1283710\/"},"modified":"2026-09-06T06:07:20","modified_gmt":"2026-09-06T06:07:20","slug":"es-geht-um-ethan-nwaneri-niko-kovac-verraet-transfergeheimnis-von-borussia-dortmund","status":"publish","type":"post","link":"https:\/\/www.europesays.com\/de\/1283710\/","title":{"rendered":"Es geht um Ethan Nwaneri: Niko Kovac verr\u00e4t Transfergeheimnis von Borussia Dortmund"},"content":{"rendered":"<p>Niko Kovac hat ein Transfergeheimnis des BVB aus der letzten Saison ausgeplaudert. Unterdessen lobt Ole Book St\u00fcrmer Fabio Silva und berichtet von intensiven Gespr\u00e4chen in den vergangenen Wochen. News und Ger\u00fcchte zu Borussia Dortmund.<\/p>\n<p><b><strong>Mehr News und Ger\u00fcchte zum BVB:<\/strong><\/b>BVB, News: Niko Kovac l\u00fcftet Transfergeheimnis von Borussia Dortmund<\/p>\n<p>Als sich Neuzugang Giannis Konstantelias gleich im ersten Ligaspiel der neuen Saison gegen den Hamburger SV einen Kreuzbandriss zuzog, musste der BVB kurzfristig reagieren. <a href=\"https:\/\/www.spox.com\/fussball\/news\/zum-schnaeppchenpreis-bvb-holt-rekordspieler-vom-fc-arsenal-als-ersatz-fuer-verletzten-giannis-konstantelias\/blt5b0d7a2b224d8837\" rel=\"nofollow noopener\" target=\"_blank\" data-affiliate-type=\"NONE\">Die Dortmunder fanden eine L\u00f6sung und holten Ethan Nwaneri per Leihe vom FC Arsenal.<\/a><\/p>\n<p>Nun verriet Niko Kovac gegen\u00fcber Sky, dass der offensive Mittelfeldspieler schon in der vergangenen Saison ein Wunschkandidat in Dortmund gewesen war. &#8222;Ein super Spieler, den wir in der vergangenen Saison schon gerne zu uns geholt h\u00e4tten. Er bringt neben seiner Dribbelst\u00e4rke eine gewisse Robustheit mit und wird uns definitiv weiterhelfen.&#8220;<\/p>\n<p>Auch Sky-Experte Didi Hamann ist von Nwaneris Qualit\u00e4ten \u00fcberzeugt und sieht in dem Engl\u00e4nder eine vielversprechende Verst\u00e4rkung f\u00fcr den BVB. &#8222;Wenn du mit 15 Jahren dein Premier-League-Deb\u00fct feierst, bist du ein unfassbares Talent. Trotzdem konnte er sich beim FC Arsenal bislang noch nicht durchsetzen. Die Dortmunder sind in der Lage, das Beste aus dem Jungen herauszuholen. Ich freue mich auf Nwaneri in der Bundesliga und bin davon \u00fcberzeugt, dass es ein hervorragender Transfer f\u00fcr den BVB ist.\u201c<\/p>\n<p><a href=\"https:\/\/www.spox.com\/fussball\/news\/bvb-noten-und-einzelkritiken-zu-borussia-dortmund-bei-der-tsg-1899-hoffenheim-ein-joker-liefert-ein-trio-traegt-das-team-zum-sieg\/bltfe99753d388fa734\" rel=\"nofollow noopener\" target=\"_blank\" data-affiliate-type=\"NONE\">Viel Zeit zur Eingew\u00f6hnung blieb Nwaneri nicht. Bereits am Samstag feierte der 19-J\u00e4hrige beim 3:2-Sieg gegen die TSG Hoffenheim sein Deb\u00fct f\u00fcr die Schwarzgelben. In der 32. Minute kam er f\u00fcr den verletzten Filippo Mane ins Spiel und war am entscheidenden Siegtreffer beteiligt.<\/a><\/p>\n<p>Nwaneri ist damit einer von mehreren Neuzug\u00e4ngen, die den Dortmunder Kader in diesem Sommer verst\u00e4rkt haben. Neben ihm und Konstantelias verpflichtete der BVB auch Konstantinos Karetsas, Joey Veerman und Joane Gadou. Kovac zeigte sich entsprechend zufrieden mit der Transferperiode und betonte, dass die Dortmunder auf die Abg\u00e4nge gut reagiert h\u00e4tten. &#8222;Wir sind froh, dass wir dieses Jahr einiges machen und auf die Abg\u00e4nge reagieren konnten. Ich bin mit dem Kader sehr zufrieden und bin davon \u00fcberzeugt, dass wir den n\u00e4chsten Schritt gehen werden.&#8220;<\/p>\n<p><img class=\"fco-image__image\" alt=\"Kovac &amp; Nwaneri\"   loading=\"lazy\" decoding=\"async\" fetchpriority=\"auto\" width=\"1600\" height=\"900\" src=\"https:\/\/www.europesays.com\/de\/wp-content\/uploads\/2026\/09\/GettyImages-2293125789 (1).jpg\" style=\"aspect-ratio:1600 \/ 900;width:100%;height:100%\"\/>Getty ImagesBVB, News &#8211; Ole Book mit Lob f\u00fcr Fabio Silva: &#8222;F\u00fcr uns alle ein sehr positiver Schritt&#8220;<\/p>\n<p>Fabio Silva hat einige turbulente Wochen hinter sich. Lange galt der Portugiese als m\u00f6glicher Verkaufskandidat, nachdem er sich in seiner ersten Saison bei Borussia Dortmund unter Niko Kovac nicht durchsetzen konnte. Doch Silva blieb &#8211; und sendete beim 3:2-Comebacksieg gegen die TSG Hoffenheim ein deutliches Signal.<\/p>\n<p>Der 22-J\u00e4hrige erzielte den Treffer zum 2:2 selbst und hatte auch beim entscheidenden 3:2 seine F\u00fc\u00dfe im Spiel. F\u00fcr seinen Umgang mit der schwierigen Situation erhielt Silva anschlie\u00dfend Lob von Sportdirektor Ole Book: &#8222;In der vergangenen Woche war er im Training sehr positiv. Wir haben viele Gespr\u00e4che gef\u00fchrt &#8211; darunter auch einige intensive, sehr offene und ehrliche. Das geh\u00f6rt ebenfalls dazu, wenn man als Gruppe zusammenarbeitet und zusammenlebt. Wenn ein Spieler so reagiert, alle bereit sind, aufeinander zuzugehen, und er dann auf dem Platz eine solche Leistung zeigt und f\u00fcr diese Art von Impuls sorgt, ist das f\u00fcr uns alle ein sehr positiver Schritt.&#8220;<\/p>\n<p>Silva soll vor der Transferdeadline einen Wechsel abgelehnt haben und stattdessen um seinen Platz in der Startelf in Dortmund k\u00e4mpfen wollen. Diese Entscheidung soll sogar Auswirkungen auf die Transferplanung der Dortmunder gehabt haben: <a href=\"https:\/\/www.spox.com\/fussball\/news\/niko-kovac-wollte-dfb-star-zum-bvb-holen-wegen-diesem-stuermer-platzte-offenbar-ein-last-minute-deal\/blt25b2ca06a4a31d6a\" rel=\"nofollow noopener\" target=\"_blank\" data-affiliate-type=\"NONE\">Ein m\u00f6glicher Wechsel von VfB-Stuttgart-Profi Jamie Leweling nach Dortmund sei dadurch ins Wasser gefallen.<\/a> Hinter Serhou Guirassy bleibt Silva vorerst dennoch die zweite Wahl im Sturm.<\/p>\n<p><img class=\"fco-image__image\" alt=\"Fabio Silva\"   loading=\"lazy\" decoding=\"async\" fetchpriority=\"auto\" width=\"1600\" height=\"900\" src=\"https:\/\/www.europesays.com\/de\/wp-content\/uploads\/2026\/09\/1788674839_1_1600.jpg\" style=\"aspect-ratio:1600 \/ 900;width:100%;height:100%\"\/>Getty ImagesBVB, News: Niko Kovac stellt Bestmarke auf<\/p>\n<p>Lars Ricken \u00fcberbrachte h\u00f6chstpers\u00f6nlich die Jubil\u00e4ums-Gl\u00fcckw\u00fcnsche an Niko Kovac. &#8222;Es gab eine kleine Umarmung in der Kabine&#8220;, berichtete der Sport-Gesch\u00e4ftsf\u00fchrer\u00a0vom herzlichen Zusammentreffen mit seinem Coach nach dem 3:2 (0:1) bei der TSG Hoffenheim: &#8222;107 Punkte nach 50 Spielen hatte noch kein Trainer bei uns &#8211; gro\u00dfes Kompliment.&#8220;<\/p>\n<p>Kovac wollte im Anschluss an den gl\u00fccklichen Sieg am zweiten Spieltag der Fu\u00dfball-Bundesliga allerdings keine gro\u00dfe Sache aus seiner Bestmarke machen. &#8222;Die Statistik ist jetzt die, die sie ist&#8220;, sagte der Ex-Profi: &#8222;Wenn ich nicht mehr da bin, wird es ein anderer besser machen. Ich nehme die Blumen mit, aber mehr ist es nicht.&#8220;<\/p>\n<p><img class=\"fco-image__image\" alt=\"FBL-GER-BUNDESLIGA-HOFFENHEIM-DORTMUND\"   loading=\"lazy\" decoding=\"async\" fetchpriority=\"auto\" width=\"4845\" height=\"3446\" src=\"https:\/\/www.europesays.com\/de\/wp-content\/uploads\/2026\/09\/GettyImages-2293092687.jpg\" style=\"aspect-ratio:4845 \/ 3446;width:100%;height:100%\"\/>Getty ImagesBVB, Spielplan: Die n\u00e4chsten Spiele von Borussia Dortmund<\/p>\n<tr>\n<td>\n<p><b><strong>Datum<\/strong><\/b><\/p>\n<\/td>\n<td>\n<p><b><strong>Wettbewerb<\/strong><\/b><\/p>\n<\/td>\n<td>\n<p><b><strong>Spiel<\/strong><\/b><\/p>\n<\/td>\n<\/tr>\n<tr>\n<td>\n<p>Dienstag, 8. September (21 Uhr)<\/p>\n<\/td>\n<td>\n<p>Champions League, 1. Spieltag<\/p>\n<\/td>\n<td>\n<p>Borussia Dortmund vs. Villarreal<\/p>\n<\/td>\n<\/tr>\n<tr>\n<td>\n<p>Samstag, 12. September (15.30 Uhr)<\/p>\n<\/td>\n<td>\n<p>Bundesliga<\/p>\n<\/td>\n<td>\n<p>Borussia Dortmund vs. SC Paderborn<\/p>\n<\/td>\n<\/tr>\n<tr>\n<td>\n<p>Samstag, 19. September (18.30 Uhr)<\/p>\n<\/td>\n<td>\n<p>Bundesliga<\/p>\n<\/td>\n<td>\n<p>VfB Stuttgart vs. Borussia Dortmund<\/p>\n<\/td>\n<\/tr>\n","protected":false},"excerpt":{"rendered":"Niko Kovac hat ein Transfergeheimnis des BVB aus der letzten Saison ausgeplaudert. Unterdessen lobt Ole Book St\u00fcrmer Fabio&hellip;\n","protected":false},"author":2,"featured_media":1283711,"comment_status":"","ping_status":"","sticky":false,"template":"","format":"standard","meta":{"footnotes":"","_share_on_mastodon":"0"},"categories":[1833],"tags":[888,299,3364,29,217,264035,92014,347,30,1209,4604],"class_list":["post-1283710","post","type-post","status-publish","format-standard","has-post-thumbnail","category-dortmund","tag-borussia-dortmund","tag-bundesliga","tag-de","tag-deutschland","tag-dortmund","tag-e-nwaneri","tag-f-silva","tag-fussball","tag-germany","tag-nordrhein-westfalen","tag-soccer"],"share_on_mastodon":{"url":"https:\/\/pubeurope.com\/@de\/117222601518733481","error":""},"_links":{"self":[{"href":"https:\/\/www.europesays.com\/de\/wp-json\/wp\/v2\/posts\/1283710","targetHints":{"allow":["GET"]}}],"collection":[{"href":"https:\/\/www.europesays.com\/de\/wp-json\/wp\/v2\/posts"}],"about":[{"href":"https:\/\/www.europesays.com\/de\/wp-json\/wp\/v2\/types\/post"}],"author":[{"embeddable":true,"href":"https:\/\/www.europesays.com\/de\/wp-json\/wp\/v2\/users\/2"}],"replies":[{"embeddable":true,"href":"https:\/\/www.europesays.com\/de\/wp-json\/wp\/v2\/comments?post=1283710"}],"version-history":[{"count":0,"href":"https:\/\/www.europesays.com\/de\/wp-json\/wp\/v2\/posts\/1283710\/revisions"}],"wp:featuredmedia":[{"embeddable":true,"href":"https:\/\/www.europesays.com\/de\/wp-json\/wp\/v2\/media\/1283711"}],"wp:attachment":[{"href":"https:\/\/www.europesays.com\/de\/wp-json\/wp\/v2\/media?parent=1283710"}],"wp:term":[{"taxonomy":"category","embeddable":true,"href":"https:\/\/www.europesays.com\/de\/wp-json\/wp\/v2\/categories?post=1283710"},{"taxonomy":"post_tag","embeddable":true,"href":"https:\/\/www.europesays.com\/de\/wp-json\/wp\/v2\/tags?post=1283710"}],"curies":[{"name":"wp","href":"https:\/\/api.w.org\/{rel}","templated":true}]}}