{"id":1283719,"date":"2026-09-06T06:12:12","date_gmt":"2026-09-06T06:12:12","guid":{"rendered":"https:\/\/www.europesays.com\/de\/1283719\/"},"modified":"2026-09-06T06:12:12","modified_gmt":"2026-09-06T06:12:12","slug":"angriff-in-stuttgart-frau-erliegt-verletzungen-nach-attacke-im-einkaufszentrum-2","status":"publish","type":"post","link":"https:\/\/www.europesays.com\/de\/1283719\/","title":{"rendered":"Angriff in Stuttgart: Frau erliegt Verletzungen nach Attacke im Einkaufszentrum"},"content":{"rendered":"<p class=\"mb-6 text-xs-varying md:text-m lg:text-l font-serif group-[.font-sans]:font-sans \">\n    Eine 47-j\u00e4hrige Frau ist nach einem schweren <a href=\"https:\/\/www.ka-news.de\/baden-wuerttemberg\/blaulicht\/kriminalitaet-frau-in-einkaufszentrum-niedergestochen-und-angezuendet-114849714\" target=\"_self\" class=\"underline \" rel=\"nofollow noopener\">Angriff in einem Einkaufszentrum am Mail\u00e4nder Platz in Stuttgart-Mitte gestorben (ka-news berichtete)<\/a>. Das teilten die Staatsanwaltschaft Stuttgart und die Polizei mit. Die Frau erlag am 2. September 2026 ihren schweren Verletzungen. Tatverd\u00e4chtig ist ihr 54 Jahre alter, getrennt lebender Ehemann. Gegen ihn war bereits Haftbefehl wegen versuchten Mordes erlassen worden.\n  <\/p>\n<p>            Opfer stirbt im Krankenhaus an schweren Verletzungen<\/p>\n<p class=\"mb-6 text-xs-varying md:text-m lg:text-l font-serif group-[.font-sans]:font-sans \">\n    Nach bisherigen Ermittlungen hatte der 54-J\u00e4hrige die Frau am 23. Juli 2026 an ihrem Arbeitsplatz in dem Einkaufszentrum aufgesucht. Er soll die 47-J\u00e4hrige mit einem Messer angegriffen und anschlie\u00dfend in Brand gesetzt haben. Mehrere Zeugen hatten gegen 10.15 Uhr eine schwer verletzte Frau gemeldet. Zeugen gelang es laut Polizei, das Feuer mit einem Feuerl\u00f6scher zu l\u00f6schen.\n  <\/p>\n<p class=\"mb-6 text-xs-varying md:text-m lg:text-l font-serif group-[.font-sans]:font-sans \">\n    Rettungskr\u00e4fte brachten die Frau in ein Krankenhaus, wo sie intensivmedizinisch behandelt wurde. Ihr Zustand blieb zun\u00e4chst kritisch. Am 2. September starb sie laut Polizei an den Folgen ihrer Verletzungen. Eine Obduktion des Leichnams war f\u00fcr Donnerstag, 3. September 2026, vorgesehen.\n  <\/p>\n<p>            Polizei fasst Verd\u00e4chtigen im Wald bei Stuttgart-Sillenbuch<\/p>\n<p class=\"mb-6 text-xs-varying md:text-m lg:text-l font-serif group-[.font-sans]:font-sans \">\n    Der Mann war nach dem Angriff zun\u00e4chst gefl\u00fcchtet. Bei der Fahndung setzte die Polizei auch einen Hubschrauber ein. Polizeibeamte nahmen den 54-J\u00e4hrigen nach knapp zwei Stunden Flucht gegen 12.10 Uhr widerstandslos in einem Waldst\u00fcck im Bereich Stuttgart-Sillenbuch fest.\n  <\/p>\n<p class=\"mb-6 text-xs-varying md:text-m lg:text-l font-serif group-[.font-sans]:font-sans \">\n    Ein Haftrichter hatte am 24. Juli auf Antrag der Staatsanwaltschaft Stuttgart Haftbefehl wegen versuchten Mordes gegen den deutschen Staatsangeh\u00f6rigen erlassen. Der Mann war laut Polizei bereits wegen kleinerer Delikte polizeibekannt.\n  <\/p>\n<p>            Polizei meldet fr\u00fcheren Partnerschaftsgewalt-Vorfall<\/p>\n<p class=\"mb-6 text-xs-varying md:text-m lg:text-l font-serif group-[.font-sans]:font-sans \">\n    Die Frau und der Tatverd\u00e4chtige waren verheiratet, lebten nach Angaben der Ermittler aber getrennt. Mitte Juni hatte es bereits einen Vorfall von Partnerschaftsgewalt gegeben. Dabei wurde die Frau leicht verletzt. Daraufhin war gegen den Mann ein gerichtliches Kontakt- und Ann\u00e4herungsverbot nach dem Gewaltschutzgesetz verh\u00e4ngt worden. Er durfte sich demnach weder der Frau noch ihrer Arbeitsstelle n\u00e4hern. Bis zum Angriff am 23. Juli lagen laut Polizei keine Hinweise vor, dass der 54-J\u00e4hrige gegen dieses Verbot versto\u00dfen haben k\u00f6nnte.\n  <\/p>\n","protected":false},"excerpt":{"rendered":"Eine 47-j\u00e4hrige Frau ist nach einem schweren Angriff in einem Einkaufszentrum am Mail\u00e4nder Platz in Stuttgart-Mitte gestorben (ka-news&hellip;\n","protected":false},"author":2,"featured_media":1281535,"comment_status":"","ping_status":"","sticky":false,"template":"","format":"standard","meta":{"footnotes":"","_share_on_mastodon":"0"},"categories":[1830],"tags":[2140,1634,3364,29,10541,30,2954,12251,121,1997,1441,18960],"class_list":["post-1283719","post","type-post","status-publish","format-standard","has-post-thumbnail","category-stuttgart","tag-angriff","tag-baden-wuerttemberg","tag-de","tag-deutschland","tag-einkaufszentrum","tag-germany","tag-hubschrauber","tag-obduktion","tag-polizei","tag-staatsanwaltschaft","tag-stuttgart","tag-stuttgart-mitte"],"share_on_mastodon":{"url":"https:\/\/pubeurope.com\/@de\/117222621018402929","error":""},"_links":{"self":[{"href":"https:\/\/www.europesays.com\/de\/wp-json\/wp\/v2\/posts\/1283719","targetHints":{"allow":["GET"]}}],"collection":[{"href":"https:\/\/www.europesays.com\/de\/wp-json\/wp\/v2\/posts"}],"about":[{"href":"https:\/\/www.europesays.com\/de\/wp-json\/wp\/v2\/types\/post"}],"author":[{"embeddable":true,"href":"https:\/\/www.europesays.com\/de\/wp-json\/wp\/v2\/users\/2"}],"replies":[{"embeddable":true,"href":"https:\/\/www.europesays.com\/de\/wp-json\/wp\/v2\/comments?post=1283719"}],"version-history":[{"count":0,"href":"https:\/\/www.europesays.com\/de\/wp-json\/wp\/v2\/posts\/1283719\/revisions"}],"wp:featuredmedia":[{"embeddable":true,"href":"https:\/\/www.europesays.com\/de\/wp-json\/wp\/v2\/media\/1281535"}],"wp:attachment":[{"href":"https:\/\/www.europesays.com\/de\/wp-json\/wp\/v2\/media?parent=1283719"}],"wp:term":[{"taxonomy":"category","embeddable":true,"href":"https:\/\/www.europesays.com\/de\/wp-json\/wp\/v2\/categories?post=1283719"},{"taxonomy":"post_tag","embeddable":true,"href":"https:\/\/www.europesays.com\/de\/wp-json\/wp\/v2\/tags?post=1283719"}],"curies":[{"name":"wp","href":"https:\/\/api.w.org\/{rel}","templated":true}]}}