{"id":1283774,"date":"2026-09-06T06:49:55","date_gmt":"2026-09-06T06:49:55","guid":{"rendered":"https:\/\/www.europesays.com\/de\/1283774\/"},"modified":"2026-09-06T06:49:55","modified_gmt":"2026-09-06T06:49:55","slug":"ausbildungsstart-bei-der-aseag-euregio-aktuell","status":"publish","type":"post","link":"https:\/\/www.europesays.com\/de\/1283774\/","title":{"rendered":"Ausbildungsstart bei der ASEAG &#8211; Euregio Aktuell"},"content":{"rendered":"<p class=\"wp-block-paragraph\">Aachen. Vier junge Menschen haben am 1. September 2026 ihre Ausbildung bei der ASEAG begonnen. Drei von ihnen starten die Ausbildung zur Fachkraft im Fahrbetrieb, einer beginnt die Ausbildung zum Kraftfahrzeugmechatroniker. Der erste Tag war prall gef\u00fcllt mit einem ersten Kennenlernen, einer Betriebsf\u00fchrung und dem Einstieg in die eigenen Ausbildungsbereiche. \u00a0<\/p>\n<p class=\"wp-block-paragraph\">Alexander Lemmen, Ausbilder bei der ASEAG, betonte: \u201eAm ersten Tag ist die Aufregung den Neuen richtig anzusehen, aber auch die Motivation. Genau das ist die beste Voraussetzung, um bei uns durchzustarten. Wir freuen uns, die vier jetzt mit an Bord zu haben.\u201c<\/p>\n<p class=\"wp-block-paragraph\"><strong>Die Ausbildung zur Fachkraft im Fahrbetrieb\u00a0<\/strong><\/p>\n<p class=\"wp-block-paragraph\">Die Ausbildung zur Fachkraft im Fahrbetrieb ist mehr als reines Busfahren: Die Azubis lernen den gesamten Betrieb aus verschiedenen Blickwinkeln kennen. Die Azubis durchlaufen w\u00e4hrend ihrer Ausbildung verschiedene Unternehmensbereiche wie Werkstatt, Kundenservice, Marketing sowie Betriebsplanung und -steuerung. Sie wirken auch an der Personalplanung mit. Dar\u00fcber hinaus erwerben sie die Fahrerlaubnis der Klasse D und bringen bereits w\u00e4hrend ihrer Ausbildung Fahrg\u00e4ste sicher an ihr Ziel. \u00a0<\/p>\n<p class=\"wp-block-paragraph\">\u201eWir nehmen die Azubis von Anfang an gut an die Hand und bereiten sie Schritt f\u00fcr Schritt auf das Busfahren vor. Bis dahin ist es zwar noch ein St\u00fcck Weg, aber wenn die ersten dann wirklich alleine losfahren, ist das f\u00fcr alle ein besonderer Moment\u201c, erkl\u00e4rt Christof Extra, Fahrschulleiter bei der ASEAG.\u00a0<\/p>\n<p class=\"wp-block-paragraph\"><strong>Die Ausbildung zum Kraftfahrzeugmechatroniker<\/strong><\/p>\n<p class=\"wp-block-paragraph\">Die zuk\u00fcnftigen Kraftfahrzeugmechatroniker spezialisieren sich auf die Nutzfahrzeugtechnik und verbringen einen Gro\u00dfteil ihrer Ausbildungszeit in der Fahrzeugwerkstatt. Dort erwerben sie Kenntnisse in Mechanik, Elektronik, Hydraulik und Pneumatik, warten und reparieren die Busse der ASEAG und setzen computergest\u00fctzte Mess- und Pr\u00fcfger\u00e4te zur Fehlerdiagnose ein. Auch die Pr\u00fcfung der Fahrzeuge auf Verkehrssicherheit geh\u00f6rt zu ihrem Aufgabenbereich.\u00a0<\/p>\n<p class=\"wp-block-paragraph\">Die ASEAG freut sich, wieder neue Auszubildende im Unternehmen begr\u00fc\u00dfen zu d\u00fcrfen. Weitere Informationen zur Ausbildung bei der ASEAG sowie die M\u00f6glichkeit einer Schnellbewerbung finden Interessierte unter <strong><a href=\"https:\/\/karriere.aseag.de\/ausbildung\" target=\"_blank\" rel=\"noreferrer noopener nofollow\">karriere.aseag.de\/ausbildung<\/a><\/strong>.\u00a0<\/p>\n","protected":false},"excerpt":{"rendered":"Aachen. Vier junge Menschen haben am 1. September 2026 ihre Ausbildung bei der ASEAG begonnen. Drei von ihnen&hellip;\n","protected":false},"author":2,"featured_media":1283775,"comment_status":"","ping_status":"","sticky":false,"template":"","format":"standard","meta":{"footnotes":"","_share_on_mastodon":"0"},"categories":[1853],"tags":[89192,30837,1424,264744,3886,630,3364,29,548,663,3934,22554,30,13,1942,14,15,1209,12],"class_list":["post-1283774","post","type-post","status-publish","format-standard","has-post-thumbnail","category-aachen","tag-ausbildungsstart","tag-azubis","tag-aachen","tag-aseag","tag-ausbildung","tag-beruf","tag-de","tag-deutschland","tag-eu","tag-europa","tag-europe","tag-fachkraefte","tag-germany","tag-headlines","tag-job","tag-nachrichten","tag-news","tag-nordrhein-westfalen","tag-schlagzeilen"],"share_on_mastodon":{"url":"https:\/\/pubeurope.com\/@de\/117222770266580235","error":""},"_links":{"self":[{"href":"https:\/\/www.europesays.com\/de\/wp-json\/wp\/v2\/posts\/1283774","targetHints":{"allow":["GET"]}}],"collection":[{"href":"https:\/\/www.europesays.com\/de\/wp-json\/wp\/v2\/posts"}],"about":[{"href":"https:\/\/www.europesays.com\/de\/wp-json\/wp\/v2\/types\/post"}],"author":[{"embeddable":true,"href":"https:\/\/www.europesays.com\/de\/wp-json\/wp\/v2\/users\/2"}],"replies":[{"embeddable":true,"href":"https:\/\/www.europesays.com\/de\/wp-json\/wp\/v2\/comments?post=1283774"}],"version-history":[{"count":0,"href":"https:\/\/www.europesays.com\/de\/wp-json\/wp\/v2\/posts\/1283774\/revisions"}],"wp:featuredmedia":[{"embeddable":true,"href":"https:\/\/www.europesays.com\/de\/wp-json\/wp\/v2\/media\/1283775"}],"wp:attachment":[{"href":"https:\/\/www.europesays.com\/de\/wp-json\/wp\/v2\/media?parent=1283774"}],"wp:term":[{"taxonomy":"category","embeddable":true,"href":"https:\/\/www.europesays.com\/de\/wp-json\/wp\/v2\/categories?post=1283774"},{"taxonomy":"post_tag","embeddable":true,"href":"https:\/\/www.europesays.com\/de\/wp-json\/wp\/v2\/tags?post=1283774"}],"curies":[{"name":"wp","href":"https:\/\/api.w.org\/{rel}","templated":true}]}}