{"id":1283787,"date":"2026-09-06T07:00:37","date_gmt":"2026-09-06T07:00:37","guid":{"rendered":"https:\/\/www.europesays.com\/de\/1283787\/"},"modified":"2026-09-06T07:00:37","modified_gmt":"2026-09-06T07:00:37","slug":"freibad-am-willersinnweiher-wenige-besucher-trotz-hitzesommer-ludwigshafen","status":"publish","type":"post","link":"https:\/\/www.europesays.com\/de\/1283787\/","title":{"rendered":"Freibad am Willersinnweiher: Wenige Besucher trotz Hitzesommer &#8211; Ludwigshafen"},"content":{"rendered":"<p class=\"rhp-dpa-teaser\"><b>Obwohl der Sommer der Pfalz so viele Hitzetage beschert hat wie kein zweiter, ist die Saison im Freibad am Willersinnweiher mit einer mageren Besucherbilanz zu Ende gegangen.<\/b><\/p>\n<p>Am vergangenen Mittwoch hat das Freibad am Willersinnweiher nach gut drei Monaten seine Pforten geschlossen. Nach dem traditionellen Hundeschwimmen am ersten September-Wochenende geht das Bad jetzt in die Winterpause. Mit einer \u00fcberraschend schlechten Besucherbilanz: Insgesamt wurden im \u00f6ffentlichen Badebetrieb im Sommer 2026 nur rund 87.800 Badeg\u00e4ste gez\u00e4hlt, wie eine Sprecherin der Verwaltung auf Anfrage der RHEINPFALZ mitgeteilt hat.<\/p>\n<p class=\"rhp-teaser\"><b>Obwohl der Sommer der Pfalz so viele Hitzetage beschert hat wie kein zweiter, ist die Saison im Freibad am Willersinnweiher mit einer mageren Besucherbilanz zu Ende gegangen.<\/b><\/p>\n","protected":false},"excerpt":{"rendered":"Obwohl der Sommer der Pfalz so viele Hitzetage beschert hat wie kein zweiter, ist die Saison im Freibad&hellip;\n","protected":false},"author":2,"featured_media":1283788,"comment_status":"","ping_status":"","sticky":false,"template":"","format":"standard","meta":{"footnotes":"","_share_on_mastodon":"0"},"categories":[1845],"tags":[1634,3364,29,548,663,3934,38692,30,13,25476,2096,14,15,58004,16935,30446,12,111899],"class_list":["post-1283787","post","type-post","status-publish","format-standard","has-post-thumbnail","category-mannheim","tag-baden-wuerttemberg","tag-de","tag-deutschland","tag-eu","tag-europa","tag-europe","tag-friesenheim","tag-germany","tag-headlines","tag-ludwigshafen","tag-mannheim","tag-nachrichten","tag-news","tag-oppau","tag-pfalz","tag-rheinpfalz","tag-schlagzeilen","tag-web"],"share_on_mastodon":{"url":"","error":""},"_links":{"self":[{"href":"https:\/\/www.europesays.com\/de\/wp-json\/wp\/v2\/posts\/1283787","targetHints":{"allow":["GET"]}}],"collection":[{"href":"https:\/\/www.europesays.com\/de\/wp-json\/wp\/v2\/posts"}],"about":[{"href":"https:\/\/www.europesays.com\/de\/wp-json\/wp\/v2\/types\/post"}],"author":[{"embeddable":true,"href":"https:\/\/www.europesays.com\/de\/wp-json\/wp\/v2\/users\/2"}],"replies":[{"embeddable":true,"href":"https:\/\/www.europesays.com\/de\/wp-json\/wp\/v2\/comments?post=1283787"}],"version-history":[{"count":0,"href":"https:\/\/www.europesays.com\/de\/wp-json\/wp\/v2\/posts\/1283787\/revisions"}],"wp:featuredmedia":[{"embeddable":true,"href":"https:\/\/www.europesays.com\/de\/wp-json\/wp\/v2\/media\/1283788"}],"wp:attachment":[{"href":"https:\/\/www.europesays.com\/de\/wp-json\/wp\/v2\/media?parent=1283787"}],"wp:term":[{"taxonomy":"category","embeddable":true,"href":"https:\/\/www.europesays.com\/de\/wp-json\/wp\/v2\/categories?post=1283787"},{"taxonomy":"post_tag","embeddable":true,"href":"https:\/\/www.europesays.com\/de\/wp-json\/wp\/v2\/tags?post=1283787"}],"curies":[{"name":"wp","href":"https:\/\/api.w.org\/{rel}","templated":true}]}}