{"id":1283789,"date":"2026-09-06T07:02:24","date_gmt":"2026-09-06T07:02:24","guid":{"rendered":"https:\/\/www.europesays.com\/de\/1283789\/"},"modified":"2026-09-06T07:02:24","modified_gmt":"2026-09-06T07:02:24","slug":"lebkuchen-im-sommer-weihnachtsgebaeck-bei-rewe-karlsruhe-ausverkauft-2","status":"publish","type":"post","link":"https:\/\/www.europesays.com\/de\/1283789\/","title":{"rendered":"Lebkuchen im Sommer: Weihnachtsgeb\u00e4ck bei Rewe Karlsruhe ausverkauft"},"content":{"rendered":"<p class=\"mb-6 text-xs-varying md:text-m lg:text-l font-serif group-[.font-sans]:font-sans \">\n    W\u00e4hrend so mancher im Sommerurlaub ist, \u00fcberspringt ein Rewe-Markt in der Karlsruher Oststadt eine ganze Jahreszeit: Marktleiter Heiko H\u00e4ge hat sein Sortiment mitten im Hochsommer auf Weihnachten umgestellt. <strong class=\"font-bold\">Seit Juli stehen dort Lebkuchen, Spekulatius und Tee mit Zimt in den Regalen.<\/strong> Die Kundschaft sei zwar gespalten, nehme das Angebot aber an. <strong class=\"font-bold\">Spekulatius seien nach Angaben H\u00e4ges gegen\u00fcber der Redaktion innerhalb von zehn Tagen ausverkauft gewesen.<\/strong>\n  <\/p>\n<p>    <img decoding=\"async\" src=\"https:\/\/www.europesays.com\/de\/wp-content\/uploads\/2026\/09\/screenshot-2026-08-31-142306.png\" alt=\"In Karlsruhe gibt es bereits im Sommer Lebkuchen und Weihnachtsprodukte im Rewe-Sortiment.\" title=\"In Karlsruhe gibt es bereits im Sommer Lebkuchen und Weihnachtsprodukte im Rewe-Sortiment.\" loading=\"lazy\" class=\"h-full w-full object-cover\"\/><\/p>\n<p>      Icon vergr\u00f6\u00dfern<\/p>\n<p>    In Karlsruhe gibt es bereits im Sommer Lebkuchen und Weihnachtsprodukte im Rewe-Sortiment.<br \/>\n    Foto: Thomas Riedel<\/p>\n<p>        Schlie\u00dfen <\/p>\n<p>      Icon Schlie\u00dfen<\/p>\n<p>        Icon vergr\u00f6\u00dfern<\/p>\n<p>        Icon verkleinern<\/p>\n<p>      Icon Pfeil bewegen<\/p>\n<p>    In Karlsruhe gibt es bereits im Sommer Lebkuchen und Weihnachtsprodukte im Rewe-Sortiment.<br \/>\n    Foto: Thomas Riedel<\/p>\n<p class=\"mb-6 text-xs-varying md:text-m lg:text-l font-serif group-[.font-sans]:font-sans \">\n    Doch treffen diese Produkte im Sommer tats\u00e4chlich den Geschmack der Kundschaft? K\u00f6nnen Lebkuchen mit Aprikosenkonfit\u00fcre, gebackene Spekulatius oder<strong class=\"font-bold\"> hei\u00dfer Kamillentee bei knapp 40 Grad<\/strong>, die w\u00e4hrend der Hitzewelle in <a href=\"https:\/\/www.ka-news.de\/karlsruhe\" target=\"_self\" class=\"underline \" rel=\"nofollow noopener\">Karlsruhe<\/a> herrschten, \u00fcberzeugen?\n  <\/p>\n<p>    Liebe ka-news-Leser: Wir wollen wissen, was Ihr denkt!<\/p>\n<p class=\"mb-6 text-xs-varying md:text-m lg:text-l font-serif group-[.font-sans]:font-sans \">\n    Wir wollen von Euch wissen:\u00a0Was haltet Ihr davon, dass einige Superm\u00e4rkte schon im Sommer Weihnachtsgeb\u00e4ck ins Sortiment nehmen? W\u00fcrdet Ihr Lebkuchen oder Spekulatius bereits jetzt in den Einkaufswagen legen? Und womit k\u00f6nnt Ihr Euch eher anfreunden:\u00a0<strong class=\"font-bold\">Lebkuchen oder Spekulatius<\/strong>?\n  <\/p>\n<p class=\"mb-6 text-xs-varying md:text-m lg:text-l font-serif group-[.font-sans]:font-sans \">\n    Schreibt uns Eure Meinung in die Kommentare oder schickt sie uns per Mail an\u00a0<a href=\"https:\/\/www.ka-news.de\/karlsruhe\/gastro-und-handel\/mailto:redaktion@ka-news.de\" rel=\"nofollow noopener\" target=\"_blank\" class=\"underline \">redaktion@ka-news.de<\/a>, \u00fcber unser\u00a0<a href=\"https:\/\/einsendeportal.ka-news.de\/\" rel=\"nofollow noopener\" target=\"_blank\" class=\"underline \">Einsendeportal<\/a>\u00a0oder per\u00a0<a href=\"https:\/\/www.facebook.com\/kanews.de\/?locale=de_DE\" rel=\"nofollow noopener\" target=\"_blank\" class=\"underline \">Facebook<\/a>\u00a0und\u00a0<a href=\"https:\/\/www.instagram.com\/kanews.de\/\" rel=\"nofollow noopener\" target=\"_blank\" class=\"underline \">Instagram<\/a>. Wir freuen uns!\n  <\/p>\n<p>    <img decoding=\"async\" src=\"https:\/\/www.europesays.com\/de\/wp-content\/uploads\/2026\/09\/screenshot-2026-08-31-142255.png\" alt=\"In Karlsruhe gibt es bereits im Sommer Lebkuchen und Weihnachtsprodukte im Rewe-Sortiment.\" title=\"In Karlsruhe gibt es bereits im Sommer Lebkuchen und Weihnachtsprodukte im Rewe-Sortiment.\" loading=\"lazy\" class=\"h-full w-full object-cover\"\/><\/p>\n<p>      Icon vergr\u00f6\u00dfern<\/p>\n<p>    In Karlsruhe gibt es bereits im Sommer Lebkuchen und Weihnachtsprodukte im Rewe-Sortiment.<br \/>\n    Foto: Thomas Riedel<\/p>\n<p>        Schlie\u00dfen <\/p>\n<p>      Icon Schlie\u00dfen<\/p>\n<p>        Icon vergr\u00f6\u00dfern<\/p>\n<p>        Icon verkleinern<\/p>\n<p>      Icon Pfeil bewegen<\/p>\n<p>    In Karlsruhe gibt es bereits im Sommer Lebkuchen und Weihnachtsprodukte im Rewe-Sortiment.<br \/>\n    Foto: Thomas Riedel<\/p>\n<p>    <img decoding=\"async\" src=\"https:\/\/www.europesays.com\/de\/wp-content\/uploads\/2026\/09\/screenshot-2026-08-31-142231.png\" alt=\"In Karlsruhe gibt es bereits im Sommer Lebkuchen und Weihnachtsprodukte im Rewe-Sortiment.\" title=\"In Karlsruhe gibt es bereits im Sommer Lebkuchen und Weihnachtsprodukte im Rewe-Sortiment.\" loading=\"lazy\" class=\"h-full w-full object-cover\"\/><\/p>\n<p>      Icon vergr\u00f6\u00dfern<\/p>\n<p>    In Karlsruhe gibt es bereits im Sommer Lebkuchen und Weihnachtsprodukte im Rewe-Sortiment.<br \/>\n    Foto: Thomas Riedel<\/p>\n<p>        Schlie\u00dfen <\/p>\n<p>      Icon Schlie\u00dfen<\/p>\n<p>        Icon vergr\u00f6\u00dfern<\/p>\n<p>        Icon verkleinern<\/p>\n<p>      Icon Pfeil bewegen<\/p>\n<p>    In Karlsruhe gibt es bereits im Sommer Lebkuchen und Weihnachtsprodukte im Rewe-Sortiment.<br \/>\n    Foto: Thomas Riedel<\/p>\n<p>  <script async src=\"\/\/www.instagram.com\/embed.js\"><\/script><\/p>\n","protected":false},"excerpt":{"rendered":"W\u00e4hrend so mancher im Sommerurlaub ist, \u00fcberspringt ein Rewe-Markt in der Karlsruher Oststadt eine ganze Jahreszeit: Marktleiter Heiko&hellip;\n","protected":false},"author":2,"featured_media":1282197,"comment_status":"","ping_status":"","sticky":false,"template":"","format":"standard","meta":{"footnotes":"","_share_on_mastodon":"0"},"categories":[1844],"tags":[1634,3364,29,30,264495,18113,8903,105933,4077,872,105932,12289,114677],"class_list":["post-1283789","post","type-post","status-publish","format-standard","has-post-thumbnail","category-karlsruhe","tag-baden-wuerttemberg","tag-de","tag-deutschland","tag-germany","tag-heiko-haege","tag-hitzewelle","tag-karlsruhe","tag-lebkuchen","tag-oststadt","tag-rewe","tag-spekulatius","tag-weihnachten","tag-weihnachtsgebaeck"],"share_on_mastodon":{"url":"https:\/\/pubeurope.com\/@de\/117222820003797355","error":""},"_links":{"self":[{"href":"https:\/\/www.europesays.com\/de\/wp-json\/wp\/v2\/posts\/1283789","targetHints":{"allow":["GET"]}}],"collection":[{"href":"https:\/\/www.europesays.com\/de\/wp-json\/wp\/v2\/posts"}],"about":[{"href":"https:\/\/www.europesays.com\/de\/wp-json\/wp\/v2\/types\/post"}],"author":[{"embeddable":true,"href":"https:\/\/www.europesays.com\/de\/wp-json\/wp\/v2\/users\/2"}],"replies":[{"embeddable":true,"href":"https:\/\/www.europesays.com\/de\/wp-json\/wp\/v2\/comments?post=1283789"}],"version-history":[{"count":0,"href":"https:\/\/www.europesays.com\/de\/wp-json\/wp\/v2\/posts\/1283789\/revisions"}],"wp:featuredmedia":[{"embeddable":true,"href":"https:\/\/www.europesays.com\/de\/wp-json\/wp\/v2\/media\/1282197"}],"wp:attachment":[{"href":"https:\/\/www.europesays.com\/de\/wp-json\/wp\/v2\/media?parent=1283789"}],"wp:term":[{"taxonomy":"category","embeddable":true,"href":"https:\/\/www.europesays.com\/de\/wp-json\/wp\/v2\/categories?post=1283789"},{"taxonomy":"post_tag","embeddable":true,"href":"https:\/\/www.europesays.com\/de\/wp-json\/wp\/v2\/tags?post=1283789"}],"curies":[{"name":"wp","href":"https:\/\/api.w.org\/{rel}","templated":true}]}}