{"id":1283849,"date":"2026-09-06T07:49:35","date_gmt":"2026-09-06T07:49:35","guid":{"rendered":"https:\/\/www.europesays.com\/de\/1283849\/"},"modified":"2026-09-06T07:49:35","modified_gmt":"2026-09-06T07:49:35","slug":"zusammenstoss-auf-der-dortmunder-strasse-fuenf-menschen-verletzt-fahrer-zunaechst-in-lebensgefahr","status":"publish","type":"post","link":"https:\/\/www.europesays.com\/de\/1283849\/","title":{"rendered":"Zusammensto\u00df auf der Dortmunder Stra\u00dfe: F\u00fcnf Menschen verletzt\u00a0\u2013 Fahrer zun\u00e4chst in Lebensgefahr"},"content":{"rendered":"<ol class=\"id-DonaldBreadcrumb lp_west_breadcrumb id-DonaldBreadcrumb--default\" data-k5a-pos=\"west_breadcrumb\">\n<li class=\"id-Breadcrumb-item\"><a href=\"https:\/\/www.wa.de\/\" class=\"id-Breadcrumb-link\" data-id-ec=\"{\" shn=\"\" textlink=\"\" data-k5a-pos=\"1_waDe\" rel=\"nofollow noopener\" target=\"_blank\">wa.de<\/a><\/li>\n<li class=\"id-Breadcrumb-item\"><a href=\"https:\/\/www.wa.de\/hamm\/\" class=\"id-Breadcrumb-link\" data-id-ec=\"{\" shn=\"\" textlink=\"\" data-k5a-pos=\"2_hamm\" rel=\"nofollow noopener\" target=\"_blank\">Hamm<\/a><\/li>\n<\/ol>\n<p class=\"id-Story-timestamp id-Story-timestamp--default\">Stand: 06.09.2026, 07:50 Uhr<\/p>\n<p class=\"id-Story-authors id-Story-authors--default\">Von: <a class=\"id-Story-authors-link lp_west_author\" href=\"https:\/\/www.wa.de\/autor\/annika-ketzler-i0omsoblt.html\" title=\"Zur Autorenseite von Annika Ketzler\" data-id-ec=\"{\" shn=\"\" author-link=\"\" ketzler=\"\" data-k5a-pos=\"west_author\" rel=\"nofollow noopener\" target=\"_blank\">Annika Ketzler<\/a><\/p>\n<p class=\"id-Story-interactionBar id-Story-interactionBar--default\">DruckenTeilen<\/p>\n<p><a href=\"https:\/\/profile.google.com\/cp\/CgsvZy8xMjFseWt3dxoA\" class=\"id-Story-googleFollowButton id-Story-googleFollowButton--default\" target=\"_blank\" data-id-ec=\"{\" shn=\"\" google-follow=\"\" auf=\"\" google=\"\" folgen=\"\" rel=\"nofollow noopener\">Uns auf Google folgen<\/a><\/p>\n<p class=\"id-StoryElement-leadText\">Schwerer Unfall in Herringen: Zwei Autos sind zusammengesto\u00dfen, f\u00fcnf Menschen wurden verletzt. Bei dem 27-j\u00e4hrigen Fahrer war Lebensgefahr zun\u00e4chst nicht ausgeschlossen.<\/p>\n<p class=\"id-StoryElement-paragraph\">Herringen \u2013 Am Samstagabend, 5. September, kam es zu einem schweren Verkehrsunfall an der Kreuzung Dortmunder Stra\u00dfe\/Neufch\u00e2teaustra\u00dfe in Herringen. Wie die Polizei mitteilt, fuhr ein 27-j\u00e4hriger Audi-Fahrer gegen 21.10 Uhr die Dortmunder Stra\u00dfe in westliche Richtung, bevor er an der Kreuzung nach links in die Neufch\u00e2teaustra\u00dfe abbog.<\/p>\n<p><img decoding=\"async\" class=\"id-RatioPlaceholder-element wv_story_el_image\" src=\"https:\/\/www.europesays.com\/de\/wp-content\/uploads\/2026\/09\/43987167-auf-der-dortmunder-strasse-kam-es-zu-einem-zusammenstoss-mit-zwei-autos-O1BG.jpg\" loading=\"lazy\"   height=\"619\" width=\"1100\" alt=\"Auf der Dortmunder Stra&#xDF;e kam es zu einem Zusammensto&#xDF; mit zwei Autos.\"\/>Auf der Dortmunder Stra\u00dfe kam es zu einem Zusammensto\u00df mit zwei Autos. \u00a9\u00a0Max Lametz<\/p>\n<p class=\"id-StoryElement-paragraph\">\u201eDabei kollidierte er mit dem VW einer 18-j\u00e4hrigen Hammerin, die die Dortmunder Stra\u00dfe zuvor in \u00f6stlicher Richtung befuhr\u201c, schreibt die Polizei. Die junge Fahrerin sowie zwei Mitfahrerinnen im Alter von 16 und 18 Jahren wurden bei dem Unfall leicht verletzt. Rettungswagen brachten sie in umliegende Krankenh\u00e4user.<\/p>\n<p>Schwerer Unfall auf der Dortmunder Stra\u00dfe: Mehrere Personen verletzt<\/p>\n<p class=\"id-StoryElement-paragraph\">Auch eine 18-j\u00e4hrige Beifahrerin des Audi-Fahrers verletzte sich leicht, ben\u00f6tigte aber keine weitere Behandlung, hei\u00dft es. Der 27-j\u00e4hrige Audi-Fahrer wurde bei dem Zusammensto\u00df schwer verletzt und in ein Krankenhaus gebracht. \u201eNachdem vor Ort zun\u00e4chst lebensgef\u00e4hrliche Verletzungen nicht ausgeschlossen werden konnten, befindet sich der Hammer nun au\u00dfer Lebensgefahr\u201c, hei\u00dft es.<\/p>\n<p class=\"id-StoryElement-paragraph\">Die Staatsanwaltschaft ordnete die Sicherstellung beider Fahrzeuge sowie die Entnahme einer Blutprobe bei dem Audi-Fahrer an. Ein Unfallaufnahmeteam aus <a href=\"https:\/\/www.wa.de\/nordrhein-westfalen\/dortmund-nrw-bvb-westfalenpark-hauptbahnhof-einwohner-geschichte-sehenswuerdigkeiten-stadtteile-90006091.html\" class=\"id-import-Link\" data-id-ec=\"{&quot;sht&quot;:&quot;Container&quot;,&quot;shn&quot;:&quot;Story&quot;,&quot;p&quot;:{&quot;containerType&quot;:&quot;Paragraph&quot;,&quot;displayType&quot;:&quot;Paragraph InlineLink&quot;,&quot;type&quot;:&quot;INLINE_LINK&quot;,&quot;value&quot;:&quot;Dortmund&quot;,&quot;variant&quot;:&quot;standardLink&quot;,&quot;sponsored&quot;:false,&quot;linkHref&quot;:&quot;https:\/\/www.wa.de\/nordrhein-westfalen\/dortmund-nrw-bvb-westfalenpark-hauptbahnhof-einwohner-geschichte-sehenswuerdigkeiten-stadtteile-90006091.html&quot;,&quot;storyElementPosition&quot;:15,&quot;storyElementCount&quot;:17}}\" rel=\"nofollow noopener\" target=\"_blank\">Dortmund<\/a> unterst\u00fctzte die Unfallaufnahme. Nach derzeitigem Stand entstand bei dem Unfall ein Gesamtschaden von etwa 20.000 Euro.<\/p>\n<p class=\"id-StoryElement-paragraph\">F\u00fcr die Dauer der Ma\u00dfnahmen war die Dortmunder Stra\u00dfe im Bereich der Unfall\u00f6rtlichkeit bis etwa 2 Uhr gesperrt. Polizeibeamte leiteten den Verkehr ab. Die weiteren Ermittlungen dauern an.<\/p>\n<p class=\"id-StoryElement-paragraph\">Auf der Lipperandstra\u00dfe <a href=\"https:\/\/www.wa.de\/hamm\/ein-schwerer-unfall-ereignete-sich-donnerstagmorgen-auf-der-lipperandstrasse-94473180.html\" class=\"id-import-Link\" data-id-ec=\"{&quot;sht&quot;:&quot;Container&quot;,&quot;shn&quot;:&quot;Story&quot;,&quot;p&quot;:{&quot;containerType&quot;:&quot;Paragraph&quot;,&quot;displayType&quot;:&quot;Paragraph InlineLink&quot;,&quot;type&quot;:&quot;INLINE_LINK&quot;,&quot;value&quot;:&quot;sind vor einigen Tagen drei Autos kollidiert&quot;,&quot;variant&quot;:&quot;standardLink&quot;,&quot;sponsored&quot;:false,&quot;linkHref&quot;:&quot;https:\/\/www.wa.de\/hamm\/ein-schwerer-unfall-ereignete-sich-donnerstagmorgen-auf-der-lipperandstrasse-94473180.html&quot;,&quot;storyElementPosition&quot;:17,&quot;storyElementCount&quot;:17}}\" rel=\"nofollow noopener\" target=\"_blank\">sind vor einigen Tagen drei Autos kollidiert<\/a>. Eine 58-j\u00e4hrige Mitfahrerin wurde lebensgef\u00e4hrlich verletzt.<\/p>\n","protected":false},"excerpt":{"rendered":"wa.de Hamm Stand: 06.09.2026, 07:50 Uhr Von: Annika Ketzler DruckenTeilen Uns auf Google folgen Schwerer Unfall in Herringen:&hellip;\n","protected":false},"author":2,"featured_media":1283850,"comment_status":"","ping_status":"","sticky":false,"template":"","format":"standard","meta":{"footnotes":"","_share_on_mastodon":"0"},"categories":[1833],"tags":[3364,29,217,30,1209],"class_list":["post-1283849","post","type-post","status-publish","format-standard","has-post-thumbnail","category-dortmund","tag-de","tag-deutschland","tag-dortmund","tag-germany","tag-nordrhein-westfalen"],"share_on_mastodon":{"url":"https:\/\/pubeurope.com\/@de\/117223004011338522","error":""},"_links":{"self":[{"href":"https:\/\/www.europesays.com\/de\/wp-json\/wp\/v2\/posts\/1283849","targetHints":{"allow":["GET"]}}],"collection":[{"href":"https:\/\/www.europesays.com\/de\/wp-json\/wp\/v2\/posts"}],"about":[{"href":"https:\/\/www.europesays.com\/de\/wp-json\/wp\/v2\/types\/post"}],"author":[{"embeddable":true,"href":"https:\/\/www.europesays.com\/de\/wp-json\/wp\/v2\/users\/2"}],"replies":[{"embeddable":true,"href":"https:\/\/www.europesays.com\/de\/wp-json\/wp\/v2\/comments?post=1283849"}],"version-history":[{"count":0,"href":"https:\/\/www.europesays.com\/de\/wp-json\/wp\/v2\/posts\/1283849\/revisions"}],"wp:featuredmedia":[{"embeddable":true,"href":"https:\/\/www.europesays.com\/de\/wp-json\/wp\/v2\/media\/1283850"}],"wp:attachment":[{"href":"https:\/\/www.europesays.com\/de\/wp-json\/wp\/v2\/media?parent=1283849"}],"wp:term":[{"taxonomy":"category","embeddable":true,"href":"https:\/\/www.europesays.com\/de\/wp-json\/wp\/v2\/categories?post=1283849"},{"taxonomy":"post_tag","embeddable":true,"href":"https:\/\/www.europesays.com\/de\/wp-json\/wp\/v2\/tags?post=1283849"}],"curies":[{"name":"wp","href":"https:\/\/api.w.org\/{rel}","templated":true}]}}