{"id":1283851,"date":"2026-09-06T07:51:18","date_gmt":"2026-09-06T07:51:18","guid":{"rendered":"https:\/\/www.europesays.com\/de\/1283851\/"},"modified":"2026-09-06T07:51:18","modified_gmt":"2026-09-06T07:51:18","slug":"fussball-sehr-vergnuegt-dortmund-als-reifster-bayern-rivale-fussball-nachrichten-und-aktuelles","status":"publish","type":"post","link":"https:\/\/www.europesays.com\/de\/1283851\/","title":{"rendered":"Fu\u00dfball: \u00abSehr vergn\u00fcgt\u00bb: Dortmund als reifster Bayern-Rivale &#8211; Fu\u00dfball &#8211; Nachrichten und Aktuelles"},"content":{"rendered":"<p>Sinsheim (dpa) &#8211; F\u00fcr die Kr\u00f6nung eines fulminanten Fu\u00dfball-Samstags von Borussia Dortmund sorgte ausgerechnet Erzrivale FC Schalke 04. Weil der Aufsteiger in K\u00f6nigsblau Serienmeister FC Bayern am Abend ein 0:0 abtrotzte und so sicherstellte, dass der BVB nach mehr als zwei Jahren mal wieder in einer Tabelle vor dem FC Bayern steht. &#8222;Das ist megageil, oder?&#8220;, sagte Torwart Gregor Kobel zum Dortmunder Traumstart in der Fu\u00dfball-Bundesliga.<\/p>\n<p>Mit einem furiosen Comeback beim 3:2 nach 0:2-R\u00fcckstand bei der TSG Hoffenheim trug der BVB freilich auch selbst dazu bei, mal wieder &#8211; zumindest f\u00fcr eine Momentaufnahme &#8211; vor den Bayern zu stehen. &#8222;Wo Dortmund spielt, ist was los! Das war schon gegen Hamburg so. Nach dem 2:0 konnte man nicht mehr unbedingt damit rechnen. Aber wir sind zur\u00fcckgekommen&#8220;, sagte Gesch\u00e4ftsf\u00fchrer Lars Ricken.<\/p>\n<p><strong>Arsenal-Juwel Nwaneri leitet Entscheidung ein<\/strong><\/p>\n<p>Die von Topst\u00fcrmer Serhou Guirassy befeuerte und von Trainer Niko Kovac orchestrierte Aufholjagd lie\u00df erahnen, welches Potenzial dieser BVB hat. &#8222;Wir haben alles oder nichts gespielt&#8220;, sagte der Chefcoach, der in Fabio Silva und in dem 19 Jahre jungen Arsenal-Zugang Ethan Nwaneri zwei Schl\u00fcsselspieler f\u00fcr die hei\u00dfe Schlussphase einwechselte. Guirassy und Silva trafen, Nwaneri leitete das entscheidende 3:2 ein &#8211; ein Eigentor von Albian Hajdari.<\/p>\n<p>F\u00fcr Kovac, der in Dortmund immer wieder in der Kritik steht, war es das 50. Bundesliga-Spiel als BVB-Coach. Mit den 107 erreichten Punkten schneidet er auch besser ab als Lucien Favre (106), Thomas Tuchel (105) und sogar deutlich positiver als Bundestrainer J\u00fcrgen Klopp, der in seinen ersten 50 Partien in Dortmund 86 Z\u00e4hler holte.\u00a0<\/p>\n<p><strong>Kovac-Rekord: &#8222;Damit gewinnst du nicht viel&#8220;<\/strong><\/p>\n<p>&#8222;Das ist eine Statistik, die ist jetzt da. Wenn ich dann nicht mehr hier bin, wird es ein anderer wieder besser machen. Nehmen wir mit, die Blumen, aber damit gewinnst du nicht viel&#8220;, sagte der 54 Jahre alte Kovac gelassen. W\u00e4hrend RB Leipzig (1:3 bei Werder Bremen) und Bayer Leverkusen (2:3 bei Aufsteiger SV Elversberg) schon fr\u00fch in der Saison gepatzt haben, sieht Dortmund in den ersten Bundesliga-Wochen wie der stabilste Bayern-Rivale aus.<\/p>\n<p>Das liegt auch an den Transferentscheidungen, die der Club im Sommer getroffen hat. Konstantinos Karetsas gl\u00e4nzte beim dominanten 2:0 gegen den Hamburger SV zum Auftakt. Der eingewechselte Joey Veerman ordnete das lange chaotische Dortmunder Spiel beim Auf und Ab in Sinsheim. Als Leon Avdullahu und Tim Lemperle die TSG mit 2:0 in F\u00fchrung gebracht hatten, sah quasi nichts nach einem BVB-Coup im Kraichgau aus.\u00a0<\/p>\n<p><strong>Besonderes Lob f\u00fcr Veerman<\/strong><\/p>\n<p>&#8222;Das war schon verr\u00fcckt, und f\u00fcr uns war es sehr sch\u00f6n, dass wir das Spiel gewonnen haben. Nachdem wir dann mit drei Mittelfeldspielern gespielt haben, hat sich das Spiel ge\u00e4ndert, so dass wir etwas mehr Kontrolle hatten&#8220;, beschrieb Veerman, der Nationalspieler Felix Nmecha zur Halbzeit ersetzte.\u00a0<\/p>\n<p>Mit 27 Jahren bietet der Niederl\u00e4nder, der von der PSV Eindhoven kam, einen Kontrast zu den vielen geholten Talenten wie Karetsas (18), Nwaneri (19) und Joane Gadou (19). &#8222;Das hilft dieser Mannschaft, deshalb bin ich sehr froh&#8220;, sagte Kovac \u00fcber Veerman. Der Stratege bringe viel Erfahrung mit, aber auch Qualit\u00e4t.<\/p>\n<p><strong>Ein Heimspiel im DFB-Pokal<\/strong><\/p>\n<p>Die schwache erste Stunde wischten die BVB-Profis nach dem Happy End schnell beiseite. &#8222;Was willst du haben? Das kannst du nicht immer entscheiden. Du musst nehmen, was du kriegst&#8220;, ordnete Torh\u00fcter Kobel, der Dortmund vor einem h\u00f6heren R\u00fcckstand bewahrte, zum Spiel ein. Man sei nach dem vollbrachten Comeback &#8222;sehr happy, sehr vergn\u00fcgt&#8220;.<\/p>\n<p>Ein Punktverlust der Bayern, ein eigener Sieg, dazu ein sch\u00f6nes Heimspiel im DFB-Pokal: Der BVB empf\u00e4ngt in der zweiten Hauptrunde Ende Oktober Werder Bremen. Es sind gerade sch\u00f6ne Sp\u00e4tsommertage f\u00fcr die Dortmund-Fans. Am Dienstag (21.00 Uhr\/Prime Video) wartet das erste Champions-League-Spiel gegen den spanischen Vertreter FC Villarreal.<\/p>\n<p>\u00a9 dpa-infocom, dpa:260906-930-640337\/1<\/p>\n","protected":false},"excerpt":{"rendered":"Sinsheim (dpa) &#8211; F\u00fcr die Kr\u00f6nung eines fulminanten Fu\u00dfball-Samstags von Borussia Dortmund sorgte ausgerechnet Erzrivale FC Schalke 04.&hellip;\n","protected":false},"author":2,"featured_media":1283852,"comment_status":"","ping_status":"","sticky":false,"template":"","format":"standard","meta":{"footnotes":"","_share_on_mastodon":"0"},"categories":[1833],"tags":[14909,3364,29,217,30,1209],"class_list":["post-1283851","post","type-post","status-publish","format-standard","has-post-thumbnail","category-dortmund","tag-bundesliga-fussball-dfl-1-liga-2-liga-champions-league","tag-de","tag-deutschland","tag-dortmund","tag-germany","tag-nordrhein-westfalen"],"share_on_mastodon":{"url":"","error":""},"_links":{"self":[{"href":"https:\/\/www.europesays.com\/de\/wp-json\/wp\/v2\/posts\/1283851","targetHints":{"allow":["GET"]}}],"collection":[{"href":"https:\/\/www.europesays.com\/de\/wp-json\/wp\/v2\/posts"}],"about":[{"href":"https:\/\/www.europesays.com\/de\/wp-json\/wp\/v2\/types\/post"}],"author":[{"embeddable":true,"href":"https:\/\/www.europesays.com\/de\/wp-json\/wp\/v2\/users\/2"}],"replies":[{"embeddable":true,"href":"https:\/\/www.europesays.com\/de\/wp-json\/wp\/v2\/comments?post=1283851"}],"version-history":[{"count":0,"href":"https:\/\/www.europesays.com\/de\/wp-json\/wp\/v2\/posts\/1283851\/revisions"}],"wp:featuredmedia":[{"embeddable":true,"href":"https:\/\/www.europesays.com\/de\/wp-json\/wp\/v2\/media\/1283852"}],"wp:attachment":[{"href":"https:\/\/www.europesays.com\/de\/wp-json\/wp\/v2\/media?parent=1283851"}],"wp:term":[{"taxonomy":"category","embeddable":true,"href":"https:\/\/www.europesays.com\/de\/wp-json\/wp\/v2\/categories?post=1283851"},{"taxonomy":"post_tag","embeddable":true,"href":"https:\/\/www.europesays.com\/de\/wp-json\/wp\/v2\/tags?post=1283851"}],"curies":[{"name":"wp","href":"https:\/\/api.w.org\/{rel}","templated":true}]}}