{"id":1283859,"date":"2026-09-06T07:55:14","date_gmt":"2026-09-06T07:55:14","guid":{"rendered":"https:\/\/www.europesays.com\/de\/1283859\/"},"modified":"2026-09-06T07:55:14","modified_gmt":"2026-09-06T07:55:14","slug":"theater-an-der-koe-duesseldorf-zeigt-maennerbeschaffungsmassnahmen","status":"publish","type":"post","link":"https:\/\/www.europesays.com\/de\/1283859\/","title":{"rendered":"Theater an der K\u00f6 D\u00fcsseldorf zeigt &#8222;M\u00e4nnerbeschaffungsma\u00dfnahmen&#8220;"},"content":{"rendered":"<p class=\"richtext text-em-55 !leading-serif mx-6 desktop:mx-0\">Mit der musikalischen Kom\u00f6die \u201eM\u00e4nnerbeschaffungsma\u00dfnahmen\u201c, angek\u00fcndigt als leichter Aperitif, startete das Theater an der K\u00f6 in die neue Spielzeit. Ren\u00e9 Heinersdorff begr\u00fc\u00dfte das Premieren-Publikum, nahm es mit auf einen kurzen Streifzug durch sein Programm 26\/27 und verwies launig auf das aktuelle St\u00fcck: \u201eIch habe es ausgesucht, weil mich der Titel so gefreut hat. Ich bin ein Mann, ich w\u00fcnsche mir Frauen, die mich beschaffen wollen.\u201c<\/p>\n","protected":false},"excerpt":{"rendered":"Mit der musikalischen Kom\u00f6die \u201eM\u00e4nnerbeschaffungsma\u00dfnahmen\u201c, angek\u00fcndigt als leichter Aperitif, startete das Theater an der K\u00f6 in die neue&hellip;\n","protected":false},"author":2,"featured_media":1283860,"comment_status":"","ping_status":"","sticky":false,"template":"","format":"standard","meta":{"footnotes":"","_share_on_mastodon":"0"},"categories":[1831],"tags":[154778,3364,29,234310,3405,30,264756,24265,1209,6003,30884,16988,17027,39437,94],"class_list":["post-1283859","post","type-post","status-publish","format-standard","has-post-thumbnail","category-duesseldorf","tag-chantal","tag-de","tag-deutschland","tag-dietmar-loeffler","tag-duesseldorf","tag-germany","tag-maennerbeschaffungsmassnahmen","tag-musikalischen","tag-nordrhein-westfalen","tag-premiere","tag-rene-heinersdorff","tag-sabine","tag-seminar","tag-stimme","tag-theater"],"share_on_mastodon":{"url":"https:\/\/pubeurope.com\/@de\/117223025819339072","error":""},"_links":{"self":[{"href":"https:\/\/www.europesays.com\/de\/wp-json\/wp\/v2\/posts\/1283859","targetHints":{"allow":["GET"]}}],"collection":[{"href":"https:\/\/www.europesays.com\/de\/wp-json\/wp\/v2\/posts"}],"about":[{"href":"https:\/\/www.europesays.com\/de\/wp-json\/wp\/v2\/types\/post"}],"author":[{"embeddable":true,"href":"https:\/\/www.europesays.com\/de\/wp-json\/wp\/v2\/users\/2"}],"replies":[{"embeddable":true,"href":"https:\/\/www.europesays.com\/de\/wp-json\/wp\/v2\/comments?post=1283859"}],"version-history":[{"count":0,"href":"https:\/\/www.europesays.com\/de\/wp-json\/wp\/v2\/posts\/1283859\/revisions"}],"wp:featuredmedia":[{"embeddable":true,"href":"https:\/\/www.europesays.com\/de\/wp-json\/wp\/v2\/media\/1283860"}],"wp:attachment":[{"href":"https:\/\/www.europesays.com\/de\/wp-json\/wp\/v2\/media?parent=1283859"}],"wp:term":[{"taxonomy":"category","embeddable":true,"href":"https:\/\/www.europesays.com\/de\/wp-json\/wp\/v2\/categories?post=1283859"},{"taxonomy":"post_tag","embeddable":true,"href":"https:\/\/www.europesays.com\/de\/wp-json\/wp\/v2\/tags?post=1283859"}],"curies":[{"name":"wp","href":"https:\/\/api.w.org\/{rel}","templated":true}]}}