{"id":1283875,"date":"2026-09-06T08:03:19","date_gmt":"2026-09-06T08:03:19","guid":{"rendered":"https:\/\/www.europesays.com\/de\/1283875\/"},"modified":"2026-09-06T08:03:19","modified_gmt":"2026-09-06T08:03:19","slug":"muenchen-tatort-schon-freitags-zu-sehen-in-der-mediathek","status":"publish","type":"post","link":"https:\/\/www.europesays.com\/de\/1283875\/","title":{"rendered":"M\u00fcnchen | \u00abTatort\u00bb schon freitags zu sehen &#8211; in der Mediathek"},"content":{"rendered":"<p>M\u00fcnchen (dpa) &#8211; Krimifans m\u00fcssen nicht mehr bis Sonntagabend warten, um den neuen \u00abTatort\u00bb sehen zu k\u00f6nnen. Die ARD k\u00fcndigte an, die Filme nun bereits am Freitag vorher exklusiv in der Mediathek zu ver\u00f6ffentlichen. Auch die Folgen von \u00abPolizeiruf 110\u00bb sollen k\u00fcnftig vor der Ausstrahlung im linearen TV im Netz zu sehen sein. Zuvor hatte die \u00abBild\u00bb berichtet.<\/p>\n<p>Charlotte Lindholm (gespielt von Maria Furtw\u00e4nger) ist dann die erste Kommissarin, der die Zuschauer bereits am Freitag beim Ermitteln zuschauen k\u00f6nnen. Die Kommissarin aus Hannover muss zum Auftakt der neuen Saison in einem Demenzdorf Mordfall l\u00f6sen. Der Film \u00abK\u00f6nig in Gelb\u00bb ist f\u00fcr registrierte Nutzer ab dem 11. September in der ARD-Mediathek abrufbar und wird dann am Sonntag, den 13. September um 20.15 Uhr im Ersten ausgestrahlt.<\/p>\n<p>Neues Ermittlerduo<\/p>\n<p>In den darauffolgenden Wochen werden die Kommissarinnen und Kommissare in den anderen Deutschen Gro\u00dfst\u00e4dten ihre Ermittlungen aufnehmen: Unter anderem m\u00fcssen sich Lena Odenthal (Ulrike Folkerts) und Johanna Stern (Lisa Bitter) in Ludwigshafen mit einer t\u00f6dlichen Geldautomatensprengung besch\u00e4ftigen und in M\u00fcnchen nehmen Carlo Ljubek (Rolle Nikola Buvak) und Ferdinand Hofer (Rolle Kalli Hammermann) als neues Ermittlerduo ihren ersten gemeinsamen Fall auf.\u00a0<\/p>\n<p>Der \u00abTatort\u00bb ist eine der popul\u00e4rsten Fernsehserien in Deutschland und l\u00e4uft seit 1970 sonntags um 20.15 Uhr im Ersten. Rund 20 verschiedene Ermittlerteams gehen in verschiedenen St\u00e4dten in Deutschland sowie in \u00d6sterreich und in der Schweiz dem Verbrechen auf die Spur.<\/p>\n","protected":false},"excerpt":{"rendered":"M\u00fcnchen (dpa) &#8211; Krimifans m\u00fcssen nicht mehr bis Sonntagabend warten, um den neuen \u00abTatort\u00bb sehen zu k\u00f6nnen. Die&hellip;\n","protected":false},"author":2,"featured_media":1283876,"comment_status":"","ping_status":"","sticky":false,"template":"","format":"standard","meta":{"footnotes":"","_share_on_mastodon":"0"},"categories":[1827],"tags":[772,29,30,62,1268,1897],"class_list":["post-1283875","post","type-post","status-publish","format-standard","has-post-thumbnail","category-muenchen","tag-bayern","tag-deutschland","tag-germany","tag-medien","tag-muenchen","tag-streaming"],"share_on_mastodon":{"url":"","error":""},"_links":{"self":[{"href":"https:\/\/www.europesays.com\/de\/wp-json\/wp\/v2\/posts\/1283875","targetHints":{"allow":["GET"]}}],"collection":[{"href":"https:\/\/www.europesays.com\/de\/wp-json\/wp\/v2\/posts"}],"about":[{"href":"https:\/\/www.europesays.com\/de\/wp-json\/wp\/v2\/types\/post"}],"author":[{"embeddable":true,"href":"https:\/\/www.europesays.com\/de\/wp-json\/wp\/v2\/users\/2"}],"replies":[{"embeddable":true,"href":"https:\/\/www.europesays.com\/de\/wp-json\/wp\/v2\/comments?post=1283875"}],"version-history":[{"count":0,"href":"https:\/\/www.europesays.com\/de\/wp-json\/wp\/v2\/posts\/1283875\/revisions"}],"wp:featuredmedia":[{"embeddable":true,"href":"https:\/\/www.europesays.com\/de\/wp-json\/wp\/v2\/media\/1283876"}],"wp:attachment":[{"href":"https:\/\/www.europesays.com\/de\/wp-json\/wp\/v2\/media?parent=1283875"}],"wp:term":[{"taxonomy":"category","embeddable":true,"href":"https:\/\/www.europesays.com\/de\/wp-json\/wp\/v2\/categories?post=1283875"},{"taxonomy":"post_tag","embeddable":true,"href":"https:\/\/www.europesays.com\/de\/wp-json\/wp\/v2\/tags?post=1283875"}],"curies":[{"name":"wp","href":"https:\/\/api.w.org\/{rel}","templated":true}]}}