{"id":1283925,"date":"2026-09-06T08:32:18","date_gmt":"2026-09-06T08:32:18","guid":{"rendered":"https:\/\/www.europesays.com\/de\/1283925\/"},"modified":"2026-09-06T08:32:18","modified_gmt":"2026-09-06T08:32:18","slug":"selbsthilfegruppe-pflegende-angehoerige-in-cremlingen","status":"publish","type":"post","link":"https:\/\/www.europesays.com\/de\/1283925\/","title":{"rendered":"Selbsthilfegruppe \u201epflegende Angeh\u00f6rige\u201c in Cremlingen"},"content":{"rendered":"<p><b>Ank\u00fcndigung<\/b><\/p>\n<p align=\"justify\">Die Selbsthilfekontaktstelle des Parit\u00e4tischen Niedersachsen sucht Interessierte f\u00fcr eine Selbsthilfegruppe f\u00fcr Angeh\u00f6rige von pflegebed\u00fcrftigen und\/ oder an Demenz erkrankten Menschen, die sich mit ihren Sorgen und \u00c4ngsten allein f\u00fchlen, mit Herausforderungen im Alltag zu k\u00e4mpfen haben und einen unterst\u00fctzenden Austausch mit anderen Angeh\u00f6rigen suchen. <\/p>\n<p align=\"justify\">Das n\u00e4chste Treffen ist am Di, 22.09.26, von 10:00-11:30Uhr im BBZ Cremlingen, Im Moorbusche 24A, 38162 Cremlingen. Die darauffolgenden Treffen finden jeden 3. Dienstag im Monat von 10:00-11:30 Uhr statt. <\/p>\n<p align=\"justify\">Nehmen Sie gerne Kontakt auf und melden sich an: <\/p>\n<p align=\"justify\">Ansprechpartnerin: Mandy Koenig<\/p>\n<p align=\"justify\">Tel.: 0 53 31- 92 00 60<\/p>\n<p align=\"justify\">Email: <a href=\"https:\/\/cremlingen-online.de\/selbsthilfegruppe-pflegende-angehoerige-in-cremlingen\/mailto:selbsthilfe.wolfenbuettel@paritaetischer.de\" rel=\"nofollow noopener\" target=\"_blank\">selbsthilfe.wolfenbuettel@paritaetischer.de<\/a><\/p>\n<p align=\"justify\">Sprechzeit: <\/p>\n<p align=\"justify\">dienstags von 9:00 \u2013 13:00 Uhr,<\/p>\n<p align=\"justify\">im BBZ, 1.Etage, Raum 2 West<\/p>\n","protected":false},"excerpt":{"rendered":"Ank\u00fcndigung Die Selbsthilfekontaktstelle des Parit\u00e4tischen Niedersachsen sucht Interessierte f\u00fcr eine Selbsthilfegruppe f\u00fcr Angeh\u00f6rige von pflegebed\u00fcrftigen und\/ oder an&hellip;\n","protected":false},"author":2,"featured_media":740223,"comment_status":"","ping_status":"","sticky":false,"template":"","format":"standard","meta":{"footnotes":"","_share_on_mastodon":"0"},"categories":[1850],"tags":[6429,3364,29,548,663,3934,30,13,14,15,1411,12],"class_list":["post-1283925","post","type-post","status-publish","format-standard","has-post-thumbnail","category-braunschweig","tag-braunschweig","tag-de","tag-deutschland","tag-eu","tag-europa","tag-europe","tag-germany","tag-headlines","tag-nachrichten","tag-news","tag-niedersachsen","tag-schlagzeilen"],"share_on_mastodon":{"url":"https:\/\/pubeurope.com\/@de\/117223171339093912","error":""},"_links":{"self":[{"href":"https:\/\/www.europesays.com\/de\/wp-json\/wp\/v2\/posts\/1283925","targetHints":{"allow":["GET"]}}],"collection":[{"href":"https:\/\/www.europesays.com\/de\/wp-json\/wp\/v2\/posts"}],"about":[{"href":"https:\/\/www.europesays.com\/de\/wp-json\/wp\/v2\/types\/post"}],"author":[{"embeddable":true,"href":"https:\/\/www.europesays.com\/de\/wp-json\/wp\/v2\/users\/2"}],"replies":[{"embeddable":true,"href":"https:\/\/www.europesays.com\/de\/wp-json\/wp\/v2\/comments?post=1283925"}],"version-history":[{"count":0,"href":"https:\/\/www.europesays.com\/de\/wp-json\/wp\/v2\/posts\/1283925\/revisions"}],"wp:featuredmedia":[{"embeddable":true,"href":"https:\/\/www.europesays.com\/de\/wp-json\/wp\/v2\/media\/740223"}],"wp:attachment":[{"href":"https:\/\/www.europesays.com\/de\/wp-json\/wp\/v2\/media?parent=1283925"}],"wp:term":[{"taxonomy":"category","embeddable":true,"href":"https:\/\/www.europesays.com\/de\/wp-json\/wp\/v2\/categories?post=1283925"},{"taxonomy":"post_tag","embeddable":true,"href":"https:\/\/www.europesays.com\/de\/wp-json\/wp\/v2\/tags?post=1283925"}],"curies":[{"name":"wp","href":"https:\/\/api.w.org\/{rel}","templated":true}]}}