{"id":1283949,"date":"2026-09-06T08:51:19","date_gmt":"2026-09-06T08:51:19","guid":{"rendered":"https:\/\/www.europesays.com\/de\/1283949\/"},"modified":"2026-09-06T08:51:19","modified_gmt":"2026-09-06T08:51:19","slug":"pol-bo-auto-landet-nach-alleinunfall-in-boeschung-drei-personen-verletzt","status":"publish","type":"post","link":"https:\/\/www.europesays.com\/de\/1283949\/","title":{"rendered":"POL-BO: Auto landet nach Alleinunfall in B\u00f6schung &#8211; Drei Personen verletzt"},"content":{"rendered":"<p class=\"date\">06.09.2026 \u2013 10:26<\/p>\n<p class=\"customer\">\n                        <a class=\"story-customer\" title=\"weiter zum newsroom von Polizei Bochum\" href=\"https:\/\/www.presseportal.de\/blaulicht\/nr\/11530\" rel=\"nofollow noopener\" target=\"_blank\">Polizei Bochum<\/a>\n                    <\/p>\n<p><a class=\"glightbox event-trigger\" href=\"https:\/\/cache.pressmailing.net\/thumbnail\/story_hires\/8a348413-79c5-4f5e-92df-7719f5fb187e\/PPBochumVerkehrsunfallKosterstra%C3%9Fe.png.jpg\" data-description=\"Verkehrsunfall mit drei Verletzten auf der Kosterstra\u00dfe\" data-category=\"medialightbox\" data-action=\"click\" data-label=\"single\" data-value=\"6a9d23be270000fd2ccc4500\" rel=\"nofollow noopener\" target=\"_blank\"><img decoding=\"async\" height=\"540\" with=\"720\" src=\"https:\/\/www.europesays.com\/de\/wp-content\/uploads\/2026\/09\/pol-bo-auto-landet-nach-alleinunfall-in-b-schung-drei-personen-verletzt.jpeg\"   alt=\"POL-BO: Auto landet nach Alleinunfall in B\u00f6schung - Drei Personen verletzt\" class=\"single\"\/><\/a><\/p>\n<p><a data-category=\"citylink-story-view\" data-action=\"click\" data-label=\"Citylink in Meldungsansicht\" class=\"story-city event-trigger\" href=\"https:\/\/www.presseportal.de\/regional\/Bochum\" title=\"News aus Bochum \" rel=\"nofollow noopener\" target=\"_blank\">Bochum<\/a> (ots)<\/p>\n<p>Polizei und Feuerwehr r\u00fcckten am fr\u00fchen Samstagmorgen, 5. September, zu einem Alleinunfall in Bochum aus, bei dem drei jungen M\u00e4nner verletzt wurden.<\/p>\n<p>Gegen 4.40 Uhr war das mit drei 19-j\u00e4hrigen Bochumern besetzte Auto auf der Kosterstra\u00dfe in Richtung Bochum-Stiepel unterwegs. Nach bisherigem Stand verlor der Fahrer in H\u00f6he der Hausnummer 128 die Kontrolle \u00fcber sein Fahrzeug, kollidierte mit einem auf der Mittelinsel befindlichen Verkehrszeichen, kam von der Fahrbahn ab und landete in einer B\u00f6schung.<\/p>\n<p>Bei dem Unfall wurden die drei jungen M\u00e4nner verletzt. Rettungswagenbesatzungen brachten sie zur weiteren Behandlung in umliegende Krankenh\u00e4user, wo ihnen auch Blutproben entnommen wurden.<\/p>\n<p>Da nicht klar war, wer letztendlich am Steuer sa\u00df, stellten die Beamten das Fahrzeug sicher. Auch der F\u00fchrerschein eines 19-J\u00e4hrigen wurde sichergestellt.<\/p>\n<p>Das Verkehrskommissariat hat die weiteren Ermittlungen zur genauen Unfallursache und zum Fahrzeugf\u00fchrer aufgenommen.<\/p>\n<p class=\"contact-headline\">R\u00fcckfragen bitte an:<\/p>\n<p class=\"contact-text\">Polizei Bochum<br \/>Marina Sablic<br \/>Telefon: 0234 909-1026<br \/>E-Mail: <a href=\"https:\/\/www.presseportal.de\/blaulicht\/pm\/11530\/mailto:pressestelle.bochum@polizei.nrw.de\" class=\"uri-mailto\" rel=\"nofollow noopener\" target=\"_blank\">pressestelle.bochum@polizei.nrw.de<\/a><br \/><a target=\"_blank\" class=\"uri-ext outbound\" rel=\"noopener nofollow\" href=\"https:\/\/bochum.polizei.nrw\/\">https:\/\/bochum.polizei.nrw\/<\/a><\/p>\n<p class=\"originator\">Original-Content von: Polizei Bochum, \u00fcbermittelt durch news aktuell<\/p>\n","protected":false},"excerpt":{"rendered":"06.09.2026 \u2013 10:26 Polizei Bochum Bochum (ots) Polizei und Feuerwehr r\u00fcckten am fr\u00fchen Samstagmorgen, 5. September, zu einem&hellip;\n","protected":false},"author":2,"featured_media":1283950,"comment_status":"","ping_status":"","sticky":false,"template":"","format":"standard","meta":{"footnotes":"","_share_on_mastodon":"0"},"categories":[1839],"tags":[7507,3364,29,30,177,1209,176,121,178,180,179,181],"class_list":["post-1283949","post","type-post","status-publish","format-standard","has-post-thumbnail","category-bochum","tag-bochum","tag-de","tag-deutschland","tag-germany","tag-kriminalitt","tag-nordrhein-westfalen","tag-nrw","tag-polizei","tag-presse","tag-pressemeldung","tag-pressemitteilung","tag-pressemitteilungen"],"share_on_mastodon":{"url":"https:\/\/pubeurope.com\/@de\/117223247739611440","error":""},"_links":{"self":[{"href":"https:\/\/www.europesays.com\/de\/wp-json\/wp\/v2\/posts\/1283949","targetHints":{"allow":["GET"]}}],"collection":[{"href":"https:\/\/www.europesays.com\/de\/wp-json\/wp\/v2\/posts"}],"about":[{"href":"https:\/\/www.europesays.com\/de\/wp-json\/wp\/v2\/types\/post"}],"author":[{"embeddable":true,"href":"https:\/\/www.europesays.com\/de\/wp-json\/wp\/v2\/users\/2"}],"replies":[{"embeddable":true,"href":"https:\/\/www.europesays.com\/de\/wp-json\/wp\/v2\/comments?post=1283949"}],"version-history":[{"count":0,"href":"https:\/\/www.europesays.com\/de\/wp-json\/wp\/v2\/posts\/1283949\/revisions"}],"wp:featuredmedia":[{"embeddable":true,"href":"https:\/\/www.europesays.com\/de\/wp-json\/wp\/v2\/media\/1283950"}],"wp:attachment":[{"href":"https:\/\/www.europesays.com\/de\/wp-json\/wp\/v2\/media?parent=1283949"}],"wp:term":[{"taxonomy":"category","embeddable":true,"href":"https:\/\/www.europesays.com\/de\/wp-json\/wp\/v2\/categories?post=1283949"},{"taxonomy":"post_tag","embeddable":true,"href":"https:\/\/www.europesays.com\/de\/wp-json\/wp\/v2\/tags?post=1283949"}],"curies":[{"name":"wp","href":"https:\/\/api.w.org\/{rel}","templated":true}]}}