{"id":1283960,"date":"2026-09-06T08:59:38","date_gmt":"2026-09-06T08:59:38","guid":{"rendered":"https:\/\/www.europesays.com\/de\/1283960\/"},"modified":"2026-09-06T08:59:38","modified_gmt":"2026-09-06T08:59:38","slug":"vietnam-frankreich-von-der-kooperation-zur-gemeinsamen-entwicklung","status":"publish","type":"post","link":"https:\/\/www.europesays.com\/de\/1283960\/","title":{"rendered":"Vietnam-Frankreich: Von der Kooperation zur gemeinsamen Entwicklung"},"content":{"rendered":"<p>St\u00e9phanie Do, Pr\u00e4sidentin der Partei \u201eGemeinsam f\u00fcr Frankreich\u201c, ehemaliges Mitglied der franz\u00f6sischen <a class=\"data-link\" data-org-href=\"https:\/\/www.vietnam.vn\/de\/tag\/quoc-hoi\" href=\"https:\/\/www.vietnam.vn\/de\/tag\/quoc-hoi\" title=\"Nationalversammlung\" target=\"_blank\" rel=\"nofollow noopener\">Nationalversammlung<\/a> und ehemalige Vorsitzende der franz\u00f6sisch-vietnamesischen Freundschaftsgruppe in der franz\u00f6sischen Nationalversammlung, ist der Ansicht, dass die Beziehungen zwischen Vietnam und Frankreich vor der Chance stehen, in eine neue Entwicklungsphase einzutreten, in der die beiden L\u00e4nder von einer kooperativen Denkweise zu einer \u201egemeinsam konstruktiven\u201c \u00fcbergehen m\u00fcssen, die auf einer gemeinsamen strategischen Vision, konkreten Projekten und sich erg\u00e4nzenden St\u00e4rken basiert.<\/p>\n<p> Im Gespr\u00e4ch mit einem VNA-Reporter in Paris im Vorfeld des offiziellen Besuchs von Generalsekret\u00e4r und <a class=\"data-link\" data-org-href=\"https:\/\/www.vietnam.vn\/de\/tag\/chu-tich-nuoc\" href=\"https:\/\/www.vietnam.vn\/de\/tag\/chu-tich-nuoc\" title=\"Pr\u00e4sident\" target=\"_blank\" rel=\"nofollow noopener\">Pr\u00e4sident<\/a> To Lam in Frankreich erkl\u00e4rte St\u00e9phanie Do, dass dieser Besuch von Generalsekret\u00e4r und Pr\u00e4sident To Lam von besonderer Bedeutung sei und die starke und kontinuierliche Entwicklung der bilateralen Beziehungen widerspiegele.<\/p>\n<p> Sie betonte, dass der Besuch vor dem Hintergrund eines verst\u00e4rkten hochrangigen Austauschs zwischen den beiden L\u00e4ndern stattfand, der auf den Staatsbesuch von Pr\u00e4sident Emmanuel Macron in Vietnam im vergangenen Jahr folgte, an dem sie die Ehre hatte, teilzunehmen.<\/p>\n<p> St\u00e9phanie Do betonte, dass ein derart intensiver Austausch in den franz\u00f6sisch-vietnamesischen Beziehungen angesichts der <a class=\"data-link\" data-org-href=\"https:\/\/www.vietnam.vn\/de\/category\/chinh-tri\" href=\"https:\/\/www.vietnam.vn\/de\/category\/chinh-tri\" title=\"Politik\" target=\"_blank\" rel=\"nofollow noopener\">politischen<\/a> Lage in beiden L\u00e4ndern beispiellos sei. Dies zeige nicht nur die Tiefe der strategischen Partnerschaft zwischen den beiden L\u00e4ndern, sondern spiegele auch eine echte Freundschaft wider, die auf Vertrauen, gegenseitigem Respekt und aufrichtigen Gef\u00fchlen zwischen den V\u00f6lkern beider Nationen basiere. Diese Dynamik ebne den Weg f\u00fcr eine neue, ambitioniertere Phase der umfassenden strategischen Partnerschaft zwischen Vietnam und Frankreich. <\/p>\n<p><img loading=\"lazy\" decoding=\"async\" style=\"cursor:pointer\" id=\"1656086\" alt=\"ttxvn-vn-phap-kien-tao-1.jpg\" data-width=\"1200\" data-height=\"675\" data-image-id=\"1656086\" class=\"lazyload cms-photo\" data-large-src=\"https:\/\/media.vietnamplus.vn\/images\/NF5VfKHPqjqhZmS4eefEwXBpTwHZIi1Y4v0Z1Wa27cEeCNeNkOc6ROI2LyK9ENMfEMm-BGlZMvGjwZKGwY8a2g\/ttxvn-vn-phap-kien-tao-1.jpg.avif\" src=\"https:\/\/media.vietnamplus.vn\/images\/UWc-CFEzKYe_EECSorc7onBpTwHZIi1Y4v0Z1Wa27cEeCNeNkOc6ROI2LyK9ENMfEMm-BGlZMvGjwZKGwY8a2g\/ttxvn-vn-phap-kien-tao-1.jpg.avif\" title=\"Der ehemalige vietnamesische Botschafter in Frankreich, Dinh Toan Thang, \u00fcberreicht Frau St\u00e9phanie Do (in der Mitte sitzend) Blumen bei einer Podiumsdiskussion mit franz\u00f6sischen und vietnamesischen Lesern im Ausland \u00fcber ihr Buch \u201eDer Weg ins Parlament f\u00fcr die erste in Vietnam geborene franz\u00f6sische Parlamentsabgeordnete\u201c. (Foto: VNA)\" width=\"1000\" height=\"562\"\/> Der ehemalige vietnamesische Botschafter in Frankreich, Dinh Toan Thang, \u00fcberreicht Frau St\u00e9phanie Do (in der Mitte sitzend) Blumen bei einer Podiumsdiskussion mit franz\u00f6sischen und vietnamesischen Lesern im Ausland \u00fcber ihr Buch \u201eDer Weg ins Parlament f\u00fcr die erste in Vietnam geborene franz\u00f6sische Parlamentsabgeordnete\u201c. (Foto: VNA)<\/p>\n<p> Die beiden L\u00e4nder verbindet nicht nur eine lange Geschichte enger Beziehungen und kultureller \u00c4hnlichkeiten, sondern auch heute noch viele gemeinsame Interessen in den Bereichen <a class=\"data-link\" data-org-href=\"https:\/\/www.vietnam.vn\/de\/category\/kinh-te\" href=\"https:\/\/www.vietnam.vn\/de\/category\/kinh-te\" title=\"Wirtschaft\" target=\"_blank\" rel=\"nofollow noopener\">Wirtschaft<\/a> , Handel und Investitionen, Energiewende, Gesundheitswesen, Bildung, wissenschaftliche Forschung, digitale Technologie, Verteidigung und Sicherheit.<\/p>\n<p> Frau St\u00e9phanie Do ist der Ansicht, dass Vietnam und Frankreich im neuen Kontext von einer Beziehung, die auf historischer N\u00e4he beruht, zu einer Beziehung \u00fcbergehen m\u00fcssen, die auf einer gemeinsamen strategischen Vision und konkreten Projekten basiert.<\/p>\n<p> Laut diesem ehemaligen, in Vietnam geborenen Parlamentarier k\u00f6nnte Frankreich f\u00fcr Vietnam ein vorrangiger Partner bei der Erreichung seiner Ziele zur Verbesserung der technologischen F\u00e4higkeiten, zur Ausbildung von Fachkr\u00e4ften und zur Verwirklichung einer nachhaltigen Entwicklung werden.<\/p>\n<p> Umgekehrt ist Vietnam f\u00fcr Frankreich ein wichtiges Tor nach S\u00fcdostasien und ein Schl\u00fcsselpartner innerhalb der ASEAN. Diese sich erg\u00e4nzenden Interessen und St\u00e4rken bilden die Grundlage daf\u00fcr, die bilateralen Beziehungen in eine substanziellere und ambitioniertere Phase der Zusammenarbeit zu \u00fcberf\u00fchren.<\/p>\n<p> Vor dem Hintergrund der tiefgreifenden Ver\u00e4nderungen in Vietnam und seiner ehrgeizigen Ziele in Bezug auf Wachstum, wirtschaftliche Modernisierung, Innovation und technologische Entwicklung argumentierte sie, dass sich die franz\u00f6sisch-vietnamesischen Beziehungen \u201evon einer Logik der Kooperation zu einer Logik der gemeinsamen Gestaltung\u201c wandeln m\u00fcssten. <\/p>\n<p><img loading=\"lazy\" decoding=\"async\" style=\"cursor:pointer\" id=\"1656087\" alt=\"ttxvn-vn-phap-kien-tao.jpg\" data-width=\"1200\" data-height=\"675\" data-image-id=\"1656087\" class=\"lazyload cms-photo\" data-large-src=\"https:\/\/media.vietnamplus.vn\/images\/NF5VfKHPqjqhZmS4eefEwXBpTwHZIi1Y4v0Z1Wa27cEeCNeNkOc6ROI2LyK9ENMfO68Kok39VxEegRpLRCZeeA\/ttxvn-vn-phap-kien-tao.jpg.avif\" src=\"https:\/\/media.vietnamplus.vn\/images\/UWc-CFEzKYe_EECSorc7onBpTwHZIi1Y4v0Z1Wa27cEeCNeNkOc6ROI2LyK9ENMfO68Kok39VxEegRpLRCZeeA\/ttxvn-vn-phap-kien-tao.jpg.avif\" title=\"St\u00e9phanie \u0110\u1ed7 (sitzend in der Mitte) bei einer Podiumsdiskussion mit franz\u00f6sischen und vietnamesischen Lesern im Ausland \u00fcber ihr Buch \u201eDer Weg ins Parlament f\u00fcr die erste vietnamesisch-franz\u00f6sische Abgeordnete\u201c. (Foto: VNA)\" width=\"1000\" height=\"562\"\/> St\u00e9phanie \u0110\u1ed7 (sitzend in der Mitte) bei einer Podiumsdiskussion mit franz\u00f6sischen und vietnamesischen Lesern im Ausland \u00fcber ihr Buch \u201eDer Weg ins Parlament f\u00fcr die erste vietnamesisch-franz\u00f6sische Abgeordnete\u201c. (Foto: VNA)<\/p>\n<p> Frankreich verf\u00fcgt \u00fcber anerkannte Expertise und Erfahrung in den Bereichen Technologie, <a class=\"data-link\" data-org-href=\"https:\/\/www.vietnam.vn\/de\/category\/khoa-hoc\" href=\"https:\/\/www.vietnam.vn\/de\/category\/khoa-hoc\" title=\"Wissenschaft\" target=\"_blank\" rel=\"nofollow noopener\">Wissenschaft<\/a> , Industrie, Energie, Umwelt und Infrastruktur, w\u00e4hrend Vietnam einen dynamischen Markt, eine junge Bev\u00f6lkerung, hohe Anpassungsf\u00e4higkeit und eine strategische Lage im Herzen S\u00fcdostasiens aufweist.<\/p>\n<p> Unter den Bereichen mit erheblichem Potenzial nannte St\u00e9phanie Do als erstes die Infrastruktur und den Transportsektor, insbesondere Eisenbahnen, st\u00e4dtischen Nahverkehr, Hafeninfrastruktur und Logistik. Vietnams Entwicklung erfordere ein modernes, nachhaltiges und eng vernetztes Infrastruktursystem. Laut Do k\u00f6nne Frankreichs Erfahrung nicht nur im Technologiebereich, sondern auch in den Bereichen Planung, Ausbildung und Wissenstransfer einen Mehrwert schaffen.<\/p>\n<p> Energiewende und gr\u00fcnes Wachstum gelten ebenfalls als wichtige Kooperationsfelder. Vietnam steht, wie viele L\u00e4nder der Region, vor den Herausforderungen des Klimawandels und der Energiewende. Franz\u00f6sische Unternehmen verf\u00fcgen \u00fcber umfassende Erfahrung in den Bereichen erneuerbare Energien, Energieeffizienz, intelligente Stromnetze, Wassermanagement, Kreislaufwirtschaft und CO\u2082-arme Technologien. In diesen Bereichen besteht erhebliches Potenzial f\u00fcr die Entwicklung langfristiger Partnerschaften zwischen den beiden L\u00e4ndern.<\/p>\n<p>Das k\u00f6nnte Sie interessieren<\/p>\n<p> Ein weiterer Bereich, den sie besonders sch\u00e4tzt, ist Innovation, Forschung, K\u00fcnstliche Intelligenz (KI), <a class=\"data-link\" data-org-href=\"https:\/\/www.vietnam.vn\/de\/category\/cong-nghe-so\" href=\"https:\/\/www.vietnam.vn\/de\/category\/cong-nghe-so\" title=\"digitale Technologie\" target=\"_blank\" rel=\"nofollow noopener\">digitale Technologien<\/a> und Spitzentechnologie. Angesichts Vietnams Bestrebens, eine f\u00fchrende Technologienation in Asien zu werden, k\u00f6nnte Frankreich \u2013 mit seinem System aus Universit\u00e4ten, Hochschulen, Forschungszentren und seinem Startup-\u00d6kosystem \u2013 ein bevorzugter Partner bei der Verwirklichung dieses Ziels sein.<\/p>\n<p> Ihrer Ansicht nach m\u00fcssen die beiden L\u00e4nder die Partnerschaften zwischen Forschern, Universit\u00e4ten, Unternehmen und jungen Unternehmern weiter st\u00e4rken.<\/p>\n<p> St\u00e9phanie Do betrachtet Weltraum und Meer als strategische Bereiche, die neue Kooperationsm\u00f6glichkeiten er\u00f6ffnen k\u00f6nnen. Vietnam verf\u00fcgt \u00fcber eine lange K\u00fcstenlinie und misst seiner maritimen Strategie zunehmend Priorit\u00e4t bei, w\u00e4hrend Frankreich anerkannte wissenschaftliche, technologische und industrielle Kompetenzen sowohl im maritimen als auch im Weltraumsektor besitzt. Diese sich erg\u00e4nzenden St\u00e4rken k\u00f6nnen die Zusammenarbeit in den Bereichen Erdbeobachtung, Klimaforschung, Ressourcenmanagement, Risikopr\u00e4vention und Schutz des Meeresraums erleichtern.<\/p>\n<p> Neben den Bereichen Technologie und Wirtschaft hob St\u00e9phanie Do insbesondere die Rolle von Ausbildung und Humanressourcen hervor, denn ohne Qualifikationen ist ein nachhaltiger wirtschaftlicher Wandel unm\u00f6glich.<\/p>\n<p> Daher sollte die vietnamesisch-franz\u00f6sische Zusammenarbeit in den Bereichen Hochschulbildung, Berufsausbildung, Forschung und Studierendenaustausch im Mittelpunkt der Partnerschaft stehen. Ihrer Ansicht nach bedeutet die Investition in die vietnamesische Jugend auch eine Investition in die Zukunft der Beziehungen zwischen beiden L\u00e4ndern.<\/p>\n<p> Aufgrund dieser sich erg\u00e4nzenden St\u00e4rken ist St\u00e9phanie Do der Ansicht, dass Frankreich Vietnam nicht nur als Markt mit gro\u00dfem Potenzial, sondern auch als strategischen Partner und wichtiges Zentrum in der Region betrachten muss.<\/p>\n<p> Umgekehrt k\u00f6nnte Frankreich f\u00fcr Vietnam ein Tor zum europ\u00e4ischen Markt und ein Partner beim Ausbau der technologischen und industriellen Kapazit\u00e4ten sein. Laut ihrer Aussage sollten die beiden L\u00e4nder substanzielle Kooperationsprojekte anstreben und durch Investitionen, Innovationen, Ausbildung und die Erschlie\u00dfung neuer M\u00e4rkte Mehrwert schaffen. <\/p>\n<p> Mit Blick auf Initiativen, die w\u00e4hrend des Besuchs gef\u00f6rdert werden sollten, erkl\u00e4rte Frau St\u00e9phanie Do, dass die beiden L\u00e4nder ein gemeinsames Programm strategischer Projekte entwickeln m\u00fcssten, in dem Priorit\u00e4tsbereiche, Verantwortliche, Umsetzungspl\u00e4ne und zu erreichende Ziele klar definiert seien.<\/p>\n<p> St\u00e9phanie Do ist der Ansicht, dass es nicht darauf ankommt, m\u00f6glichst viele Projekte anzuk\u00fcndigen, sondern die Umsetzung der vorgeschlagenen Projekte und deren konkrete Ergebnisse sicherzustellen. Dies werde auch die Beteiligung franz\u00f6sischer Unternehmen an gro\u00dfangelegten Infrastrukturentwicklungs- und Modernisierungsprojekten in Vietnam erleichtern.<\/p>\n<p> Dar\u00fcber hinaus m\u00fcssen die beiden L\u00e4nder die Verbindungen zwischen Unternehmen, Startups, Investoren und Regierungsbeh\u00f6rden st\u00e4rken und gemeinsame Investitionen und Kooperationen in Produktion und Industrie f\u00f6rdern, anstatt sich nur auf den Handel zu konzentrieren. <\/p>\n<p><img loading=\"lazy\" decoding=\"async\" style=\"cursor:pointer\" id=\"1656085\" alt=\"ttxvn-vn-phap-kien-tao-2.jpg\" data-width=\"1200\" data-height=\"675\" data-image-id=\"1656085\" class=\"lazyload cms-photo\" data-large-src=\"https:\/\/media.vietnamplus.vn\/images\/NF5VfKHPqjqhZmS4eefEwXBpTwHZIi1Y4v0Z1Wa27cEeCNeNkOc6ROI2LyK9ENMfTrU1ScvRBEDkUiMc9mcc6w\/ttxvn-vn-phap-kien-tao-2.jpg.avif\" src=\"https:\/\/media.vietnamplus.vn\/images\/UWc-CFEzKYe_EECSorc7onBpTwHZIi1Y4v0Z1Wa27cEeCNeNkOc6ROI2LyK9ENMfTrU1ScvRBEDkUiMc9mcc6w\/ttxvn-vn-phap-kien-tao-2.jpg.avif\" title=\"St\u00e9phanie \u0110\u1ed7 (sitzend in der Mitte) bei einer Podiumsdiskussion mit franz\u00f6sischen und vietnamesischen Lesern im Ausland \u00fcber ihr Buch \u201eDer Weg ins Parlament f\u00fcr die erste vietnamesisch-franz\u00f6sische Abgeordnete\u201c. (Foto: VNA)\" width=\"1000\" height=\"562\"\/> St\u00e9phanie \u0110\u1ed7 (sitzend in der Mitte) bei einer Podiumsdiskussion mit franz\u00f6sischen und vietnamesischen Lesern im Ausland \u00fcber ihr Buch \u201eDer Weg ins Parlament f\u00fcr die erste vietnamesisch-franz\u00f6sische Abgeordnete\u201c. (Foto: VNA)<\/p>\n<p> Laut St\u00e9phanie Do strebt Vietnam eine St\u00e4rkung seiner Position in den Wertsch\u00f6pfungsketten an, w\u00e4hrend Frankreich \u00fcber umfangreiche technologische und praktische Kompetenzen verf\u00fcgt, die diesen Prozess unterst\u00fctzen k\u00f6nnen. Daher m\u00fcssen die beiden L\u00e4nder ihre Zusammenarbeit in den Bereichen gemeinsame Produktion, gemeinsame Innovation und, sobald die Bedingungen es zulassen, gemeinsame Expansion in regionale M\u00e4rkte intensivieren.<\/p>\n<p> Innovation und Zukunftstechnologien haben ebenfalls Priorit\u00e4t. St\u00e9phanie Do hofft, dass Frankreich und Vietnam ihre gemeinsamen Programme in den Bereichen K\u00fcnstliche Intelligenz, digitale Technologien, Raumfahrttechnik, Biotechnologie, Gesundheitswesen, saubere Energie und Meerestechnologie weiterentwickeln werden. Laut Do verf\u00fcgen beide L\u00e4nder \u00fcber talentierte Forscher, Ingenieure, Unternehmer und Fachkr\u00e4fte; nun gelte es, die Vernetzung dieser Ressourcen zu st\u00e4rken.<\/p>\n<p> Frau St\u00e9phanie Do betonte zudem insbesondere die Bedeutung der Ausbildung und des verst\u00e4rkten Austauschs zwischen den j\u00fcngeren Generationen beider L\u00e4nder. Ihrer Ansicht nach kann sich die Beziehung zwischen Vietnam und Frankreich kaum nachhaltig entwickeln ohne eine neue Generation, die die Sprache beherrscht, die Kultur versteht und die wirtschaftlichen Gegebenheiten des jeweils anderen Landes begreift.<\/p>\n<p>Das k\u00f6nnte Sie interessieren<\/p>\n<p> Daher m\u00fcssen beide Seiten den Austausch in den Bereichen Hochschulbildung, Doppelabschlussprogramme und Berufsausbildung ausbauen und gleichzeitig mehr M\u00f6glichkeiten f\u00fcr Interaktion, Lernen und Arbeit f\u00fcr Studierende, Forschende und Unternehmer schaffen. Sie ist \u00fcberzeugt, dass dies \u201eeine der wichtigsten Investitionen\u201c f\u00fcr die Zukunft der bilateralen Beziehungen in den n\u00e4chsten 30 Jahren sein k\u00f6nnte.<\/p>\n<p> Frau St\u00e9phanie Do hofft au\u00dferdem, die Rolle der vietnamesischen Gemeinschaft in Frankreich und der Franzosen mit engen Verbindungen zu Vietnam weiter zu f\u00f6rdern.<\/p>\n<p> Laut ihrer Aussage stellen diese \u201ebesondere Br\u00fccken\u201c zwischen den beiden L\u00e4ndern dar, da sie die jeweiligen Kulturen und Wirtschaftssysteme verstehen und \u00fcber wertvolle Beziehungsnetzwerke verf\u00fcgen. Sie k\u00f6nnen eine wichtigere Rolle als \u201eBotschafter\u201c der wirtschaftlichen, wissenschaftlichen, kulturellen und zwischenmenschlichen Beziehungen zwischen Vietnam und Frankreich spielen.<\/p>\n<p> Ein weiterer Bereich, der gest\u00e4rkt werden muss, ist die Zusammenarbeit zwischen den Regionen. Laut ihrer Aussage sollte die Beziehung zwischen Vietnam und Frankreich nicht nur zwischen Paris und Hanoi bestehen, sondern mehr Regionen, St\u00e4dte, Universit\u00e4ten, Kompetenzzentren und Kommunalverwaltungen einbeziehen. Auf dieser Ebene entstehen oft die konkretsten und nachhaltigsten Projekte, die somit zu einer tieferen praktischen Umsetzung der bilateralen Zusammenarbeit beitragen. <\/p>\n<p> St\u00e9phanie Do ist \u00fcberzeugt, dass Vietnam und Frankreich vor einer \u201ehistorischen Chance\u201c stehen, da sich Vietnam in einem rasanten Wandel befindet und Frankreich gleichzeitig seine Partnerschaften mit dynamischen asiatischen Volkswirtschaften st\u00e4rken m\u00f6chte. Beide L\u00e4nder haben daher ein gemeinsames Interesse daran, gemeinsam voranzugehen und die gegenw\u00e4rtige Gelegenheit zu nutzen, um die bilateralen Beziehungen auf eine neue Entwicklungsstufe zu heben.<\/p>\n<p> Laut ihrer Aussage sollte dieser Besuch von Generalsekret\u00e4r und Pr\u00e4sident To Lam eine Gelegenheit sein, konkrete Ziele, Ressourcen und vor allem greifbare Ergebnisse f\u00fcr die umfassende strategische Partnerschaft zu erzielen.<\/p>\n<p> Nur auf dieser Grundlage k\u00f6nnen Vietnam und Frankreich eine ausgewogenere, ambitioniertere Beziehung aufbauen, die vor allem den Menschen beider L\u00e4nder gr\u00f6\u00dfere Vorteile bringt.<\/p>\n<p class=\"mb-0\"> Quelle: https:\/\/www.vietnamplus.vn\/viet-nam-phap-tu-hop-tac-den-cung-kien-tao-post1134527.vnp<\/p>\n","protected":false},"excerpt":{"rendered":"St\u00e9phanie Do, Pr\u00e4sidentin der Partei \u201eGemeinsam f\u00fcr Frankreich\u201c, ehemaliges Mitglied der franz\u00f6sischen Nationalversammlung und ehemalige Vorsitzende der franz\u00f6sisch-vietnamesischen&hellip;\n","protected":false},"author":2,"featured_media":1283961,"comment_status":"","ping_status":"","sticky":false,"template":"","format":"standard","meta":{"footnotes":"","_share_on_mastodon":"0"},"categories":[3974],"tags":[331,332,103183,548,663,3934,3980,156,13,4714,35371,51991,14,15,12,132140,10649],"class_list":["post-1283960","post","type-post","status-publish","format-standard","has-post-thumbnail","category-frankreich","tag-aktuelle-nachrichten","tag-aktuelle-news","tag-bilaterale-beziehungen","tag-eu","tag-europa","tag-europe","tag-france","tag-frankreich","tag-headlines","tag-innovation","tag-investieren","tag-nachhaltige-entwicklung","tag-nachrichten","tag-news","tag-schlagzeilen","tag-strategische-zusammenarbeit","tag-vietnam"],"share_on_mastodon":{"url":"https:\/\/pubeurope.com\/@de\/117223280163287823","error":""},"_links":{"self":[{"href":"https:\/\/www.europesays.com\/de\/wp-json\/wp\/v2\/posts\/1283960","targetHints":{"allow":["GET"]}}],"collection":[{"href":"https:\/\/www.europesays.com\/de\/wp-json\/wp\/v2\/posts"}],"about":[{"href":"https:\/\/www.europesays.com\/de\/wp-json\/wp\/v2\/types\/post"}],"author":[{"embeddable":true,"href":"https:\/\/www.europesays.com\/de\/wp-json\/wp\/v2\/users\/2"}],"replies":[{"embeddable":true,"href":"https:\/\/www.europesays.com\/de\/wp-json\/wp\/v2\/comments?post=1283960"}],"version-history":[{"count":0,"href":"https:\/\/www.europesays.com\/de\/wp-json\/wp\/v2\/posts\/1283960\/revisions"}],"wp:featuredmedia":[{"embeddable":true,"href":"https:\/\/www.europesays.com\/de\/wp-json\/wp\/v2\/media\/1283961"}],"wp:attachment":[{"href":"https:\/\/www.europesays.com\/de\/wp-json\/wp\/v2\/media?parent=1283960"}],"wp:term":[{"taxonomy":"category","embeddable":true,"href":"https:\/\/www.europesays.com\/de\/wp-json\/wp\/v2\/categories?post=1283960"},{"taxonomy":"post_tag","embeddable":true,"href":"https:\/\/www.europesays.com\/de\/wp-json\/wp\/v2\/tags?post=1283960"}],"curies":[{"name":"wp","href":"https:\/\/api.w.org\/{rel}","templated":true}]}}