{"id":1283980,"date":"2026-09-06T09:20:24","date_gmt":"2026-09-06T09:20:24","guid":{"rendered":"https:\/\/www.europesays.com\/de\/1283980\/"},"modified":"2026-09-06T09:20:24","modified_gmt":"2026-09-06T09:20:24","slug":"literatur-kunst-beim-baumgefluester-auf-der-oschatzer-strasse","status":"publish","type":"post","link":"https:\/\/www.europesays.com\/de\/1283980\/","title":{"rendered":"Literatur &#038; Kunst beim \u201eBaumgefl\u00fcster&#8220; auf der Oschatzer Stra\u00dfe"},"content":{"rendered":"\n<p>Ein Abend lang wird die Oschatzer Stra\u00dfe zur Leseb\u00fchne: Am 10. September \u00f6ffnen L\u00e4den, Galerien und Ateliers ihre T\u00fcren f\u00fcr Lyrik, Prosa und Kunst \u2013 und selbst die Stra\u00dfenb\u00e4ume bekommen ein paar Zeilen mit auf den Weg. <img fetchpriority=\"high\" decoding=\"async\" src=\"https:\/\/pieschen-aktuell.de\/wp-content\/uploads\/2026\/09\/2026-09-06-Baumbgefluester-Oschatzer-Strasse-jpg.avif\" alt=\"Die Oschatzer Stra\u00dfe verwandelt sich am Donnerstag in die Kunst- &amp; Literaturmeile &quot;Baumgefl\u00fcster&quot; - Foto: Archiv J. Frintert\" width=\"2252\" height=\"1267\" class=\"size-full wp-image-78477\"  \/>Die Oschatzer Stra\u00dfe verwandelt sich am Donnerstag in die Kunst- &amp; Literaturmeile \u201eBaumgefl\u00fcster\u201c \u2013 Foto: Archiv J. Frintert <\/p>\n<p>Wer am Donnerstagabend die Oschatzer Stra\u00dfe entlangschlendert, kommt am \u201eBaumgefl\u00fcster\u201c kaum vorbei. Von 17 bis 22 Uhr verwandeln mehrere Gesch\u00e4fte, Galerien und Kulturschaffende die Stra\u00dfe in einen Kulturparcours mit Lesungen, Ausstellungen und einer Vernissage. <\/p>\n<p>Los geht es um 17 Uhr am Trafoh\u00e4uschen auf dem Konkordienplatz. Anja Sch\u00f6tzau liest dort aus dem Kinderbuch \u201eDie Streith\u00f6rnchen\u201c \u2013 f\u00fcr Kinder gedacht, aber auch f\u00fcr Erwachsene zumutbar. Um 17.30 Uhr folgt die Dresdner Autorin Alexandra Gr\u00fcttner-Wilke mit Gedichten aus ihrem im Pieschener Verlag Text &amp; Dialog erschienenen Band \u201eJahresWandel MeeresStern\u201c.<\/p>\n<p><a class=\"gofollow\" data-track=\"MTI4LDEsNjA=\" href=\"https:\/\/www.vg-dresden.de\/news-details\/feiert-mit-regionalfest-2026\" target=\"_blank\" rel=\"noopener nofollow\"><img loading=\"lazy\" decoding=\"async\" src=\"https:\/\/www.europesays.com\/de\/wp-content\/uploads\/2026\/09\/2026-08-31-Anzeige-Regionalfest-Neustadt-Ticker.jpg\" alt=\"VG Biomarkt\" width=\"300\" height=\"250\"\/><\/a> <br \/> Stationen entlang der Stra\u00dfe <\/p>\n<p>Danach zerstreut sich das Publikum entlang der Oschatzer Stra\u00dfe. Im Kunstforum Radiolenk (Oschatzer Stra\u00dfe 14) ist die Ausstellung ge\u00f6ffnet, im Studio Naito (Oschatzer Stra\u00dfe 7) liest Val\u00e9rie Madoka Naito um 18 Uhr aus \u201eEin Held seiner Zeit. Die Bekenntnisse des Korn\u00e9l Esti\u201c. Bei Daniela Hecht (Oschatzer Stra\u00dfe 6) sind handgezeichnete Arbeiten zu sehen, die Galerie Hermann (Oschatzer Stra\u00dfe 4) l\u00e4dt um 19 Uhr zur Vernissage. <\/p>\n<p>In der Buchhandlung Buch mit Handlung (Oschatzer Stra\u00dfe 2) liest Yasmin Kalaydoskop um 18.30 und 19.30 Uhr aus ihrem Gedichtband \u201eGef\u00fchlsstark\u201c. Laut Veranstaltungsplakat soll dort um 20 Uhr noch eine weitere Lesung folgen. F\u00fcr Getr\u00e4nke unterwegs sorgt der Frankreichladen Savoir Vivre (Oschatzer Stra\u00dfe 18). <\/p>\n<p>Lyrikinseln in den B\u00e4umen <\/p>\n<p>Das Programm bleibt nicht hinter Ladent\u00fcren. An drei B\u00e4umen entlang der Stra\u00dfe entstehen kleine Lyrikinseln, gestaltet von einer K\u00fcnstlerin und einem K\u00fcnstler. Wer sich darunter niederl\u00e4sst, h\u00f6rt zwischen Stra\u00dfen- und Bl\u00e4tterrauschen Gedichte \u2013 eingesprochen von Menschen aus dem Viertel, Gewerbetreibenden ebenso wie Anwohnerinnen und Anwohnern. <\/p>\n<p>Initiatorin Antonia Rau hat der Veranstaltung ein Motto vorangestellt: \u201eB\u00e4ume sind Gedichte, die die Erde in den Himmel schreibt.\u201c Die Stationen lassen sich frei kombinieren, ein fester Ablauf ist nicht vorgesehen. <\/p>\n<p>Mit dem literarischen Auftakt auf dem Konkordienplatz reiht sich das \u201eBaumgefl\u00fcster\u201c in eine Reihe fr\u00fcherer Formate im Stadtteil ein, darunter \u201eLyrik unter freiem Himmel\u201c und die Adventslesungen auf dem Konkordienplatz. <\/p>\n<p>Termin <\/p>\n<p>Donnerstag, 10. September 2026, 17 bis 22 Uhr<br \/>Oschatzer Stra\u00dfe und Konkordienplatz, Dresden-Pieschen<br \/>Der Eintritt ist frei. <\/p>\n<p>Weitere Informationen und m\u00f6gliche Programm\u00e4nderungen gibt es bei <a href=\"http:\/\/www.buch-mit-handlung.de\/baumgefluester\/\" target=\"_blank\" rel=\"nofollow noopener\">Buch mit Handlung<\/a>. <img loading=\"lazy\" decoding=\"async\" src=\"https:\/\/pieschen-aktuell.de\/wp-content\/uploads\/2026\/09\/2026-09-06-Uebersicht-jpg.avif\" alt=\"\u00dcbersicht \u00fcber die Teilnehmer am Baumgefl\u00fcster.\" width=\"1200\" height=\"1182\" class=\"size-full wp-image-78478\"  \/>\u00dcbersicht \u00fcber die Teilnehmer am Baumgefl\u00fcster. <\/p>\n","protected":false},"excerpt":{"rendered":"Ein Abend lang wird die Oschatzer Stra\u00dfe zur Leseb\u00fchne: Am 10. September \u00f6ffnen L\u00e4den, Galerien und Ateliers ihre&hellip;\n","protected":false},"author":2,"featured_media":1283981,"comment_status":"","ping_status":"","sticky":false,"template":"","format":"standard","meta":{"footnotes":"","_share_on_mastodon":"0"},"categories":[1835],"tags":[264816,3364,29,2386,30,264817,37752,859],"class_list":["post-1283980","post","type-post","status-publish","format-standard","has-post-thumbnail","category-dresden","tag-baumefluester","tag-de","tag-deutschland","tag-dresden","tag-germany","tag-oschatzer-strasse","tag-pieschen","tag-sachsen"],"share_on_mastodon":{"url":"https:\/\/pubeurope.com\/@de\/117223360581800070","error":""},"_links":{"self":[{"href":"https:\/\/www.europesays.com\/de\/wp-json\/wp\/v2\/posts\/1283980","targetHints":{"allow":["GET"]}}],"collection":[{"href":"https:\/\/www.europesays.com\/de\/wp-json\/wp\/v2\/posts"}],"about":[{"href":"https:\/\/www.europesays.com\/de\/wp-json\/wp\/v2\/types\/post"}],"author":[{"embeddable":true,"href":"https:\/\/www.europesays.com\/de\/wp-json\/wp\/v2\/users\/2"}],"replies":[{"embeddable":true,"href":"https:\/\/www.europesays.com\/de\/wp-json\/wp\/v2\/comments?post=1283980"}],"version-history":[{"count":0,"href":"https:\/\/www.europesays.com\/de\/wp-json\/wp\/v2\/posts\/1283980\/revisions"}],"wp:featuredmedia":[{"embeddable":true,"href":"https:\/\/www.europesays.com\/de\/wp-json\/wp\/v2\/media\/1283981"}],"wp:attachment":[{"href":"https:\/\/www.europesays.com\/de\/wp-json\/wp\/v2\/media?parent=1283980"}],"wp:term":[{"taxonomy":"category","embeddable":true,"href":"https:\/\/www.europesays.com\/de\/wp-json\/wp\/v2\/categories?post=1283980"},{"taxonomy":"post_tag","embeddable":true,"href":"https:\/\/www.europesays.com\/de\/wp-json\/wp\/v2\/tags?post=1283980"}],"curies":[{"name":"wp","href":"https:\/\/api.w.org\/{rel}","templated":true}]}}