{"id":1283991,"date":"2026-09-06T09:28:17","date_gmt":"2026-09-06T09:28:17","guid":{"rendered":"https:\/\/www.europesays.com\/de\/1283991\/"},"modified":"2026-09-06T09:28:17","modified_gmt":"2026-09-06T09:28:17","slug":"monatelang-baustelle-auf-der-kampstrasse-darauf-muessen-sich-dortmunder-einstellen-2","status":"publish","type":"post","link":"https:\/\/www.europesays.com\/de\/1283991\/","title":{"rendered":"Monatelang Baustelle auf der Kampstra\u00dfe: Darauf m\u00fcssen sich Dortmunder einstellen"},"content":{"rendered":"<ol class=\"id-DonaldBreadcrumb lp_west_breadcrumb id-DonaldBreadcrumb--default\" data-k5a-pos=\"west_breadcrumb\">\n<li class=\"id-Breadcrumb-item\"><a href=\"https:\/\/www.ruhr24.de\/\" class=\"id-Breadcrumb-link\" data-id-ec=\"{\" shn=\"\" textlink=\"\" data-k5a-pos=\"1_ruhr24\" rel=\"nofollow noopener\" target=\"_blank\">ruhr24<\/a><\/li>\n<li class=\"id-Breadcrumb-item\"><a href=\"https:\/\/www.ruhr24.de\/dortmund\/\" class=\"id-Breadcrumb-link\" data-id-ec=\"{\" shn=\"\" textlink=\"\" data-k5a-pos=\"2_dortmund\" rel=\"nofollow noopener\" target=\"_blank\">Dortmund<\/a><\/li>\n<\/ol>\n<p class=\"id-Story-timestamp id-Story-timestamp--default\">Stand: 06.09.2026, 10:53 Uhr<\/p>\n<p class=\"id-Story-authors id-Story-authors--default\">Von: <a class=\"id-Story-authors-link lp_west_author\" href=\"https:\/\/www.ruhr24.de\/autor\/sven-schneider-zdt0jd3qc.html\" title=\"Zur Autorenseite von Sven Schneider\" data-id-ec=\"{\" shn=\"\" author-link=\"\" schneider=\"\" data-k5a-pos=\"west_author\" rel=\"nofollow noopener\" target=\"_blank\">Sven Schneider<\/a><\/p>\n<p class=\"id-Story-interactionBar id-Story-interactionBar--default\">DruckenTeilen<\/p>\n<p><a href=\"https:\/\/profile.google.com\/cp\/Cg0vZy8xMWxka2hqNmI1GgA\" class=\"id-Story-googleFollowButton id-Story-googleFollowButton--default\" target=\"_blank\" data-id-ec=\"{\" shn=\"\" google-follow=\"\" auf=\"\" google=\"\" folgen=\"\" rel=\"nofollow noopener\">Uns auf Google folgen<\/a><img decoding=\"async\" class=\"id-RatioPlaceholder-element wv_story_el_image\" src=\"https:\/\/www.europesays.com\/de\/wp-content\/uploads\/2026\/08\/43835133-dortmunder-innenstadt-am-morgen-mit-der-reinoldikirche-im-hintergrund-3d7a.jpg\" loading=\"eager\" fetchpriority=\"high\"   height=\"792\" width=\"1408\" alt=\"Dortmunder Innenstadt am Morgen mit der Reinoldikirche im Hintergrund.\"\/>Die Kampstra\u00dfe in Dortmund wird aufgerissen. Die L\u00f6cher sollen 4 Meter tief werden. \u00a9\u00a0Olaf D\u0161ring\/Imago<\/p>\n<p class=\"id-StoryElement-leadText\">Ab 7. September startet auf der Kampstra\u00dfe in Dortmund eine neunmonatige Kanalbaustelle. Eine Parkhauszufahrt bei P&amp;C wird zeitweise gesperrt.<\/p>\n<p class=\"id-StoryElement-paragraph\">Dortmund \u2013 Wer ab September mit dem Auto in <a href=\"https:\/\/www.ruhr24.de\/dortmund\/nrw-dortmund-stadt-bvb-zoo-wetter-city-politik-sehenswuerdigkeiten-flughafen-hbf-postleitzahl-90356524.html\" class=\"id-import-Link\" data-id-ec=\"{&quot;sht&quot;:&quot;Container&quot;,&quot;shn&quot;:&quot;Story&quot;,&quot;p&quot;:{&quot;containerType&quot;:&quot;Paragraph&quot;,&quot;displayType&quot;:&quot;Paragraph InlineLink&quot;,&quot;type&quot;:&quot;INLINE_LINK&quot;,&quot;value&quot;:&quot;Dortmunds&quot;,&quot;variant&quot;:&quot;standardLink&quot;,&quot;sponsored&quot;:false,&quot;linkHref&quot;:&quot;https:\/\/www.ruhr24.de\/dortmund\/nrw-dortmund-stadt-bvb-zoo-wetter-city-politik-sehenswuerdigkeiten-flughafen-hbf-postleitzahl-90356524.html&quot;,&quot;storyElementPosition&quot;:9,&quot;storyElementCount&quot;:24}}\" rel=\"nofollow noopener\" target=\"_blank\">Dortmunds<\/a> Innenstadt f\u00e4hrt, sollte die Kampstra\u00dfe im Blick behalten: Dort startet eine monatelange Kanalbaustelle. Eine Parkhauszufahrt nahe P&amp;C wird zeitweise gesperrt \u2013 Fu\u00dfg\u00e4nger und Radfahrer sollen dagegen weiter durchkommen.<\/p>\n<p>Ab 7. September wird\u2018s in Dortmunds City eng \u2013 Baustelle wandert 9 Monate lang<\/p>\n<p class=\"id-StoryElement-paragraph\">Die Baustelleneinrichtung beginnt am Montag (7. September). Ab dem 14. September startet die Stadtentw\u00e4sserung mit der Erneuerung eines alten Abwasserkanals. Die <a href=\"https:\/\/www.ruhr24.de\/dortmund\/vollsperrung-mai-dortmund-baustelle-kreuzviertel-umleitung-autofahrer-verkehr-innenstadt-94289944.html\" class=\"id-import-Link\" data-id-ec=\"{&quot;sht&quot;:&quot;Container&quot;,&quot;shn&quot;:&quot;Story&quot;,&quot;p&quot;:{&quot;containerType&quot;:&quot;Paragraph&quot;,&quot;displayType&quot;:&quot;Paragraph InlineLink&quot;,&quot;type&quot;:&quot;INLINE_LINK&quot;,&quot;value&quot;:&quot;Arbeiten ziehen sich als Wanderbaustelle&quot;,&quot;variant&quot;:&quot;standardLink&quot;,&quot;sponsored&quot;:false,&quot;linkHref&quot;:&quot;https:\/\/www.ruhr24.de\/dortmund\/vollsperrung-mai-dortmund-baustelle-kreuzviertel-umleitung-autofahrer-verkehr-innenstadt-94289944.html&quot;,&quot;storyElementPosition&quot;:12,&quot;storyElementCount&quot;:24}}\" rel=\"nofollow noopener\" target=\"_blank\">Arbeiten ziehen sich als Wanderbaustelle<\/a> von der Br\u00fcckstra\u00dfe am Platz von Leeds bis zum Westfalenforum.<\/p>\n<p class=\"id-StoryElement-paragraph\">Eine Vollsperrung der Kampstra\u00dfe hat die Stadt bislang nicht angek\u00fcndigt. Die einzelnen Baugruben sollen h\u00f6chstens 20 Meter lang sein. So sollen Rettungsfahrzeuge weiter passieren k\u00f6nnen und Einschr\u00e4nkungen auf der Kampstra\u00dfe m\u00f6glichst gering bleiben (hier alle <a href=\"https:\/\/www.ruhr24.de\/dortmund\/verkehr-dortmund-hbf-stau-a40-b1-sti1524816\/\" target=\"_blank\" class=\"id-import-Link\" data-id-ec=\"{&quot;sht&quot;:&quot;Container&quot;,&quot;shn&quot;:&quot;Story&quot;,&quot;p&quot;:{&quot;containerType&quot;:&quot;Paragraph&quot;,&quot;displayType&quot;:&quot;Paragraph InlineLink&quot;,&quot;type&quot;:&quot;INLINE_LINK&quot;,&quot;value&quot;:&quot;News zum Verkehr in Dortmund&quot;,&quot;variant&quot;:&quot;standardLink&quot;,&quot;sponsored&quot;:false,&quot;linkHref&quot;:&quot;https:\/\/www.ruhr24.de\/dortmund\/verkehr-dortmund-hbf-stau-a40-b1-sti1524816\/&quot;,&quot;storyElementPosition&quot;:14,&quot;storyElementCount&quot;:24}}\" rel=\"nofollow noopener\">News zum Verkehr in Dortmund<\/a> bei RUHR24 lesen).<\/p>\n<p>130 Jahre alter Kanal: Deshalb wird die Kampstra\u00dfe in Dortmund ab September aufgerissen<\/p>\n<p class=\"id-StoryElement-paragraph\">Die Stadtentw\u00e4sserung erneuert den Kanal, weil das alte Bauwerk seine Lebensdauer erreicht hat. Der n\u00f6rdliche Strang stammt aus dem Jahr 1892, der s\u00fcdliche Kanal, an dem die Arbeiten nun beginnen, wurde in den 1950er-Jahren gebaut. Die Baugruben werden nach Angaben der Stadt bis zu vier Meter tief.<\/p>\n<p>Mehr Dortmund-Themen auf RUHR24:<\/p>\n<p class=\"id-StoryElement-factBox-paragraph\"><a href=\"https:\/\/www.ruhr24.de\/dortmund\/dortmund-geheim-schnaeppchenparadies-markt-nordmarkt-zeiten-obst-gemuese-multikulti-sparen-94461246.html\" class=\"id-import-Link\" data-id-ec=\"{&quot;sht&quot;:&quot;Container&quot;,&quot;shn&quot;:&quot;Story&quot;,&quot;p&quot;:{&quot;containerType&quot;:&quot;FactBox&quot;,&quot;displayType&quot;:&quot;FactBox InlineLink&quot;,&quot;type&quot;:&quot;INLINE_LINK&quot;,&quot;value&quot;:&quot;Oft untersch&#xE4;tzt: Marktklassiker in Dortmund ist ein geheimes Schn&#xE4;ppchenparadies&quot;,&quot;variant&quot;:&quot;standardLink&quot;,&quot;sponsored&quot;:false,&quot;linkHref&quot;:&quot;https:\/\/www.ruhr24.de\/dortmund\/dortmund-geheim-schnaeppchenparadies-markt-nordmarkt-zeiten-obst-gemuese-multikulti-sparen-94461246.html&quot;,&quot;storyElementPosition&quot;:17,&quot;storyElementCount&quot;:24}}\" rel=\"nofollow noopener\" target=\"_blank\">Oft untersch\u00e4tzt: Marktklassiker in Dortmund ist ein geheimes Schn\u00e4ppchenparadies<\/a><\/p>\n<p class=\"id-StoryElement-factBox-paragraph\"><a href=\"https:\/\/www.ruhr24.de\/dortmund\/siedlung-dortmund-widum-fachwerk-dorf-wiedenhof-mengede-radweg-geheimtipp-traeumen-heimatverein-94439289.html\" class=\"id-import-Link\" data-id-ec=\"{&quot;sht&quot;:&quot;Container&quot;,&quot;shn&quot;:&quot;Story&quot;,&quot;p&quot;:{&quot;containerType&quot;:&quot;FactBox&quot;,&quot;displayType&quot;:&quot;FactBox InlineLink&quot;,&quot;type&quot;:&quot;INLINE_LINK&quot;,&quot;value&quot;:&quot;Geheimtipp: Fachwerk-Siedlung in Dortmund ist ein wahres Kleinod&quot;,&quot;variant&quot;:&quot;standardLink&quot;,&quot;sponsored&quot;:false,&quot;linkHref&quot;:&quot;https:\/\/www.ruhr24.de\/dortmund\/siedlung-dortmund-widum-fachwerk-dorf-wiedenhof-mengede-radweg-geheimtipp-traeumen-heimatverein-94439289.html&quot;,&quot;storyElementPosition&quot;:17,&quot;storyElementCount&quot;:24}}\" rel=\"nofollow noopener\" target=\"_blank\">Geheimtipp: Fachwerk-Siedlung in Dortmund ist ein wahres Kleinod<\/a><\/p>\n<p class=\"id-StoryElement-paragraph\">Nach dem Kanalbau soll die Asphaltdeckschicht auf ganzer Breite erneuert werden. Auf der S\u00fcdseite entfernt das Unternehmen au\u00dferdem teils noch vorhandene gro\u00dfe Betonplatten. Die Arbeiten sollen zugleich den sp\u00e4ter geplanten Umbau der Kampstra\u00dfe erleichtern.<\/p>\n<p>Fahren Sie zum P&amp;C in Dortmund? Ab 7. September \u00e4ndert sich die Parkplatzsuche<\/p>\n<p class=\"id-StoryElement-paragraph\">Die wichtigste Einschr\u00e4nkung f\u00fcr City-Besucher betrifft die Zufahrt zu einer Parkgarage westlich des Modehauses P&amp;C. Sie muss w\u00e4hrend einzelner Bauphasen zeitweise geschlossen werden. Konkrete Termine oder eine Dauer f\u00fcr diese Sperrung nannte die Stadt zun\u00e4chst nicht.<\/p>\n<p class=\"id-StoryElement-paragraph\">Der Zugang zur Kr\u00fcger-Passage bleibt nach Angaben der Stadt w\u00e4hrend der gesamten Bauphase offen. F\u00fcr Gewerbetreibende an der Kampstra\u00dfe sollen individuelle L\u00f6sungen f\u00fcr den Anlieferverkehr gefunden werden. Anwohnerinnen und Anwohner werden zus\u00e4tzlich per Infoflyer informiert.<\/p>\n<p class=\"id-StoryElement-paragraph\">Die Arbeiten sollen f\u00fcr die Weihnachtsstadt in der Dortmunder Innenstadt voraussichtlich von November bis Januar ruhen.<\/p>\n","protected":false},"excerpt":{"rendered":"ruhr24 Dortmund Stand: 06.09.2026, 10:53 Uhr Von: Sven Schneider DruckenTeilen Uns auf Google folgenDie Kampstra\u00dfe in Dortmund wird&hellip;\n","protected":false},"author":2,"featured_media":1260715,"comment_status":"","ping_status":"","sticky":false,"template":"","format":"standard","meta":{"footnotes":"","_share_on_mastodon":"0"},"categories":[1833],"tags":[3364,29,217,30,1209],"class_list":["post-1283991","post","type-post","status-publish","format-standard","has-post-thumbnail","category-dortmund","tag-de","tag-deutschland","tag-dortmund","tag-germany","tag-nordrhein-westfalen"],"share_on_mastodon":{"url":"https:\/\/pubeurope.com\/@de\/117223391512392877","error":""},"_links":{"self":[{"href":"https:\/\/www.europesays.com\/de\/wp-json\/wp\/v2\/posts\/1283991","targetHints":{"allow":["GET"]}}],"collection":[{"href":"https:\/\/www.europesays.com\/de\/wp-json\/wp\/v2\/posts"}],"about":[{"href":"https:\/\/www.europesays.com\/de\/wp-json\/wp\/v2\/types\/post"}],"author":[{"embeddable":true,"href":"https:\/\/www.europesays.com\/de\/wp-json\/wp\/v2\/users\/2"}],"replies":[{"embeddable":true,"href":"https:\/\/www.europesays.com\/de\/wp-json\/wp\/v2\/comments?post=1283991"}],"version-history":[{"count":0,"href":"https:\/\/www.europesays.com\/de\/wp-json\/wp\/v2\/posts\/1283991\/revisions"}],"wp:featuredmedia":[{"embeddable":true,"href":"https:\/\/www.europesays.com\/de\/wp-json\/wp\/v2\/media\/1260715"}],"wp:attachment":[{"href":"https:\/\/www.europesays.com\/de\/wp-json\/wp\/v2\/media?parent=1283991"}],"wp:term":[{"taxonomy":"category","embeddable":true,"href":"https:\/\/www.europesays.com\/de\/wp-json\/wp\/v2\/categories?post=1283991"},{"taxonomy":"post_tag","embeddable":true,"href":"https:\/\/www.europesays.com\/de\/wp-json\/wp\/v2\/tags?post=1283991"}],"curies":[{"name":"wp","href":"https:\/\/api.w.org\/{rel}","templated":true}]}}