{"id":1283992,"date":"2026-09-06T09:29:13","date_gmt":"2026-09-06T09:29:13","guid":{"rendered":"https:\/\/www.europesays.com\/de\/1283992\/"},"modified":"2026-09-06T09:29:13","modified_gmt":"2026-09-06T09:29:13","slug":"pol-do-polizistin-stoppt-falschfahrer-auf-der-b-236","status":"publish","type":"post","link":"https:\/\/www.europesays.com\/de\/1283992\/","title":{"rendered":"POL-DO: Polizistin stoppt Falschfahrer auf der B 236"},"content":{"rendered":"<p class=\"date\">06.09.2026 \u2013 11:24<\/p>\n<p class=\"customer\">\n                        <a class=\"story-customer\" title=\"weiter zum newsroom von Polizei Dortmund\" href=\"https:\/\/www.presseportal.de\/blaulicht\/nr\/4971\" rel=\"nofollow noopener\" target=\"_blank\">Polizei Dortmund<\/a>\n                    <\/p>\n<p><a data-category=\"citylink-story-view\" data-action=\"click\" data-label=\"Citylink in Meldungsansicht\" class=\"story-city event-trigger\" href=\"https:\/\/www.presseportal.de\/regional\/Dortmund\" title=\"News aus Dortmund \" rel=\"nofollow noopener\" target=\"_blank\">Dortmund<\/a> (ots)<\/p>\n<p>Lfd. Nr.: 0741<\/p>\n<p>Am Samstagabend (5. September) gingen \u00fcber 20 Notrufe bei der Leitstelle der Polizei Dortmund ein. Auf der B 236 im Tunnel Wambel sei ein Falschfahrer unterwegs.<\/p>\n<p>Um 18:27 Uhr gingen die ersten Meldungen ein, dass ein Opel Corsa den Tunnel Wambel auf der Richtungsfahrbahn Schwerte befahre, allerdings entgegen der Fahrtrichtung (FR L\u00fcnen).<br \/>\nMehrfach kam es fest zu einem Unfall mit anderen Verkehrsteilnehmern gekommen, welche nur durch schnelles Ausweichen verhindert werden konnten.<\/p>\n<p>Gegen 18:30 Uhr kam dem Falschfahrer, einem 86-j\u00e4hrigem Dortmunder, zuf\u00e4llig eine Polizeibeamtin des PP Dortmund entgegen. Sie versperrte dem bereits langsam fahrenden Mann mit ihrem privaten Pkw den Weg, sodass eine Weiterfahrt nicht mehr m\u00f6glich war.<br \/>\nZeitgleich bemerkte der Fahrer eines Abschleppdienstes die Situation und stellte seinen LKW quer \u00fcber beide Fahrstreifen, um die gesamte Fahrbahn zu sperren.<\/p>\n<p>Nur wenige Augenblicke sp\u00e4ter traf ein Streifenteam der Polizei Dortmund ein und \u00fcbernahm die Bearbeitung des Sachverhaltes.<br \/>\nDie Beamten stellten den F\u00fchrerschein des Fahrers sicher und brachten ihn samt seinem Fahrzeug zu Angeh\u00f6rigen.<\/p>\n<p>Bei der Falschfahrt entstand weder Personen noch Sachschaden. F\u00fcr die Dauer des Einsatzes war die Richtungsfahrbahn Schwerte bis 18:50 Uhr gesperrt.<\/p>\n<p>Den 86-J\u00e4hrigen erwartet eine Strafanzeige wegen Gef\u00e4hrdung des Stra\u00dfenverkehrs.<\/p>\n<p class=\"contact-headline\">Journalisten wenden sich mit R\u00fcckfragen bitte an:<\/p>\n<p class=\"contact-text\">Polizei Dortmund<br \/>Steffen Korthoff<br \/>Telefon: 0231-132-1035<br \/>E-Mail: <a href=\"https:\/\/www.presseportal.de\/blaulicht\/pm\/4971\/mailto:poea.dortmund@polizei.nrw.de\" class=\"uri-mailto\" rel=\"nofollow noopener\" target=\"_blank\">poea.dortmund@polizei.nrw.de<\/a><br \/><a target=\"_blank\" class=\"uri-ext outbound\" rel=\"noopener nofollow\" href=\"https:\/\/dortmund.polizei.nrw\/\">https:\/\/dortmund.polizei.nrw\/<\/a><\/p>\n<p class=\"originator\">Original-Content von: Polizei Dortmund, \u00fcbermittelt durch news aktuell<\/p>\n","protected":false},"excerpt":{"rendered":"06.09.2026 \u2013 11:24 Polizei Dortmund Dortmund (ots) Lfd. Nr.: 0741 Am Samstagabend (5. September) gingen \u00fcber 20 Notrufe&hellip;\n","protected":false},"author":2,"featured_media":1266941,"comment_status":"","ping_status":"","sticky":false,"template":"","format":"standard","meta":{"footnotes":"","_share_on_mastodon":"0"},"categories":[1833],"tags":[3364,29,217,30,177,1209,176,121,178,180,179,181],"class_list":["post-1283992","post","type-post","status-publish","format-standard","has-post-thumbnail","category-dortmund","tag-de","tag-deutschland","tag-dortmund","tag-germany","tag-kriminalitt","tag-nordrhein-westfalen","tag-nrw","tag-polizei","tag-presse","tag-pressemeldung","tag-pressemitteilung","tag-pressemitteilungen"],"share_on_mastodon":{"url":"https:\/\/pubeurope.com\/@de\/117223395568545897","error":""},"_links":{"self":[{"href":"https:\/\/www.europesays.com\/de\/wp-json\/wp\/v2\/posts\/1283992","targetHints":{"allow":["GET"]}}],"collection":[{"href":"https:\/\/www.europesays.com\/de\/wp-json\/wp\/v2\/posts"}],"about":[{"href":"https:\/\/www.europesays.com\/de\/wp-json\/wp\/v2\/types\/post"}],"author":[{"embeddable":true,"href":"https:\/\/www.europesays.com\/de\/wp-json\/wp\/v2\/users\/2"}],"replies":[{"embeddable":true,"href":"https:\/\/www.europesays.com\/de\/wp-json\/wp\/v2\/comments?post=1283992"}],"version-history":[{"count":0,"href":"https:\/\/www.europesays.com\/de\/wp-json\/wp\/v2\/posts\/1283992\/revisions"}],"wp:featuredmedia":[{"embeddable":true,"href":"https:\/\/www.europesays.com\/de\/wp-json\/wp\/v2\/media\/1266941"}],"wp:attachment":[{"href":"https:\/\/www.europesays.com\/de\/wp-json\/wp\/v2\/media?parent=1283992"}],"wp:term":[{"taxonomy":"category","embeddable":true,"href":"https:\/\/www.europesays.com\/de\/wp-json\/wp\/v2\/categories?post=1283992"},{"taxonomy":"post_tag","embeddable":true,"href":"https:\/\/www.europesays.com\/de\/wp-json\/wp\/v2\/tags?post=1283992"}],"curies":[{"name":"wp","href":"https:\/\/api.w.org\/{rel}","templated":true}]}}